{"id":625,"date":"2013-05-30T20:27:35","date_gmt":"2013-05-31T01:27:35","guid":{"rendered":"http:\/\/catolicasmexico.com\/blog\/?p=625"},"modified":"2013-05-31T19:10:46","modified_gmt":"2013-06-01T00:10:46","slug":"hora-mundial-de-adoracion-eucaristica","status":"publish","type":"post","link":"https:\/\/catolicasmexico.com\/blog\/hora-mundial-de-adoracion-eucaristica\/","title":{"rendered":"Hora Mundial de Adoraci\u00f3n Eucaristica."},"content":{"rendered":"<p><a href=\"http:\/\/catolicasmexico.com\/blog\/wp-content\/uploads\/2013\/05\/20130530-2124071.jpg\"><img src=\"http:\/\/catolicasmexico.com\/blog\/wp-content\/uploads\/2013\/05\/20130530-2124071.jpg\" alt=\"20130530-212407.jpg\" class=\"alignnone size-full\"  \/> <\/a><\/p>\n<p>Traducci\u00f3n y redacci\u00f3n libre www.catolicasmexico.com<br \/>\nFuente de Informaci\u00f3n del sitio : http:\/\/concatedralalicante.com\/<\/p>\n<p>Hora mundial de adoraci\u00f3n Eucar\u00edstica,  (10 a.m. a 11 a.m hora del centro de M\u00e9xico)<br \/>\nEl papa Francisco, con motivo del A\u00f1o de la Fe, ha convocado a toda la Iglesia a un gesto \u00fanico e hist\u00f3rico:la tarde del domingo 2 de junio, d\u00eda en que la mayor parte de la Iglesia Cat\u00f3lica celebra la solemnidad del Corpus Christi, y a la misma hora, todos los cat\u00f3licos del mundo se unan en un gesto un\u00e1nime de comuni\u00f3n con el Se\u00f1or y con toda la Iglesia extendida por toda la tierra, en una hora de adoraci\u00f3n al Sant\u00edsimo Sacramento.<\/p>\n<p>Siguiendo las indicaciones del Santo Padre y como gesto de comuni\u00f3n, el domingo 2 de junio a las cinco de la tarde en la Concatedral se celebrar\u00e1 la adoraci\u00f3n al Sant\u00edsimo Sacramento.<\/p>\n<p>Con las siguientes intenciones de Nuestro Santo Padre.<\/p>\n<p>1. Por la iglesia cat\u00f3lica, para que sea obediente a la palabra de Dios y que por medio de esta palabra y de de la fidelidad a la misma, pueda resonar  como presagio de misericordia y provocar una renovaci\u00f3n de compromiso, en donde el amor da sentido al dolor, al sufrimiento y da alegr\u00eda y serenidad a la vida.<\/p>\n<p>2. Por todos aquellos que sufren en el mundo, v\u00edctimas del esclavismo, de la guerra y del comercio de personas, del narcotr\u00e1fico y del trabajo forzado, por los ni\u00f1os y las mujeres v\u00edctimas de violencia, a fin de que su grito silencioso sea escuchado por la iglesia y que permanezcan confiados en Jesucristo crucificado, por que no nos olvidemos de nuestros hermanos y hermanas v\u00edctimas de la violencia. Por los que viven en la precariedad material, especialmente por los desempleados, los ancianos, los inmigrantes, los indigentes, los prisioneros y toda dla gente marginada. Que la oraci\u00f3n y la solidaridad de la Iglesia, los sostenga en la esperanza, les de fuerza y defienda la dignidad de la persona.<\/p>\n<p>La hora ser\u00e1 desde las cinco a las seis de la tarde, hora de Roma, y se har\u00e1 simult\u00e1neamente en todas las catedrales del mundo y aquellas iglesias que lo deseen.<\/p>\n<p>Esperamos que la participaci\u00f3n sea numerosa, pues la adoraci\u00f3n Eucar\u00edstica, tiene un valor infinito, una hora de adoraci\u00f3n es como perfume pur\u00edsimo que le ofrecemos a Jesus. Paulo VI escribi\u00f3 en \u00abMysterium  Fidei\u00bb&#8230;Es  para nosotros un dulce deber, honorar y adorar la Santa hostia, que nuestros ojos pueden ver, al Verbo encarnado que no podemos ver,  Este, sin dejar el cielo se hace presente delante de nosotros\u00bb. La escritura dice \u00abdigno es el Cordero inmolado, de recibir toda gloria, todo honor y toda alabanza\u00bb \u00bb porque, todo lo hizo por nuestra salvaci\u00f3n..\u00bb \u00bb del trono del Cordero brota un r\u00edo vivo que cura a las naciones (Ap 5,12;  7,15; 5,9; 22,1-2)<\/p>\n<p>\u00a1Viva El Coraz\u00f3n amad\u00edsimo  de Jesus Sacramentado, que en arde sin cesar por el amor de los hombres!<\/p>\n<p><a href=\"http:\/\/catolicasmexico.com\/blog\/wp-content\/uploads\/2013\/05\/20130530-212848.jpg\"><img src=\"http:\/\/catolicasmexico.com\/blog\/wp-content\/uploads\/2013\/05\/20130530-212848.jpg\" alt=\"20130530-212848.jpg\" class=\"alignnone size-full\"  \/> <\/a><\/p>\n","protected":false},"excerpt":{"rendered":"<p>Traducci\u00f3n y redacci\u00f3n libre www.catolicasmexico.com Fuente de Informaci\u00f3n del sitio : http:\/\/concatedralalicante.com\/ Hora mundial de adoraci\u00f3n Eucar\u00edstica, (10 a.m. a 11 a.m hora del centro de M\u00e9xico) El papa Francisco, con motivo del A\u00f1o de la Fe, ha convocado a toda la Iglesia a un gesto \u00fanico e hist\u00f3rico:la tarde del domingo 2 de junio, [&hellip;]<\/p>\n","protected":false},"author":2,"featured_media":623,"comment_status":"open","ping_status":"open","sticky":false,"template":"","format":"standard","meta":{"spay_email":"","jetpack_publicize_message":"","jetpack_is_tweetstorm":false},"categories":[25],"tags":[65,64,66],"aioseo_notices":[],"jetpack_featured_media_url":"https:\/\/catolicasmexico.com\/blog\/wp-content\/uploads\/2013\/05\/20130530-2124071.jpg","jetpack_publicize_connections":[],"jetpack_shortlink":"https:\/\/wp.me\/p3B5XH-a5","jetpack-related-posts":[{"id":2743,"url":"https:\/\/catolicasmexico.com\/blog\/24-horas-para-el-senor-iglesias-abiertas-para-la-confesion-en-todo-el-mundo\/","url_meta":{"origin":625,"position":0},"title":"24 horas para el Se\u00f1or: Iglesias abiertas para la confesi\u00f3n en todo el mundo","date":"19 marzo 2014","format":false,"excerpt":"Foto ReinaCani_(CC-BY-NC-ND-2.0) VATICANO, 18 Mar. 14 \/ 10:36 am (ACI).- Iglesias de diversas di\u00f3cesis del mundo abiertas durante 24 horas con la presencia de sacerdotes para que los fieles puedan confesarse: Esa es la propuesta \"24 horas para el Se\u00f1or\" que ha lanzado el Consejo Pontificio para la Promoci\u00f3n de\u2026","rel":"","context":"En \u00abFe\u00bb","img":{"alt_text":"","src":"https:\/\/i2.wp.com\/catolicasmexico.com\/blog\/wp-content\/uploads\/2014\/03\/20140319-114909.jpg?resize=350%2C200&ssl=1","width":350,"height":200},"classes":[]},{"id":402,"url":"https:\/\/catolicasmexico.com\/blog\/el-vaticano-ofrecera-conferencia-mundial-provida-y-misa-papal\/","url_meta":{"origin":625,"position":1},"title":"El Vaticano ofrecer\u00e1 conferencia mundial provida y misa papal","date":"20 mayo 2013","format":false,"excerpt":"Por Austin Ruse ROMA, 17 de mayo (C-FAM) Los provida contuvieron el aliento el d\u00eda en el que el mundo recibi\u00f3 al nuevo Papa. No cuestionaban sus credenciales a favor de la vida, pero se preguntaban si su discurso ser\u00eda en\u00e9rgico. Pronto surgi\u00f3 una vieja cita y las inquietudes se\u2026","rel":"","context":"En \u00abAborto\u00bb","img":{"alt_text":"","src":"https:\/\/i2.wp.com\/catolicasmexico.com\/blog\/wp-content\/uploads\/2013\/05\/image-30.jpeg?resize=350%2C200&ssl=1","width":350,"height":200},"classes":[]},{"id":2364,"url":"https:\/\/catolicasmexico.com\/blog\/convocan-a-vigilia-de-adoracion-y-reparacion-por-un-ecuador-libre-de-aborto\/","url_meta":{"origin":625,"position":2},"title":"Convocan a Vigilia de adoraci\u00f3n y reparaci\u00f3n por un Ecuador libre de aborto","date":"13 enero 2014","format":false,"excerpt":"Imagen referencial. Foto: Raphael Lopes Bernardino (CC BY-NC-SA 2.0) Noticia de ACI PRENSA, Si vives en Ecuador participa, sino por favor, no te olvides de rezar por este pa\u00eds. Dios los bendiga. GUAYAQUIL, 12 Ene. 14 \/ 07:28 pm (ACI\/EWTN Noticias).- Una vigilia masiva de adoraci\u00f3n y reparaci\u00f3n con el\u2026","rel":"","context":"En \u00abAborto\u00bb","img":{"alt_text":"","src":"https:\/\/i2.wp.com\/catolicasmexico.com\/blog\/wp-content\/uploads\/2014\/01\/20140113-144822.jpg?resize=350%2C200&ssl=1","width":350,"height":200},"classes":[]},{"id":1434,"url":"https:\/\/catolicasmexico.com\/blog\/lo-que-al-parecer-es-un-milagro-en-jardines-de-la-paz-guadalajara-mexico\/","url_meta":{"origin":625,"position":3},"title":"Lo que al parecer es un \"Milagro Eucar\u00edstico\"en Jardines de la Paz, Guadalajara. M\u00e9xico.","date":"26 julio 2013","format":false,"excerpt":"Comentario de www.catolicasmexico.com El hecho se produjo, apenas el d\u00eda de ayer, tendremos que esperar, una vez que se comiencen los estudios un tiempo para conocer el resultados de los mismos. Sin embargo, nosotros como cat\u00f3licos estamos seguros de la presencia de Nuestro Se\u00f1or Jesucristo en la Santa Eucarist\u00eda. He\u2026","rel":"","context":"En \u00abFe\u00bb","img":{"alt_text":"","src":"https:\/\/i0.wp.com\/catolicasmexico.com\/blog\/wp-content\/uploads\/2013\/07\/20130726-142344.jpg?resize=350%2C200&ssl=1","width":350,"height":200},"classes":[]},{"id":1992,"url":"https:\/\/catolicasmexico.com\/blog\/el-milagro-eucaristico-de-avignon\/","url_meta":{"origin":625,"position":4},"title":"El milagro eucar\u00edstico de Avign\u00f3n","date":"4 noviembre 2013","format":false,"excerpt":"Las aguas se abrieron para proteger al Se\u00f1or. La ciudad de Avignon en el sur de Francia, est\u00e1 ubicada en la margen izquierda del r\u00edo R\u00f3dano, a unos 650 km. al sureste de Par\u00eds. Durante varios a\u00f1os esta ciudad fue la sede de los papas de la Iglesia Cat\u00f3lica. Pero\u2026","rel":"","context":"En \u00abFe\u00bb","img":{"alt_text":"","src":"https:\/\/i2.wp.com\/catolicasmexico.com\/blog\/wp-content\/uploads\/2015\/07\/capilla-de-la-santa-cruz-milagro-de-avignon.jpg?resize=350%2C200&ssl=1","width":350,"height":200},"classes":[]},{"id":3155,"url":"https:\/\/catolicasmexico.com\/blog\/1-de-julio-hoy-celebramos-la-preciosisima-sangre-de-nuestro-senor-jesucristo\/","url_meta":{"origin":625,"position":5},"title":"1 de Julio, hoy celebramos La Precios\u00edsima Sangre de Nuestro Se\u00f1or Jesucristo.","date":"1 julio 2014","format":false,"excerpt":"Mes de Julio dedicado a la Precios\u00edsima Sangre de Nuestro Se\u00f1or Jesucristo. Instituida en 1849 por el papa P\u00edo IX, la fiesta de la Precios\u00edsima Sangre de Nuestro Se\u00f1or, fue elevada al rango de doble de la clase por P\u00edo XI, con ocasi\u00f3n del decimanono centenario de la muerte del\u2026","rel":"","context":"En \u00abSantoral\u00bb","img":{"alt_text":"","src":"","width":0,"height":0},"classes":[]}],"jetpack_likes_enabled":false,"jetpack_sharing_enabled":true,"_links":{"self":[{"href":"https:\/\/catolicasmexico.com\/blog\/wp-json\/wp\/v2\/posts\/625"}],"collection":[{"href":"https:\/\/catolicasmexico.com\/blog\/wp-json\/wp\/v2\/posts"}],"about":[{"href":"https:\/\/catolicasmexico.com\/blog\/wp-json\/wp\/v2\/types\/post"}],"author":[{"embeddable":true,"href":"https:\/\/catolicasmexico.com\/blog\/wp-json\/wp\/v2\/users\/2"}],"replies":[{"embeddable":true,"href":"https:\/\/catolicasmexico.com\/blog\/wp-json\/wp\/v2\/comments?post=625"}],"version-history":[{"count":2,"href":"https:\/\/catolicasmexico.com\/blog\/wp-json\/wp\/v2\/posts\/625\/revisions"}],"predecessor-version":[{"id":639,"href":"https:\/\/catolicasmexico.com\/blog\/wp-json\/wp\/v2\/posts\/625\/revisions\/639"}],"wp:featuredmedia":[{"embeddable":true,"href":"https:\/\/catolicasmexico.com\/blog\/wp-json\/wp\/v2\/media\/623"}],"wp:attachment":[{"href":"https:\/\/catolicasmexico.com\/blog\/wp-json\/wp\/v2\/media?parent=625"}],"wp:term":[{"taxonomy":"category","embeddable":true,"href":"https:\/\/catolicasmexico.com\/blog\/wp-json\/wp\/v2\/categories?post=625"},{"taxonomy":"post_tag","embeddable":true,"href":"https:\/\/catolicasmexico.com\/blog\/wp-json\/wp\/v2\/tags?post=625"}],"curies":[{"name":"wp","href":"https:\/\/api.w.org\/{rel}","templated":true}]}}