{"id":4952,"date":"2020-08-05T15:47:34","date_gmt":"2020-08-05T20:47:34","guid":{"rendered":"http:\/\/catolicasmexico.com\/blog\/?p=4952"},"modified":"2020-08-05T15:47:41","modified_gmt":"2020-08-05T20:47:41","slug":"oracion-a-la-virgen-para-cuando-uno-va-salir","status":"publish","type":"post","link":"https:\/\/catolicasmexico.com\/blog\/oracion-a-la-virgen-para-cuando-uno-va-salir\/","title":{"rendered":"Oraci\u00f3n a la Virgen para cuando uno va salir."},"content":{"rendered":"\n<p>Consagraci\u00f3n a la Sant\u00edsima Virgen.<\/p>\n\n\n\n<p>Oh Se\u00f1ora y madre m\u00eda, yo me ofrezco toda a Vos y en prenda de mi filial afecto Os consagro en este d\u00eda mis ojos, mis o\u00eddos, mi lengua, mi coraz\u00f3n y en una palabra todo mi ser. Ya que soy todo Vuestro, o madre de bondad, guardarme y defenderme como cosa y posesi\u00f3n Vuestra am\u00e9n.<\/p>\n\n\n\n<p><\/p>\n\n\n\n<p>Contigo contigo voy Virgen pura y en tu poder voy confiado pues yendo de t\u00ed amparado mi alma volver\u00e1 segura. Dulce Madre no te alejes tu vista de m\u00cd no apartes. Ven conmigo a todas partes y nunca me dejes solo. Pues que nos proteges tanto como verdadera Madre haz que nos bendiga el Padre, el Hijo del Esp\u00edritu Santo. Amen<\/p>\n","protected":false},"excerpt":{"rendered":"<p>Consagraci\u00f3n a la Sant\u00edsima Virgen. Oh Se\u00f1ora y madre m\u00eda, yo me ofrezco toda a Vos y en prenda de mi filial afecto Os consagro en este d\u00eda mis ojos, mis o\u00eddos, mi lengua, mi coraz\u00f3n y en una palabra todo mi ser. Ya que soy todo Vuestro, o madre de bondad, guardarme y defenderme [&hellip;]<\/p>\n","protected":false},"author":2,"featured_media":4951,"comment_status":"open","ping_status":"open","sticky":false,"template":"","format":"standard","meta":{"spay_email":"","jetpack_publicize_message":"","jetpack_is_tweetstorm":false},"categories":[258],"tags":[525,957,762],"aioseo_notices":[],"jetpack_featured_media_url":"https:\/\/catolicasmexico.com\/blog\/wp-content\/uploads\/2020\/08\/89f0dddd-2552-497b-825b-68b983c162c5-191-0000000bc6e38cf4.jpg","jetpack_publicize_connections":[],"jetpack_shortlink":"https:\/\/wp.me\/p3B5XH-1hS","jetpack-related-posts":[{"id":3149,"url":"https:\/\/catolicasmexico.com\/blog\/nuestra-senora-de-la-luz\/","url_meta":{"origin":4952,"position":0},"title":"Nuestra Se\u00f1ora de La Luz.","date":"1 julio 2014","format":false,"excerpt":"Oraci\u00f3n a Nuestra Se\u00f1ora de la Luz Madre y se\u00f1ora, t\u00fa eres luz que disipas la sombra del enga\u00f1o; t\u00fa eres la dulzura que deleita al coraz\u00f3n y eres la poderosa madre en quien espero y conf\u00edo. Aleja de mi todo peligro; gu\u00e1rdame, se\u00f1ora, y en estos ocho d\u00edas rec\u00edbeme\u2026","rel":"","context":"En \u00abSantoral\u00bb","img":{"alt_text":"","src":"","width":0,"height":0},"classes":[]},{"id":4022,"url":"https:\/\/catolicasmexico.com\/blog\/oracion-de-san-bernardo\/","url_meta":{"origin":4952,"position":1},"title":"Oraci\u00f3n de San Bernardo.","date":"9 octubre 2015","format":false,"excerpt":"Del sitio www.reinadelcielo.org ACORD\u00c1OS (San Bernardo)Acordaos, oh piadosisima Virgen Mar\u00eda, que jamas se oy\u00f3 decir, que ninguno de cuantos han acudido a vuestra protecci\u00f3n, implorando vuestro auxilio y reclamando vuestro socorro, haya sido jamas abandonado de vos. Animado por esta confianza, a vos acudo, oh Madre, Virgen de las v\u00edrgenes,\u2026","rel":"","context":"En \u00abOraciones\u00bb","img":{"alt_text":"","src":"https:\/\/i1.wp.com\/catolicasmexico.com\/blog\/wp-content\/uploads\/2015\/10\/IMG_0309.jpg?resize=350%2C200&ssl=1","width":350,"height":200},"classes":[]},{"id":4981,"url":"https:\/\/catolicasmexico.com\/blog\/pequeno-oficio-de-la-virgen\/","url_meta":{"origin":4952,"position":2},"title":"PEQUE\u00d1O OFICIO DE LA VIRGEN.","date":"16 agosto 2021","format":"image","excerpt":"El peque\u00f1o oficio de La Inmaculada Concepci\u00f3n. Permito con gusto la impresi\u00f3n del op\u00fasculo intitulado el peque\u00f1o oficio de la Inmaculada Concepci\u00f3n, que es una compilaci\u00f3n de oraciones y de pr\u00e1cticas piadosas indulgenciadas en honor a Mar\u00eda Inmaculada. En Santa Ana de Beaupr\u00e9 2 de febrero de 1928.Imprimatur: Fr. R.M.\u2026","rel":"","context":"En \u00abOraciones\u00bb","img":{"alt_text":"","src":"https:\/\/i2.wp.com\/catolicasmexico.com\/blog\/wp-content\/uploads\/2014\/02\/20140210-194830.jpg?resize=350%2C200&ssl=1","width":350,"height":200},"classes":[]},{"id":1300,"url":"https:\/\/catolicasmexico.com\/blog\/hoy-celebramos-a-la-virgen-del-carmen\/","url_meta":{"origin":4952,"position":3},"title":"Hoy celebramos a la Virgen del Carmen.","date":"16 julio 2013","format":false,"excerpt":"Fuente de informacion.wwwcorazones.org Historia Desde los antiguos ermita\u00f1os que se establecieron en el Monte Carmelo, Los Carmelitas han sido conocidos por su profunda devoci\u00f3n a la Sant\u00edsima Virgen. Ellos interpretaron la nube de la visi\u00f3n de El\u00edas (1 Reyes 18, 44) como un s\u00edmbolo de la Virgen Mar\u00eda Inmaculada. Ya\u2026","rel":"","context":"En \u00abFe\u00bb","img":{"alt_text":"","src":"https:\/\/i2.wp.com\/catolicasmexico.com\/blog\/wp-content\/uploads\/2013\/07\/20130716-101725.jpg?resize=350%2C200&ssl=1","width":350,"height":200},"classes":[]},{"id":3543,"url":"https:\/\/catolicasmexico.com\/blog\/oracion-del-anima-sola-para-alcanzar-el-remedio-de-alguna-gran-necesidad\/","url_meta":{"origin":4952,"position":4},"title":"Oraci\u00f3n del Anima Sola. Para alcanzar el remedio de alguna gran necesidad.","date":"17 noviembre 2014","format":false,"excerpt":"\u00a1Oh Se\u00f1or! \u00a1Cu\u00e1ntas son las gracias que necesitamos, con toda verdad puede decirse que nuestra necesidad es universal. Ahora Se\u00f1or buscando para con Vuestra Divina Majestad, intercesores que am\u00e1is sobre manera El Anima Sola; tan empe\u00f1ada en Vuestro Favor como grata a vuestros ojos. De lo profundo de su c\u00e1rcel\u2026","rel":"","context":"En \u00abOraciones\u00bb","img":{"alt_text":"","src":"","width":0,"height":0},"classes":[]},{"id":4954,"url":"https:\/\/catolicasmexico.com\/blog\/oh-maria-virgen-poderosa\/","url_meta":{"origin":4952,"position":5},"title":"\u00a1Oh Maria! Virgen poderosa....","date":"5 agosto 2020","format":false,"excerpt":"\u00a1Oh Mar\u00eda !Virgen poderosa grande, ilustre defensora de la iglesia, singular auxilio de los cristianos terrible como un ej\u00e9rcito ordenado en batalla T\u00fa sola has triunfado en todas las herej\u00eda del mundo \u00a1 Oh madre! en nuestras angustias, en nuestras luchas, en nuestros apuros l\u00edbranos del enemigo y a la\u2026","rel":"","context":"En \u00abOraciones\u00bb","img":{"alt_text":"","src":"","width":0,"height":0},"classes":[]}],"jetpack_likes_enabled":false,"jetpack_sharing_enabled":true,"_links":{"self":[{"href":"https:\/\/catolicasmexico.com\/blog\/wp-json\/wp\/v2\/posts\/4952"}],"collection":[{"href":"https:\/\/catolicasmexico.com\/blog\/wp-json\/wp\/v2\/posts"}],"about":[{"href":"https:\/\/catolicasmexico.com\/blog\/wp-json\/wp\/v2\/types\/post"}],"author":[{"embeddable":true,"href":"https:\/\/catolicasmexico.com\/blog\/wp-json\/wp\/v2\/users\/2"}],"replies":[{"embeddable":true,"href":"https:\/\/catolicasmexico.com\/blog\/wp-json\/wp\/v2\/comments?post=4952"}],"version-history":[{"count":1,"href":"https:\/\/catolicasmexico.com\/blog\/wp-json\/wp\/v2\/posts\/4952\/revisions"}],"predecessor-version":[{"id":4953,"href":"https:\/\/catolicasmexico.com\/blog\/wp-json\/wp\/v2\/posts\/4952\/revisions\/4953"}],"wp:featuredmedia":[{"embeddable":true,"href":"https:\/\/catolicasmexico.com\/blog\/wp-json\/wp\/v2\/media\/4951"}],"wp:attachment":[{"href":"https:\/\/catolicasmexico.com\/blog\/wp-json\/wp\/v2\/media?parent=4952"}],"wp:term":[{"taxonomy":"category","embeddable":true,"href":"https:\/\/catolicasmexico.com\/blog\/wp-json\/wp\/v2\/categories?post=4952"},{"taxonomy":"post_tag","embeddable":true,"href":"https:\/\/catolicasmexico.com\/blog\/wp-json\/wp\/v2\/tags?post=4952"}],"curies":[{"name":"wp","href":"https:\/\/api.w.org\/{rel}","templated":true}]}}