{"id":4930,"date":"2020-02-25T16:56:27","date_gmt":"2020-02-25T22:56:27","guid":{"rendered":"http:\/\/catolicasmexico.com\/blog\/?p=4930"},"modified":"2021-08-25T12:33:00","modified_gmt":"2021-08-25T17:33:00","slug":"letania-para-aceptar-la-voluntad-de-dios","status":"publish","type":"post","link":"https:\/\/catolicasmexico.com\/blog\/letania-para-aceptar-la-voluntad-de-dios\/","title":{"rendered":"Letan\u00eda para aceptar la Voluntad de Dios."},"content":{"rendered":"<p><a href=\"http:\/\/catolicasmexico.com\/blog\/wp-content\/uploads\/2020\/02\/fe89271a-1960-483d-94d3-6ee43dc11269-3639-000004273878a7ff-1.jpg\"><img data-attachment-id=\"4929\" data-permalink=\"https:\/\/catolicasmexico.com\/blog\/letania-para-aceptar-la-voluntad-de-dios\/fe89271a-1960-483d-94d3-6ee43dc11269-3639-000004273878a7ff-1-jpg\/\" data-orig-file=\"https:\/\/catolicasmexico.com\/blog\/wp-content\/uploads\/2020\/02\/fe89271a-1960-483d-94d3-6ee43dc11269-3639-000004273878a7ff-1.jpg\" data-orig-size=\"348,415\" data-comments-opened=\"1\" data-image-meta=\"{&quot;aperture&quot;:&quot;0&quot;,&quot;credit&quot;:&quot;&quot;,&quot;camera&quot;:&quot;&quot;,&quot;caption&quot;:&quot;&quot;,&quot;created_timestamp&quot;:&quot;0&quot;,&quot;copyright&quot;:&quot;&quot;,&quot;focal_length&quot;:&quot;0&quot;,&quot;iso&quot;:&quot;0&quot;,&quot;shutter_speed&quot;:&quot;0&quot;,&quot;title&quot;:&quot;&quot;,&quot;orientation&quot;:&quot;0&quot;}\" data-image-title=\"fe89271a-1960-483d-94d3-6ee43dc11269-3639-000004273878a7ff-1.jpg\" data-image-description=\"\" data-medium-file=\"https:\/\/catolicasmexico.com\/blog\/wp-content\/uploads\/2020\/02\/fe89271a-1960-483d-94d3-6ee43dc11269-3639-000004273878a7ff-1-252x300.jpg\" data-large-file=\"https:\/\/catolicasmexico.com\/blog\/wp-content\/uploads\/2020\/02\/fe89271a-1960-483d-94d3-6ee43dc11269-3639-000004273878a7ff-1.jpg\" class=\"alignleft size-full wp-image-4929\" src=\"http:\/\/catolicasmexico.com\/blog\/wp-content\/uploads\/2020\/02\/fe89271a-1960-483d-94d3-6ee43dc11269-3639-000004273878a7ff-1.jpg\" alt=\"\" width=\"348\" height=\"415\" srcset=\"http:\/\/catolicasmexico.com\/blog\/wp-content\/uploads\/2020\/02\/fe89271a-1960-483d-94d3-6ee43dc11269-3639-000004273878a7ff-1.jpg 348w, https:\/\/catolicasmexico.com\/blog\/wp-content\/uploads\/2020\/02\/fe89271a-1960-483d-94d3-6ee43dc11269-3639-000004273878a7ff-1-252x300.jpg 300w, https:\/\/catolicasmexico.com\/blog\/wp-content\/uploads\/2020\/02\/fe89271a-1960-483d-94d3-6ee43dc11269-3639-000004273878a7ff-1-150x150.jpg 150w\" sizes=\"100vw\" \/> <\/a>Dios m\u00edo, Padre m\u00edo, ten piedad de m\u00ed,<\/p>\n<p>Dios m\u00edo, mi Salvador ten piedad de m\u00ed<\/p>\n<p>oh Trinidad Santa, ten piedad de mi.<\/p>\n<p>Jes\u00fas agonizante en el jard\u00edn de los Olivos, mi alma est\u00e1 triste, esc\u00fachame.<\/p>\n<p>Jesus que oraste en el Jard\u00edn de los Olivos , mi alma est\u00e1 triste, \u00f3yeme.<\/p>\n<p>Coraz\u00f3n compasivo de Mar\u00eda, consu\u00e9lame.<\/p>\n<p>Santo \u00c1ngel, venido del Cielo para fortalecer a Jes\u00fas, ruega por m\u00ed.<\/p>\n<p>Dios m\u00edo, en la pena en que me encuentro, el coraz\u00f3n enfermo y atormentado por la aflicci\u00f3n que lo oprime, me atrevo a decir con Jes\u00fas, Vuestro hijo: \u00ab\u00a1Oh Padre, si es posible, que este c\u00e1liz se aleje de m\u00ed!<\/p>\n<p>Dios m\u00edo en el terrible sufrimiento, el coraz\u00f3n en medio de angustias y destrozado por el dolor, me atrevo a deciros con Jes\u00fas, Vuestro Hijo: \u00a1oh Padre, si es posible, que este c\u00e1liz se aleje de m\u00ed!<\/p>\n<p>Dios m\u00edo en esta cruel agon\u00eda que padezco entre la naturaleza humana y la gracia, el coraz\u00f3n que desfallece, me atrevo a deciros con Jes\u00fas, \u00a1Vuestro Hijo; \u00a1oh padre m\u00edo si es posible que este c\u00e1liz se aleje de m\u00ed!<\/p>\n<p>Sin embargo, si no puede pasar se largo sin que yo lo beba, Padre m\u00edo, dame la gracia de someterme.<\/p>\n<p>Si este c\u00e1liz es necesario y \u00fatil a mi salvaci\u00f3n, Padre m\u00edo, dame la gracia de someterme. Si\u00a0 para Vuestra gloria, tengo que pasar por esta prueba, Padre m\u00edo dame la gracia de someterme.<\/p>\n<p>Jes\u00fas agonizante seme propicio.<\/p>\n<p>Por la tristeza mortal de Vuestro Coraz\u00f3n oprimido, Jes\u00fas que yo diga con Vos: Padre m\u00edo que Vuestra Voluntad sea haga y no la m\u00eda.<\/p>\n<p>Por el miedo en que Vuestro Coraz\u00f3n fue acongojado por el pensamiento de los tormentos de la Pasi\u00f3n Jes\u00fas que yo diga como Vos:<\/p>\n<p>\u00a1Padre m\u00edo que se haga Vuestra Voluntad y no la m\u00eda!<\/p>\n<p>Por la tristeza mortal con que Vuestro Coraz\u00f3n estuvo atormentado, Jes\u00fas que yo diga como Vos:<\/p>\n<p>\u00a1Padre m\u00edo que se haga Vuestra Voluntad y no la m\u00eda!<\/p>\n<p>Por vuestra perseverancia en la oraci\u00f3n, en medio de las fallas de la naturaleza humana, Jes\u00fas que yo diga con Vos:<\/p>\n<p>\u00a1Padre m\u00edo que se haga Vuestra Voluntad y no la m\u00eda!<\/p>\n<p>Por Vuestra resignaci\u00f3n en medio de las crueles angustias, Jes\u00fas que yo diga con Vos:<\/p>\n<p>\u00a1Padre m\u00edo que se haga Vuestra Voluntad y no la m\u00eda!<\/p>\n<p>Por Vuestro Sudor de Sangre que goteaba hasta la tierra, Jes\u00fas que yo diga con Vos:<\/p>\n<p>\u00a1Padre m\u00edo que se haga Vuestra Voluntad y no la m\u00eda!<\/p>\n<p>Por el dolor que hab\u00e9is sentido cuando encontrasteis a Vuestros ap\u00f3stoles dormidos, atormentados por la tristeza, Jes\u00fas que yo diga con Vos:<\/p>\n<p>\u00a1Padre m\u00edo que se haga Vuestra Voluntad y no la m\u00eda!<\/p>\n<p>Por la amorosa queja que les dijisteis, Jes\u00fas, que yo diga con Vos:<\/p>\n<p>\u00a1Padre m\u00edo que se haga Vuestra Voluntad y no la m\u00eda!<\/p>\n<p>Por los consuelos que tuvisteis del Angel, Jes\u00fas que yo diga con Vos:<\/p>\n<p>\u00a1Padre m\u00edo que se haga Vuestra Voluntad y no la m\u00eda!<\/p>\n<p>De todo desaliento, l\u00edbrame Jes\u00fas.<\/p>\n<p>De toda impaciencia, l\u00edbrame Jes\u00fas.<\/p>\n<p>De toda murmuraci\u00f3n l\u00edbrame Jes\u00fas.<\/p>\n<p>En mis tristezas y mis suspiros as\u00edsteme Jes\u00fas, te lo suplico.<\/p>\n<p>En mis miedos y mis terrores, as\u00edsteme Jes\u00fas te lo suplico.<\/p>\n<p>En mis tristezas y mis soledades, as\u00edsteme Jes\u00fas de lo suplico.<\/p>\n<p>En mis angustias y mis soledades, as\u00edsteme Jes\u00fas de lo suplico.<\/p>\n<p>En todas mi agon\u00edas, as\u00edsteme Jes\u00fas te lo suplico.<\/p>\n<p>Cordero de Dios que quita los pecados del mundo, s\u00e1lvame Jes\u00fas.<\/p>\n<p>Cordero de Dios que quita los pecados del mundo,esc\u00fachame Jes\u00fas.<\/p>\n<p>Cordero de Dios que quitas los pecado del mundo tened piedad de m\u00ed, Jes\u00fas.<\/p>\n<p>Coraz\u00f3n de Jes\u00fas, triste hasta la muerte fortal\u00e9ceme.<\/p>\n<p>Coraz\u00f3n de Jes\u00fas, triste hasta la muerte consu\u00e9lame.<\/p>\n<p>Oremos.<\/p>\n<p>Oh Dios m\u00edo que que golpeas y curas, que vuelves a golpear para curarnos otra vez, no permitas que sea vencido por el mal que me persigue. Si no es posible que pase de largo, dad a mi alma m\u00e1s fuerza, paciencia y sumisi\u00f3n: porque jam\u00e1s rechaz\u00e1is aquellos que os lo piden en nombre y por los m\u00e9ritos de Vuestro Hijo que agonizaba resignado en el Jardin de los Olivos Nuestro Se\u00f1or Jesucristo que vive y reina con Vos en la unidad del Espiritu Santo por los siglos de los siglos.\u00a0 Am\u00e9n.<\/p>\n","protected":false},"excerpt":{"rendered":"<p>Dios m\u00edo, Padre m\u00edo, ten piedad de m\u00ed, Dios m\u00edo, mi Salvador ten piedad de m\u00ed oh Trinidad Santa, ten piedad de mi. Jes\u00fas agonizante en el jard\u00edn de los Olivos, mi alma est\u00e1 triste, esc\u00fachame. Jesus que oraste en el Jard\u00edn de los Olivos , mi alma est\u00e1 triste, \u00f3yeme. Coraz\u00f3n compasivo de Mar\u00eda, [&hellip;]<\/p>\n","protected":false},"author":2,"featured_media":4929,"comment_status":"open","ping_status":"open","sticky":false,"template":"","format":"standard","meta":{"spay_email":"","jetpack_publicize_message":"","jetpack_is_tweetstorm":false},"categories":[258],"tags":[954],"aioseo_notices":[],"jetpack_featured_media_url":"https:\/\/catolicasmexico.com\/blog\/wp-content\/uploads\/2020\/02\/fe89271a-1960-483d-94d3-6ee43dc11269-3639-000004273878a7ff-1.jpg","jetpack_publicize_connections":[],"jetpack_shortlink":"https:\/\/wp.me\/p3B5XH-1hw","jetpack-related-posts":[{"id":4914,"url":"https:\/\/catolicasmexico.com\/blog\/devocion-al-corazon-agonizante-de-jesus\/","url_meta":{"origin":4930,"position":0},"title":"Devoci\u00f3n al Coraz\u00f3n agonizante de Jes\u00fas.","date":"17 febrero 2020","format":false,"excerpt":"Esta devoci\u00f3n tiene dos fines: primero honorar con un culto especial, al Coraz\u00f3n doliente y agonizante de Jes\u00fas, sobre todo en el jard\u00edn de los Olivos y al Coraz\u00f3n compasivo de Mar\u00eda, traspasado por una espada de dolor durante la Pasi\u00f3n de su Divino Hijo; Segundo obtener por estas m\u00edsticas\u2026","rel":"","context":"En \u00abOraciones\u00bb","img":{"alt_text":"","src":"https:\/\/i1.wp.com\/catolicasmexico.com\/blog\/wp-content\/uploads\/2020\/02\/c72ad5a6-060c-4f9e-9196-5d09ff6d4683-1278-000001583cd77936.png?resize=350%2C200&ssl=1","width":350,"height":200},"classes":[]},{"id":4427,"url":"https:\/\/catolicasmexico.com\/blog\/via-crucis-en-compania-del-sacratisimo-corazon-de-jesus\/","url_meta":{"origin":4930,"position":1},"title":"Via crucis en compa\u00f1\u00eda del Sacrat\u00edsimo Coraz\u00f3n de Jes\u00fas.\u00a0","date":"29 julio 2016","format":false,"excerpt":"\u00a0Indulgencia Plenaria. Despu\u00e9s de la lectura en cada estaci\u00f3n se reza un Padre Nuestro, un Ave Mar\u00eda y un Gloria. Al terminar se rezan 5 Padre Nuestro, Ave Mar\u00eda y gloria en honor de las llagas de Nuestro Se\u00f1or. Por \u00faltimo se rezan por las intenciones del Santo Padre.\u00a0 +Primer\u2026","rel":"","context":"En \u00abOraciones\u00bb","img":{"alt_text":"","src":"https:\/\/i2.wp.com\/catolicasmexico.com\/blog\/wp-content\/uploads\/2016\/09\/IMG_0832.jpg?resize=350%2C200&ssl=1","width":350,"height":200},"classes":[]},{"id":2303,"url":"https:\/\/catolicasmexico.com\/blog\/letanias-al-sagrado-corazon-de-jesus\/","url_meta":{"origin":4930,"position":2},"title":"LETAN\u00cdAS AL SAGRADO CORAZ\u00d3N DE JES\u00daS","date":"30 diciembre 2013","format":false,"excerpt":"Se\u00f1or, ten piedad de nosotros. Cristo, ten piedad de nosotros. Se\u00f1or, ten piedad de nosotros. Cristo, \u00f3yenos. Cristo, esc\u00fachanos. (A las siguientes invocaciones se responde: \"TEN PIEDAD DE NOSOTROS\") Dios, Padre Celestial, -... Dios Hijo, Redentor del mundo, -... Dios, Esp\u00edritu Santo, -... Sant\u00edsima Trinidad, que eres un solo Dios...-\u2026","rel":"","context":"En \u00abLetanias\u00bb","img":{"alt_text":"","src":"https:\/\/i2.wp.com\/catolicasmexico.com\/blog\/wp-content\/uploads\/2014\/01\/20140109-132708.jpg?resize=350%2C200&ssl=1","width":350,"height":200},"classes":[]},{"id":4128,"url":"https:\/\/catolicasmexico.com\/blog\/trisagios-a-la-santma-trinidad-y-al-sagrado-corazon-de-jesus-con-el-ejercicio-del-via-crucis\/","url_meta":{"origin":4930,"position":3},"title":"Trisagios  a La  Santma. Trinidad  y al  Sagrado Coraz\u00f3n  de  Jes\u00fas .  Con el ejercicio del Via-Crucis","date":"17 diciembre 2015","format":false,"excerpt":"\u00a0 TRISAGIOS A LA SANTMA. TRINIDAD, Y AL SAGRADO CORAZON DE JESUS. CON EL EJERCICIO DEL VIA-CRUCIS. \u00a0 \u00a0 \u2756 \u00a0 \u00a0 TRISAGIO PARA ALABAR A LA SANTISIMA TRINIDAD. \u00a0 Vers.\u00a0\u00a0\u00a0 Domine labia mea aperies. Resp. Et os meum anuntiabit laudem tuam. Vers. Deus in adjutorium meum intende. Resp. Domime\u2026","rel":"","context":"En \u00abOraciones\u00bb","img":{"alt_text":"","src":"https:\/\/i2.wp.com\/catolicasmexico.com\/blog\/wp-content\/uploads\/2015\/12\/trisagios.png?resize=350%2C200&ssl=1","width":350,"height":200},"classes":[]},{"id":3311,"url":"https:\/\/catolicasmexico.com\/blog\/novena-a-la-esclarecida-santa-brigida\/","url_meta":{"origin":4930,"position":4},"title":"Novena a la esclarecida Santa Br\u00edgida.","date":"2 agosto 2014","format":false,"excerpt":"Oraci\u00f3n para todos los d\u00edas. Gloriosa princesa y Madre Santa Br\u00edgida, modelo perfect\u00edsimo de todas las mujeres en los estados de virgen, casada, viuda y religiosa; si es para mayor gloria de Dios y de mi alma que yo consiga lo que deseo y pido en esta Novena, alcanzadme de\u2026","rel":"","context":"En \u00abNovenas\u00bb","img":{"alt_text":"","src":"https:\/\/i0.wp.com\/catolicasmexico.com\/blog\/wp-content\/uploads\/2014\/08\/20140802-083324.jpg?resize=350%2C200&ssl=1","width":350,"height":200},"classes":[]},{"id":4988,"url":"https:\/\/catolicasmexico.com\/blog\/oracion-de-reparacion-para-jesus-ultrajado-en-su-santisima-faz\/","url_meta":{"origin":4930,"position":5},"title":"Oraci\u00f3n de reparaci\u00f3n para Jes\u00fas ultrajado en su santisima faz.","date":"19 agosto 2021","format":false,"excerpt":"\u00a0 Se\u00f1or ten piedad de nosotros. Se\u00f1or ten piedad de nosotros. Cristo ten piedad de nosotros. Cristo ten piedad de nosotros. Se\u00f1or ten piedad de nosotros.Se\u00f1or ten piedad de nosotros. Cristo \u00f3yenos . Cristo \u00f3yenos . Cristo esc\u00fachanos. Cristo esc\u00fachanos. Santa virgen Mar\u00eda. Ruega por nosotros. Oh Jes\u00fas cuya faz\u2026","rel":"","context":"En \u00abOraciones\u00bb","img":{"alt_text":"","src":"https:\/\/i0.wp.com\/catolicasmexico.com\/blog\/wp-content\/uploads\/2021\/08\/images.jpeg?resize=350%2C200&ssl=1","width":350,"height":200},"classes":[]}],"jetpack_likes_enabled":false,"jetpack_sharing_enabled":true,"_links":{"self":[{"href":"https:\/\/catolicasmexico.com\/blog\/wp-json\/wp\/v2\/posts\/4930"}],"collection":[{"href":"https:\/\/catolicasmexico.com\/blog\/wp-json\/wp\/v2\/posts"}],"about":[{"href":"https:\/\/catolicasmexico.com\/blog\/wp-json\/wp\/v2\/types\/post"}],"author":[{"embeddable":true,"href":"https:\/\/catolicasmexico.com\/blog\/wp-json\/wp\/v2\/users\/2"}],"replies":[{"embeddable":true,"href":"https:\/\/catolicasmexico.com\/blog\/wp-json\/wp\/v2\/comments?post=4930"}],"version-history":[{"count":3,"href":"https:\/\/catolicasmexico.com\/blog\/wp-json\/wp\/v2\/posts\/4930\/revisions"}],"predecessor-version":[{"id":5020,"href":"https:\/\/catolicasmexico.com\/blog\/wp-json\/wp\/v2\/posts\/4930\/revisions\/5020"}],"wp:featuredmedia":[{"embeddable":true,"href":"https:\/\/catolicasmexico.com\/blog\/wp-json\/wp\/v2\/media\/4929"}],"wp:attachment":[{"href":"https:\/\/catolicasmexico.com\/blog\/wp-json\/wp\/v2\/media?parent=4930"}],"wp:term":[{"taxonomy":"category","embeddable":true,"href":"https:\/\/catolicasmexico.com\/blog\/wp-json\/wp\/v2\/categories?post=4930"},{"taxonomy":"post_tag","embeddable":true,"href":"https:\/\/catolicasmexico.com\/blog\/wp-json\/wp\/v2\/tags?post=4930"}],"curies":[{"name":"wp","href":"https:\/\/api.w.org\/{rel}","templated":true}]}}