{"id":4814,"date":"2018-12-18T11:53:56","date_gmt":"2018-12-18T17:53:56","guid":{"rendered":"http:\/\/catolicasmexico.com\/blog\/?p=4814"},"modified":"2019-09-03T00:02:16","modified_gmt":"2019-09-03T05:02:16","slug":"consagracion-a-san-jose","status":"publish","type":"post","link":"https:\/\/catolicasmexico.com\/blog\/consagracion-a-san-jose\/","title":{"rendered":"Consagraci\u00f3n a San Jos\u00e9."},"content":{"rendered":"<p><a href=\"http:\/\/catolicasmexico.com\/blog\/wp-content\/uploads\/2018\/12\/san-jose.jpg\"><img data-attachment-id=\"4816\" data-permalink=\"https:\/\/catolicasmexico.com\/blog\/consagracion-a-san-jose\/san-jose\/\" data-orig-file=\"https:\/\/catolicasmexico.com\/blog\/wp-content\/uploads\/2018\/12\/san-jose.jpg\" data-orig-size=\"182,278\" data-comments-opened=\"1\" data-image-meta=\"{&quot;aperture&quot;:&quot;0&quot;,&quot;credit&quot;:&quot;&quot;,&quot;camera&quot;:&quot;&quot;,&quot;caption&quot;:&quot;&quot;,&quot;created_timestamp&quot;:&quot;0&quot;,&quot;copyright&quot;:&quot;&quot;,&quot;focal_length&quot;:&quot;0&quot;,&quot;iso&quot;:&quot;0&quot;,&quot;shutter_speed&quot;:&quot;0&quot;,&quot;title&quot;:&quot;&quot;,&quot;orientation&quot;:&quot;0&quot;}\" data-image-title=\"san-jose\" data-image-description=\"\" data-medium-file=\"https:\/\/catolicasmexico.com\/blog\/wp-content\/uploads\/2018\/12\/san-jose.jpg\" data-large-file=\"https:\/\/catolicasmexico.com\/blog\/wp-content\/uploads\/2018\/12\/san-jose.jpg\" src=\"http:\/\/catolicasmexico.com\/blog\/wp-content\/uploads\/2018\/12\/san-jose.jpg\" alt=\"\" width=\"182\" height=\"278\" class=\"alignleft size-full wp-image-4816\" srcset=\"http:\/\/catolicasmexico.com\/blog\/wp-content\/uploads\/2018\/12\/san-jose.jpg 182w, https:\/\/catolicasmexico.com\/blog\/wp-content\/uploads\/2018\/12\/san-jose-150x150.jpg 150w\" sizes=\"100vw\" \/> <\/a>Poderoso San Jos\u00e9 padre adoptivo de Jes\u00fas y esposo de la Bienaventurada Virgen Mar\u00eda, yo &#8230;.(aqu\u00ed se menciona nuestro nombre) os escojo como mi patr\u00f3n particular y puesto que os a escogido como el jefe de la Santa familia sobre la tierra, favor\u00e9ceme con Vuestra protecci\u00f3n ante Dios y obt\u00e9nme un amor muy grande por Jes\u00fas y Mar\u00eda. Aux\u00edliame en el momento de la muerte, ens\u00e9\u00f1ame a venerar a la Sant\u00edsima Virgen y amarla como Madre.Ens\u00e9\u00f1ame a imitar a Jes\u00fas por la paciencia en las penas y la resignaci\u00f3n a la voluntad divina a fin; que al salir de esta vida pueda ir con Vos otros a gozar para siempre desde su presencia. am\u00e9n<\/p>\n","protected":false},"excerpt":{"rendered":"<p>Poderoso San Jos\u00e9 padre adoptivo de Jes\u00fas y esposo de la Bienaventurada Virgen Mar\u00eda, yo &#8230;.(aqu\u00ed se menciona nuestro nombre) os escojo como mi patr\u00f3n particular y puesto que os a escogido como el jefe de la Santa familia sobre la tierra, favor\u00e9ceme con Vuestra protecci\u00f3n ante Dios y obt\u00e9nme un amor muy grande por [&hellip;]<\/p>\n","protected":false},"author":1,"featured_media":4816,"comment_status":"open","ping_status":"open","sticky":false,"template":"","format":"standard","meta":{"spay_email":"","jetpack_publicize_message":"","jetpack_is_tweetstorm":false},"categories":[258],"tags":[949],"aioseo_notices":[],"jetpack_featured_media_url":"https:\/\/catolicasmexico.com\/blog\/wp-content\/uploads\/2018\/12\/san-jose.jpg","jetpack_publicize_connections":[],"jetpack_shortlink":"https:\/\/wp.me\/p3B5XH-1fE","jetpack-related-posts":[{"id":3952,"url":"https:\/\/catolicasmexico.com\/blog\/oraciones-para-los-ninos\/","url_meta":{"origin":4814,"position":0},"title":"Oraciones para los ni\u00f1os","date":"11 agosto 2015","format":false,"excerpt":"Angelito de mi guarda Angelito de mi guarda, Mi dulce compa\u00f1\u00eda No me desampares ni de noche ni de d\u00eda porque me perder\u00eda Angelito de mi guarda, Mi dulce compa\u00f1\u00eda No me desampares ni de noche ni de d\u00eda porque me morer\u00eda Angelito de mi guarda, Mi dulce compa\u00f1\u00eda No\u2026","rel":"","context":"En \u00abEducaci\u00f3n\u00bb","img":{"alt_text":"","src":"https:\/\/i1.wp.com\/catolicasmexico.com\/blog\/wp-content\/uploads\/2015\/08\/Pietro-da-Cortona-the-guardian-angel.jpg?resize=350%2C200&ssl=1","width":350,"height":200},"classes":[]},{"id":2750,"url":"https:\/\/catolicasmexico.com\/blog\/hoy-la-iglesia-celebra-a-san-jose-el-castisimo-esposo-de-la-virgen-maria\/","url_meta":{"origin":4814,"position":1},"title":"Hoy la Iglesia celebra a San Jos\u00e9, el cast\u00edsimo esposo de la Virgen Mar\u00eda","date":"19 marzo 2014","format":false,"excerpt":"LIMA, 19 Mar. 14 \/ 12:04 am (ACI).- Hoy 19 de marzo la Iglesia Universal celebra la fiesta del verdadero esposo virginal de la Madre de Dios, San Jos\u00e9, el padre adoptivo de Jesucristo, el var\u00f3n prudente y justo que con paternal amor cuida al mundo entero. San Jos\u00e9 desde\u2026","rel":"","context":"En \u00abFamilia\u00bb","img":{"alt_text":"","src":"https:\/\/i1.wp.com\/catolicasmexico.com\/blog\/wp-content\/uploads\/2014\/03\/20140319-1202221.jpg?resize=350%2C200&ssl=1","width":350,"height":200},"classes":[]},{"id":4819,"url":"https:\/\/catolicasmexico.com\/blog\/acordaos-de-san-jose\/","url_meta":{"origin":4814,"position":2},"title":"Acordaos de San Jos\u00e9.","date":"8 enero 2019","format":false,"excerpt":"Acordaos oh casticismo esposo de la Santa Virgen Mar\u00eda! San Jos\u00e9, mi amable protector, que jam\u00e1s se ha escuchado decir que ninguno de aquellos que han invocado vuestra protecci\u00f3n implorando vuestra ayuda haya quedado sin consuelo. Animado de tal confianza a Vos acudo, con todo el fervor de mi alma,\u2026","rel":"","context":"En \u00abOraciones\u00bb","img":{"alt_text":"","src":"","width":0,"height":0},"classes":[]},{"id":2701,"url":"https:\/\/catolicasmexico.com\/blog\/grave-sacrilegio-en-venezuela-destruyen-sagrario-en-iglesia-y-arrojan-hostias-consagradas\/","url_meta":{"origin":4814,"position":3},"title":"Grave sacrilegio en Venezuela: Destruyen sagrario en Iglesia y arrojan Hostias consagradas","date":"11 marzo 2014","format":false,"excerpt":"Sagrario profanado. Foto: Twitter \/ @padrenestor1945 Pedimos sus oraciones y penitencias en acto de desagravio por este acto macabro y sacr\u00edlego. Dios perdone a estas almas extraviadas. \u00a1Jesus, perdona este y todos los actos ignominiosos en tu contra! \"Dios m\u00edo, yo creo, adoro, espero y Te amo. Te pido perd\u00f3n\u2026","rel":"","context":"En \u00abataques contra la Iglesia Catolica\u00bb","img":{"alt_text":"","src":"https:\/\/i0.wp.com\/catolicasmexico.com\/blog\/wp-content\/uploads\/2014\/03\/20140311-1201071.jpg?resize=350%2C200&ssl=1","width":350,"height":200},"classes":[]},{"id":1300,"url":"https:\/\/catolicasmexico.com\/blog\/hoy-celebramos-a-la-virgen-del-carmen\/","url_meta":{"origin":4814,"position":4},"title":"Hoy celebramos a la Virgen del Carmen.","date":"16 julio 2013","format":false,"excerpt":"Fuente de informacion.wwwcorazones.org Historia Desde los antiguos ermita\u00f1os que se establecieron en el Monte Carmelo, Los Carmelitas han sido conocidos por su profunda devoci\u00f3n a la Sant\u00edsima Virgen. Ellos interpretaron la nube de la visi\u00f3n de El\u00edas (1 Reyes 18, 44) como un s\u00edmbolo de la Virgen Mar\u00eda Inmaculada. Ya\u2026","rel":"","context":"En \u00abFe\u00bb","img":{"alt_text":"","src":"https:\/\/i2.wp.com\/catolicasmexico.com\/blog\/wp-content\/uploads\/2013\/07\/20130716-101725.jpg?resize=350%2C200&ssl=1","width":350,"height":200},"classes":[]},{"id":2530,"url":"https:\/\/catolicasmexico.com\/blog\/novena-del-padre-pio-al-sagrado-corazon-de-jesus\/","url_meta":{"origin":4814,"position":5},"title":"NOVENA DEL PADRE PIO AL SAGRADO CORAZ\u00d3N DE JES\u00daS","date":"7 febrero 2014","format":false,"excerpt":"Recitada diariamente por San P\u00edo de Pietrelchina por todos aquellos que le solicitaban sus oraciones 1.- Oh Jes\u00fas m\u00edo, hab\u00e9is dicho: \u201cEn verdad os digo, pedid y recibir\u00e9is; buscad y encontrar\u00e9is; llamad y se os abrir\u00e1.\u201d He aqu\u00ed que llamo busco y pido la gracia de....................... Padre Nuestro, Ave Mar\u00eda,\u2026","rel":"","context":"En \u00abNovenas\u00bb","img":{"alt_text":"","src":"","width":0,"height":0},"classes":[]}],"jetpack_likes_enabled":false,"jetpack_sharing_enabled":true,"_links":{"self":[{"href":"https:\/\/catolicasmexico.com\/blog\/wp-json\/wp\/v2\/posts\/4814"}],"collection":[{"href":"https:\/\/catolicasmexico.com\/blog\/wp-json\/wp\/v2\/posts"}],"about":[{"href":"https:\/\/catolicasmexico.com\/blog\/wp-json\/wp\/v2\/types\/post"}],"author":[{"embeddable":true,"href":"https:\/\/catolicasmexico.com\/blog\/wp-json\/wp\/v2\/users\/1"}],"replies":[{"embeddable":true,"href":"https:\/\/catolicasmexico.com\/blog\/wp-json\/wp\/v2\/comments?post=4814"}],"version-history":[{"count":1,"href":"https:\/\/catolicasmexico.com\/blog\/wp-json\/wp\/v2\/posts\/4814\/revisions"}],"predecessor-version":[{"id":4817,"href":"https:\/\/catolicasmexico.com\/blog\/wp-json\/wp\/v2\/posts\/4814\/revisions\/4817"}],"wp:featuredmedia":[{"embeddable":true,"href":"https:\/\/catolicasmexico.com\/blog\/wp-json\/wp\/v2\/media\/4816"}],"wp:attachment":[{"href":"https:\/\/catolicasmexico.com\/blog\/wp-json\/wp\/v2\/media?parent=4814"}],"wp:term":[{"taxonomy":"category","embeddable":true,"href":"https:\/\/catolicasmexico.com\/blog\/wp-json\/wp\/v2\/categories?post=4814"},{"taxonomy":"post_tag","embeddable":true,"href":"https:\/\/catolicasmexico.com\/blog\/wp-json\/wp\/v2\/tags?post=4814"}],"curies":[{"name":"wp","href":"https:\/\/api.w.org\/{rel}","templated":true}]}}