{"id":4809,"date":"2018-11-25T17:57:37","date_gmt":"2018-11-25T23:57:37","guid":{"rendered":"http:\/\/catolicasmexico.com\/blog\/?p=4809"},"modified":"2018-11-25T18:35:17","modified_gmt":"2018-11-26T00:35:17","slug":"abortista-deja-instrumento-quirurgico-dentro-de-la-paciente-causandole-la-muerte","status":"publish","type":"post","link":"https:\/\/catolicasmexico.com\/blog\/abortista-deja-instrumento-quirurgico-dentro-de-la-paciente-causandole-la-muerte\/","title":{"rendered":"Abortista deja instrumento quir\u00fargico dentro de la paciente caus\u00e1ndole la muerte."},"content":{"rendered":"<p><a href=\"http:\/\/catolicasmexico.com\/blog\/wp-content\/uploads\/2018\/11\/frank-rodriguez-avorteur.jpg\"><img data-attachment-id=\"4811\" data-permalink=\"https:\/\/catolicasmexico.com\/blog\/abortista-deja-instrumento-quirurgico-dentro-de-la-paciente-causandole-la-muerte\/frank-rodriguez-avorteur\/\" data-orig-file=\"https:\/\/catolicasmexico.com\/blog\/wp-content\/uploads\/2018\/11\/frank-rodriguez-avorteur.jpg\" data-orig-size=\"1200,650\" data-comments-opened=\"1\" data-image-meta=\"{&quot;aperture&quot;:&quot;0&quot;,&quot;credit&quot;:&quot;&quot;,&quot;camera&quot;:&quot;&quot;,&quot;caption&quot;:&quot;&quot;,&quot;created_timestamp&quot;:&quot;0&quot;,&quot;copyright&quot;:&quot;&quot;,&quot;focal_length&quot;:&quot;0&quot;,&quot;iso&quot;:&quot;0&quot;,&quot;shutter_speed&quot;:&quot;0&quot;,&quot;title&quot;:&quot;&quot;,&quot;orientation&quot;:&quot;0&quot;}\" data-image-title=\"frank-rodriguez-avorteur\" data-image-description=\"\" data-medium-file=\"https:\/\/catolicasmexico.com\/blog\/wp-content\/uploads\/2018\/11\/frank-rodriguez-avorteur-300x163.jpg\" data-large-file=\"https:\/\/catolicasmexico.com\/blog\/wp-content\/uploads\/2018\/11\/frank-rodriguez-avorteur-1024x555.jpg\" class=\"alignleft size-large wp-image-4811\" src=\"http:\/\/catolicasmexico.com\/blog\/wp-content\/uploads\/2018\/11\/frank-rodriguez-avorteur-1024x555.jpg\" alt=\"\" width=\"600\" height=\"325\" srcset=\"http:\/\/catolicasmexico.com\/blog\/wp-content\/uploads\/2018\/11\/frank-rodriguez-avorteur-1024x555.jpg 600w, https:\/\/catolicasmexico.com\/blog\/wp-content\/uploads\/2018\/11\/frank-rodriguez-avorteur-300x163.jpg 300w, https:\/\/catolicasmexico.com\/blog\/wp-content\/uploads\/2018\/11\/frank-rodriguez-avorteur-150x150.jpg 150w\" sizes=\"100vw\" \/> <\/a>El Centro para Mujeres en West Palm Beach fue responsable de la muerte de una mujer de 31 a\u00f1os debido a las complicaciones de un aborto. Esta instalaci\u00f3n de aborto ya tuvo varios incidentes en su registro. El \u00faltimo, descubierto y revelado por \u201cOperation Rescue\u201d. Este es a\u00fan m\u00e1s impactante porque la mujer muri\u00f3 debido a que un abortista no sac\u00f3 un instrumento quir\u00fargico de su \u00fatero.<\/p>\n<p>De acuerdo con los documentos de la Junta M\u00e9dica del Estado de Florida, el abortero en cuesti\u00f3n se llama Frank Rodriguez y a la mujer solo se le nombr\u00f3 como \u00abSH\u00bb. El Consejo M\u00e9dico ha castigado a Rodriguez por no haber sacado un instrumento quir\u00fargico del cuerpo de la mujer. Los documentos dicen:<\/p>\n<p>Durante la intervenci\u00f3n, utiliz\u00f3 un dilatador del cuello uterino para dilatar el cuello uterino. Luego, empuj\u00f3 el dilatador hacia la cavidad uterina [de la paciente] &#8230; El demandado no sac\u00f3 el dilatador del cuello uterino utilizado durante el procedimiento &#8230;<\/p>\n<p>Los efectos causados \u200b\u200bpor tejido fetal o cuerpos extra\u00f1os dejados en el cuerpo de la mujer durante un aborto pueden ser extremadamente da\u00f1inos e incluso fatales.<\/p>\n<p>Inexplicablemente, los documentos del Consejo M\u00e9dico no mencionan el fin que tuvo la paciente, \u00f3sea que muri\u00f3 cinco d\u00edas despu\u00e9s del error del abortista.<\/p>\n<p>Post data de Operation Rescue :\u201dEsta informaci\u00f3n [la muerte del paciente] se encontr\u00f3 en un formulario de una demanda extra\u00f1a, hecha por malas pr\u00e1cticas realizada por Rodr\u00edguez, as\u00ed pues se pag\u00f3 casi $ 120,000 por posible caso de negligencia profesional con la familia de SH \u00ab. El aborto probablemente condujo a cinco d\u00edas de agon\u00eda cuando comenz\u00f3 la sepsis.<\/p>\n<p>Rodr\u00edguez trabaj\u00f3 anteriormente con James Scott Pendergraft IV, un abortista para embarazos avanzados que fue arrestado por delitos relacionados con drogas mientras practicaba abortos fuera de su camioneta en Carolina del Sur. Live Action inform\u00f3 a principios de este mes que Pendergra convirti\u00f3 dos de sus compa\u00f1\u00edas de abortos en cl\u00ednicas de marihuana bajo el nombre de Green Relief. Rodr\u00edguez es m\u00e9dico de Green Relief<\/p>\n<p>La industria del aborto afirma que las vidas de las mujeres pueden contar con el aborto legal y \u00abseguro\u00bb, pero el aborto legal ha acabado con la vida de \u00abS.H.\u00bb y muchas otras mujeres como ella.<\/p>\n<p>Art\u00edculo www.cqv.cq.ca Traducci\u00f3n CM<\/p>\n","protected":false},"excerpt":{"rendered":"<p>El Centro para Mujeres en West Palm Beach fue responsable de la muerte de una mujer de 31 a\u00f1os debido a las complicaciones de un aborto. Esta instalaci\u00f3n de aborto ya tuvo varios incidentes en su registro. El \u00faltimo, descubierto y revelado por \u201cOperation Rescue\u201d. Este es a\u00fan m\u00e1s impactante porque la mujer muri\u00f3 debido [&hellip;]<\/p>\n","protected":false},"author":1,"featured_media":4811,"comment_status":"open","ping_status":"open","sticky":false,"template":"","format":"standard","meta":{"spay_email":"","jetpack_publicize_message":"","jetpack_is_tweetstorm":false},"categories":[9,72],"tags":[718,634,948],"aioseo_notices":[],"jetpack_featured_media_url":"https:\/\/catolicasmexico.com\/blog\/wp-content\/uploads\/2018\/11\/frank-rodriguez-avorteur.jpg","jetpack_publicize_connections":[],"jetpack_shortlink":"https:\/\/wp.me\/p3B5XH-1fz","jetpack-related-posts":[{"id":4370,"url":"https:\/\/catolicasmexico.com\/blog\/un-abortista-renuncio-despues-de-ver-la-cara-de-un-bebe-abortado\/","url_meta":{"origin":4809,"position":0},"title":"Un abortista renunci\u00f3 despu\u00e9s de ver la cara de un beb\u00e9 abortado.","date":"22 abril 2016","format":false,"excerpt":"\"Entre los restos de la caja tor\u00e1cica, encontr\u00e9 un peque\u00f1o coraz\u00f3n latiendo. Por fin pude sacar la cabeza y mir\u00e9 claramente la cara de un ser humano - un ser humano al que acababa de matar. \u00bb \u00a0Testimonio del Ex abortista Dr. Paul Jarrett.\u00a0 Mientras que Jarrett era todav\u00eda interno,\u2026","rel":"","context":"En \u00abAborto\u00bb","img":{"alt_text":"","src":"https:\/\/i2.wp.com\/catolicasmexico.com\/blog\/wp-content\/uploads\/2016\/04\/IMG_0538.jpg?resize=350%2C200&ssl=1","width":350,"height":200},"classes":[]},{"id":4014,"url":"https:\/\/catolicasmexico.com\/blog\/mujer-estas-lista-para-abotarmira-antes-estas-fotos-a-donde-van-los-restos-de-bebes-abortados-he-aqui-la-respuesta-impactante\/","url_meta":{"origin":4809,"position":1},"title":"MUJER \u00bfESTAS LISTA PARA ABOTAR?MIRA ANTES ESTAS FOTOS \u00bfA d\u00f3nde van los restos de beb\u00e9s abortados? He Aqu\u00ed la respuesta impactante","date":"6 octubre 2015","format":false,"excerpt":"A trav\u00e9s del vidrio, Tim tom\u00f3 fotos de cientos de envases transl\u00facidos de pl\u00e1stico, cada uno conten\u00eda los restos visibles de beb\u00e9s abortados. Los recipientes no estaban refrigerados, eran de todos los tama\u00f1os, desde recipientes de onzas a decenas de litros. Apenas pude imaginar el olor a muerte que reinar\u00eda\u2026","rel":"","context":"En \u00abAborto\u00bb","img":{"alt_text":"","src":"https:\/\/i0.wp.com\/catolicasmexico.com\/blog\/wp-content\/uploads\/2015\/10\/IMG_0304.jpg?resize=350%2C200&ssl=1","width":350,"height":200},"classes":[]},{"id":3626,"url":"https:\/\/catolicasmexico.com\/blog\/la-realidad-del-aborto-tardio\/","url_meta":{"origin":4809,"position":2},"title":"La realidad del aborto tard\u00edo","date":"4 marzo 2015","format":false,"excerpt":"A continuaci\u00f3n podr\u00e1n ver exactamente c\u00f3mo se realiza un aborto tard\u00edo: Les desaf\u00edo a que lean esto, y entonces me dir\u00e1n Uds. si a\u00fan son favorables al aborto. Traducci\u00f3n y edici\u00f3n libre Sr. Mart\u00edn Pacheco para cat\u00f3licas M\u00e9xico.com \u00a0Art\u00edculo original Campagne Quebec Vie. Estoy\u00a0consciente de que no va a ser\u2026","rel":"","context":"En \u00abAborto\u00bb","img":{"alt_text":"","src":"https:\/\/i1.wp.com\/catolicasmexico.com\/blog\/wp-content\/uploads\/2015\/03\/Picture_DE_Abortion.jpg?resize=350%2C200&ssl=1","width":350,"height":200},"classes":[]},{"id":27,"url":"https:\/\/catolicasmexico.com\/blog\/27\/","url_meta":{"origin":4809,"position":3},"title":"Irlanda: Muerte debida a circunstancias diversas de orden medical","date":"21 abril 2013","format":false,"excerpt":"AFP . La investigaci\u00f3n en Irlanda sobre la muerte de una mujer, que seg\u00fan su marido , se debi\u00f3 a la negaci\u00f3n de los m\u00e9dicos de realizarle un aborto concluyo el viernes con el resultado que la muerte de la mujer se fue debido a la evolucion cl\u00ednica de la\u2026","rel":"","context":"En \u00abAborto\u00bb","img":{"alt_text":"","src":"","width":0,"height":0},"classes":[]},{"id":4310,"url":"https:\/\/catolicasmexico.com\/blog\/una-mujer-en-estado-grave-por-aborto-tardio-fue-trasladada-por-las-escaleras-de-una-clinica\/","url_meta":{"origin":4809,"position":4},"title":"Una mujer en estado grave por aborto tard\u00edo, fue trasladada por las escaleras de una cl\u00ednica.","date":"16 marzo 2016","format":false,"excerpt":"Unas horas despu\u00e9s de que los l\u00edderes de la coalici\u00f3n Provida emitieron un comunicado de prensa sobre una demanda contra un centro de aborto de la ciudad de Cleveland, la administraci\u00f3n de los Registros P\u00fablicos finalmente public\u00f3 la transcripci\u00f3n de una urgencia m\u00e9dica que ocurri\u00f3 tras un aborto tard\u00edo el\u2026","rel":"","context":"En \u00abAborto\u00bb","img":{"alt_text":"","src":"https:\/\/i0.wp.com\/catolicasmexico.com\/blog\/wp-content\/uploads\/2016\/03\/IMG_0476-0.png?resize=350%2C200&ssl=1","width":350,"height":200},"classes":[]},{"id":2890,"url":"https:\/\/catolicasmexico.com\/blog\/emily-letts-graba-y-publica-en-internet-video-de-su-aborto-para-inspirar-a-otras-mujeres\/","url_meta":{"origin":4809,"position":5},"title":"Emily Letts, Graba y publica en Internet video de su aborto para \u201cinspirar a otras mujeres\u201d","date":"7 mayo 2014","format":false,"excerpt":"Captura Vimeo WASHINGTON D.C., 07 May. 14 \/ 01:25 pm (ACI).- Emily Letts, una mujer de 25 a\u00f1os que trabaja como consejera en una cl\u00ednica abortista de Nueva Jersey (Estados Unidos), asegura estar orgullosa de haber filmado su propio aborto para \u2013seg\u00fan dice\u2013 \u201cinspirar a otras mujeres a detener la\u2026","rel":"","context":"En \u00abAborto\u00bb","img":{"alt_text":"","src":"https:\/\/i0.wp.com\/catolicasmexico.com\/blog\/wp-content\/uploads\/2014\/05\/20140507-155227.jpg?resize=350%2C200&ssl=1","width":350,"height":200},"classes":[]}],"jetpack_likes_enabled":false,"jetpack_sharing_enabled":true,"_links":{"self":[{"href":"https:\/\/catolicasmexico.com\/blog\/wp-json\/wp\/v2\/posts\/4809"}],"collection":[{"href":"https:\/\/catolicasmexico.com\/blog\/wp-json\/wp\/v2\/posts"}],"about":[{"href":"https:\/\/catolicasmexico.com\/blog\/wp-json\/wp\/v2\/types\/post"}],"author":[{"embeddable":true,"href":"https:\/\/catolicasmexico.com\/blog\/wp-json\/wp\/v2\/users\/1"}],"replies":[{"embeddable":true,"href":"https:\/\/catolicasmexico.com\/blog\/wp-json\/wp\/v2\/comments?post=4809"}],"version-history":[{"count":2,"href":"https:\/\/catolicasmexico.com\/blog\/wp-json\/wp\/v2\/posts\/4809\/revisions"}],"predecessor-version":[{"id":4812,"href":"https:\/\/catolicasmexico.com\/blog\/wp-json\/wp\/v2\/posts\/4809\/revisions\/4812"}],"wp:featuredmedia":[{"embeddable":true,"href":"https:\/\/catolicasmexico.com\/blog\/wp-json\/wp\/v2\/media\/4811"}],"wp:attachment":[{"href":"https:\/\/catolicasmexico.com\/blog\/wp-json\/wp\/v2\/media?parent=4809"}],"wp:term":[{"taxonomy":"category","embeddable":true,"href":"https:\/\/catolicasmexico.com\/blog\/wp-json\/wp\/v2\/categories?post=4809"},{"taxonomy":"post_tag","embeddable":true,"href":"https:\/\/catolicasmexico.com\/blog\/wp-json\/wp\/v2\/tags?post=4809"}],"curies":[{"name":"wp","href":"https:\/\/api.w.org\/{rel}","templated":true}]}}