{"id":4775,"date":"2017-09-12T21:53:32","date_gmt":"2017-09-13T02:53:32","guid":{"rendered":"http:\/\/catolicasmexico.com\/blog\/?p=4775"},"modified":"2019-02-05T21:22:43","modified_gmt":"2019-02-06T03:22:43","slug":"embarazada-a-los-19-anos-escoge-la-vida-para-su-bebe-a-pesar-de-los-consejos-de-planned-parenthood","status":"publish","type":"post","link":"https:\/\/catolicasmexico.com\/blog\/embarazada-a-los-19-anos-escoge-la-vida-para-su-bebe-a-pesar-de-los-consejos-de-planned-parenthood\/","title":{"rendered":"Embarazada a los 19 a\u00f1os escoge la vida para su beb\u00e9 a pesar de los consejos de Planned Parenthood."},"content":{"rendered":"<p><a href=\"http:\/\/catolicasmexico.com\/blog\/wp-content\/uploads\/2017\/09\/19anos-y-no-aborto.jpg\"><img data-attachment-id=\"4777\" data-permalink=\"https:\/\/catolicasmexico.com\/blog\/embarazada-a-los-19-anos-escoge-la-vida-para-su-bebe-a-pesar-de-los-consejos-de-planned-parenthood\/19anos-y-no-aborto\/\" data-orig-file=\"https:\/\/catolicasmexico.com\/blog\/wp-content\/uploads\/2017\/09\/19anos-y-no-aborto.jpg\" data-orig-size=\"768,426\" data-comments-opened=\"1\" data-image-meta=\"{&quot;aperture&quot;:&quot;0&quot;,&quot;credit&quot;:&quot;&quot;,&quot;camera&quot;:&quot;&quot;,&quot;caption&quot;:&quot;&quot;,&quot;created_timestamp&quot;:&quot;0&quot;,&quot;copyright&quot;:&quot;&quot;,&quot;focal_length&quot;:&quot;0&quot;,&quot;iso&quot;:&quot;0&quot;,&quot;shutter_speed&quot;:&quot;0&quot;,&quot;title&quot;:&quot;&quot;,&quot;orientation&quot;:&quot;0&quot;}\" data-image-title=\"19anos-y-no-aborto\" data-image-description=\"\" data-medium-file=\"https:\/\/catolicasmexico.com\/blog\/wp-content\/uploads\/2017\/09\/19anos-y-no-aborto-300x166.jpg\" data-large-file=\"https:\/\/catolicasmexico.com\/blog\/wp-content\/uploads\/2017\/09\/19anos-y-no-aborto.jpg\" src=\"http:\/\/catolicasmexico.com\/blog\/wp-content\/uploads\/2017\/09\/19anos-y-no-aborto.jpg\" alt=\"\" width=\"768\" height=\"426\" class=\"alignleft size-full wp-image-4777\" srcset=\"http:\/\/catolicasmexico.com\/blog\/wp-content\/uploads\/2017\/09\/19anos-y-no-aborto.jpg 768w, https:\/\/catolicasmexico.com\/blog\/wp-content\/uploads\/2017\/09\/19anos-y-no-aborto-300x166.jpg 300w, https:\/\/catolicasmexico.com\/blog\/wp-content\/uploads\/2017\/09\/19anos-y-no-aborto-150x150.jpg 150w\" sizes=\"100vw\" \/> <\/a><\/p>\n<p>SaveTheStork\u00a0\u2014 traducido por Campagne Qu\u00e9bec-Vie traduction al espa\u00f1ol y edici\u00f3n libre CM<\/p>\n<p>Un mes despu\u00e9s de mi cumplea\u00f1os, supe que estaba embarazada. No estaba lista para tener un beb\u00e9 ni emocional ni financieramente. Llevaba una relaci\u00f3n brutal y dominante y me sent\u00eda como perdida. Me sent\u00eda un fracaso debido a mis malas notas y me preguntaba c\u00f3mo podr\u00eda completar mi diploma de enfermera con un beb\u00e9. Mi novio me dijo ense,guida de abortar. Yo era una pro elecci\u00f3n entonces decid\u00ed de evaluar las opciones que ten\u00eda, en este momento no ten\u00eda ninguna seguro m\u00e9dico y buscaba una. (Para poder abortar. Nota CM) El sito Internet promet\u00eda cuidados y promet\u00eda ofrecerme algunas alternativas entonces tome cita. Aunque pensaba que el aborto era una opci\u00f3n, pensaba que me dar\u00edan la opci\u00f3n de respetar la vida de mi beb\u00e9&#8230;Entre en la cl\u00ednica asustad\u00edsima y me sent\u00e9 con el consejero que me ofreci\u00f3 varias opciones pero no me ofreci\u00f3 lo que esperaba. Me dieron mucha informaci\u00f3n sobre el aborto pero yo quer\u00eda saber m\u00e1s entonces me dijeron que mirara sobre Internet para encontrar los recursos sobre la adopci\u00f3n y el rol de los padres. No me ayudaron con estas opciones. Estabas sola conmigo misma quer\u00eda escoger la vida me dieron alternativas si pero las alternativas eran la p\u00edldora o el bistur\u00ed . Sal\u00ed sinti\u00e9ndome m\u00e1s sola que cuando entre. Hab\u00eda una vocecita que me obligaba a buscar m\u00e1s. La cita me dej\u00f3 muchas preguntas sin respuestas. Quer\u00eda saber que era un aborto y lo que quer\u00eda decir para mi beb\u00e9 examine Planned Parenthood m\u00e1s profundamente. Unas horas m\u00e1s tardes estaba acostada sobre el sill\u00f3n llorando. Estaba tan triste de tener que interrumpir la vida de mi beb\u00e9 y tambi\u00e9n estaba horrorizada pensando que quer\u00eda decir para m\u00ed futuro. Entonces le promet\u00ed a mi beb\u00e9 que yo lo proteger\u00eda. Mi hija tiene ahora cuatro a\u00f1os aunque puedo decir que no ha sido f\u00e1cil la vida puedo decir que mi mi hija salvo mi vida. Sin ella no ser\u00eda la mujer que soy, no puedo imaginar la vida sin ella. Esto que pensaba que era el fin para m\u00ed fue verdaderamente el comienzo.<\/p>\n","protected":false},"excerpt":{"rendered":"<p>SaveTheStork\u00a0\u2014 traducido por Campagne Qu\u00e9bec-Vie traduction al espa\u00f1ol y edici\u00f3n libre CM Un mes despu\u00e9s de mi cumplea\u00f1os, supe que estaba embarazada. No estaba lista para tener un beb\u00e9 ni emocional ni financieramente. Llevaba una relaci\u00f3n brutal y dominante y me sent\u00eda como perdida. Me sent\u00eda un fracaso debido a mis malas notas y me [&hellip;]<\/p>\n","protected":false},"author":1,"featured_media":4777,"comment_status":"open","ping_status":"open","sticky":false,"template":"","format":"standard","meta":{"spay_email":"","jetpack_publicize_message":"","jetpack_is_tweetstorm":false},"categories":[9,27],"tags":[],"aioseo_notices":[],"jetpack_featured_media_url":"https:\/\/catolicasmexico.com\/blog\/wp-content\/uploads\/2017\/09\/19anos-y-no-aborto.jpg","jetpack_publicize_connections":[],"jetpack_shortlink":"https:\/\/wp.me\/p3B5XH-1f1","jetpack-related-posts":[{"id":4614,"url":"https:\/\/catolicasmexico.com\/blog\/adolescente-que-pensaba-hace-un-aborto-cambia-de-opinion-gracias-al-apoyo-de-de-sus-padres\/","url_meta":{"origin":4775,"position":0},"title":"Adolescente que pensaba hace un aborto, cambia de opini\u00f3n gracias al apoyo de de sus padres.\u00a0","date":"21 julio 2017","format":false,"excerpt":"Art\u00edculo de Life action News (Campagne Qu\u00e9bec Vie) En 2013 mi vida cambi\u00f3 para siempre. Ten\u00eda 18 a\u00f1os y viv\u00eda una vida normal. Obtuve mi diploma de secundaria y viv\u00eda con mi familia. Ten\u00eda dos trabajos y un novio simp\u00e1tico. Una ma\u00f1ana me levant\u00e9 para ir al trabajo y sent\u00ed\u2026","rel":"","context":"En \u00abAborto\u00bb","img":{"alt_text":"","src":"https:\/\/i2.wp.com\/catolicasmexico.com\/blog\/wp-content\/uploads\/2017\/07\/mother-child-smiling-1.jpg?resize=350%2C200&ssl=1","width":350,"height":200},"classes":[]},{"id":4409,"url":"https:\/\/catolicasmexico.com\/blog\/nace-un-bebe-milagrosamente-al-sobrevivir-a-un-aborto-a-las-7-semanas-de-gestacion\/","url_meta":{"origin":4775,"position":1},"title":"Nace un beb\u00e9 milagrosamente al sobrevivir a un aborto a las 7 semanas de gestaci\u00f3n.","date":"9 junio 2016","format":false,"excerpt":"Vicky Harper, de 24 a\u00f1os viv\u00eda una situaci\u00f3n financiera dif\u00edcil cuando descubri\u00f3 que estaba embarazada de su tercer hijo. Preocupada y asustada, decidi\u00f3 que era mejor abortar a su beb\u00e9.\u00a0 Su novio Kennan McIvor, de 19 a\u00f1os, le asegur\u00f3 que estaba dispuesto a cuidar de ella y el beb\u00e9, pero\u2026","rel":"","context":"En \u00abAborto\u00bb","img":{"alt_text":"","src":"https:\/\/i1.wp.com\/catolicasmexico.com\/blog\/wp-content\/uploads\/2016\/06\/IMG_0689.jpg?resize=350%2C200&ssl=1","width":350,"height":200},"classes":[]},{"id":4084,"url":"https:\/\/catolicasmexico.com\/blog\/estaba-a-punto-de-abortar-cuando-dios-le-hablo\/","url_meta":{"origin":4775,"position":2},"title":"Estaba a punto de abortar cuando Dios le habl\u00f3","date":"13 noviembre 2015","format":false,"excerpt":"\u00a0 \u00bfC\u00f3mo es tener 16 a\u00f1os y estar embarazada? Jamie Jeffries, autora del blog Esposa Provida, comparte c\u00f3mo una amiga abri\u00f3 los ojos ante las dificultades y las tentaciones de una adolescente embarazada. La amiga de Jeffries, Donanne, comparti\u00f3 su experiencia en el blog: Ten\u00eda 15 cuando qued\u00e9 embarazada de\u2026","rel":"","context":"En \u00abAborto\u00bb","img":{"alt_text":"","src":"https:\/\/i1.wp.com\/catolicasmexico.com\/blog\/wp-content\/uploads\/2015\/11\/jamiejeffries.png?resize=350%2C200&ssl=1","width":350,"height":200},"classes":[]},{"id":3759,"url":"https:\/\/catolicasmexico.com\/blog\/la-enfermera-fue-a-vomitar-al-bano-yo-estaba-apoyada-contra-el-lavabo-llorando-entonces-le-dije-lanny-dios-mio-iremos-al-infierno-estaba-sudando-y-temblando-me-dijo-si-vas-al-in\/","url_meta":{"origin":4775,"position":3},"title":"La enfermera fue a vomitar al ba\u00f1o. Yo estaba apoyada contra el lavabo  llorando. Entonces le dije\u00bf \"Lanny, Dios m\u00edo, iremos al infierno? '' Estaba sudando, y temblando me dijo: \"Si vas al infierno, yo estar\u00e9 all\u00ed  y te esperar\u00e9\"","date":"13 mayo 2015","format":false,"excerpt":"\"Recuerdo que particip\u00e9 en aborto de una muchacha que estaba embarazada de 12 semanas el beb\u00e9 era min\u00fasculo en el ultrasonido, se pod\u00eda ver que chupaba su dedo pulgar. Veinte minutos m\u00e1s tarde, hab\u00eda sido completamente molido para terminar en un frasco de formol. Le mostramos esto a la chica\u2026","rel":"","context":"En \u00abAborto\u00bb","img":{"alt_text":"","src":"https:\/\/i0.wp.com\/catolicasmexico.com\/blog\/wp-content\/uploads\/2015\/05\/20150513-131111.jpg?resize=350%2C200&ssl=1","width":350,"height":200},"classes":[]},{"id":4273,"url":"https:\/\/catolicasmexico.com\/blog\/una-madre-australiana-embarazada-de-quintillizos-se-niega-a-abortar\/","url_meta":{"origin":4775,"position":4},"title":"Una madre australiana embarazada de quintillizos se niega a abortar.\u00a0","date":"1 marzo 2016","format":false,"excerpt":"Por Nancy Flanders de lifenews.com del sitio www.cqv.cq.ca traducci\u00f3n CM Kim Tucci y su marido eran padres de dos ni\u00f1as cuando decidieron tener otro beb\u00e9, con la esperanza de agregar a un ni\u00f1o a su familia. Nunca hubieran pensado que se embarazar\u00eda de cinco beb\u00e9s: el ni\u00f1o que esperaban adem\u00e1s\u2026","rel":"","context":"En \u00abAborto\u00bb","img":{"alt_text":"","src":"https:\/\/i1.wp.com\/catolicasmexico.com\/blog\/wp-content\/uploads\/2016\/03\/IMG_0457.jpg?resize=350%2C200&ssl=1","width":350,"height":200},"classes":[]},{"id":4020,"url":"https:\/\/catolicasmexico.com\/blog\/el-doctor-le-dijo-que-abortara-a-dos-de-ellos-milagrosamente-los-trillizos-celebran-su-primer-aniversario\/","url_meta":{"origin":4775,"position":5},"title":"El doctor le dijo que abortara a dos de ellos. Milagrosamente los trillizos celebran su primer aniversario.","date":"8 octubre 2015","format":false,"excerpt":"....\" la t\u00e9cnica General para la reducci\u00f3n selectiva es sumergir una aguja llena de cloruro de potasio en el coraz\u00f3n del beb\u00e9.Poco despu\u00e9s de que el producto qu\u00edmico penetra en el coraz\u00f3n del beb\u00e9, ocasionando un paro cardiaco. Este tipo de aborto se practica entre 9 a 13 semanas de\u2026","rel":"","context":"En \u00abAborto\u00bb","img":{"alt_text":"","src":"https:\/\/i2.wp.com\/catolicasmexico.com\/blog\/wp-content\/uploads\/2015\/10\/IMG_0311.jpg?resize=350%2C200&ssl=1","width":350,"height":200},"classes":[]}],"jetpack_likes_enabled":false,"jetpack_sharing_enabled":true,"_links":{"self":[{"href":"https:\/\/catolicasmexico.com\/blog\/wp-json\/wp\/v2\/posts\/4775"}],"collection":[{"href":"https:\/\/catolicasmexico.com\/blog\/wp-json\/wp\/v2\/posts"}],"about":[{"href":"https:\/\/catolicasmexico.com\/blog\/wp-json\/wp\/v2\/types\/post"}],"author":[{"embeddable":true,"href":"https:\/\/catolicasmexico.com\/blog\/wp-json\/wp\/v2\/users\/1"}],"replies":[{"embeddable":true,"href":"https:\/\/catolicasmexico.com\/blog\/wp-json\/wp\/v2\/comments?post=4775"}],"version-history":[{"count":2,"href":"https:\/\/catolicasmexico.com\/blog\/wp-json\/wp\/v2\/posts\/4775\/revisions"}],"predecessor-version":[{"id":4778,"href":"https:\/\/catolicasmexico.com\/blog\/wp-json\/wp\/v2\/posts\/4775\/revisions\/4778"}],"wp:featuredmedia":[{"embeddable":true,"href":"https:\/\/catolicasmexico.com\/blog\/wp-json\/wp\/v2\/media\/4777"}],"wp:attachment":[{"href":"https:\/\/catolicasmexico.com\/blog\/wp-json\/wp\/v2\/media?parent=4775"}],"wp:term":[{"taxonomy":"category","embeddable":true,"href":"https:\/\/catolicasmexico.com\/blog\/wp-json\/wp\/v2\/categories?post=4775"},{"taxonomy":"post_tag","embeddable":true,"href":"https:\/\/catolicasmexico.com\/blog\/wp-json\/wp\/v2\/tags?post=4775"}],"curies":[{"name":"wp","href":"https:\/\/api.w.org\/{rel}","templated":true}]}}