{"id":4429,"date":"2016-08-03T11:02:19","date_gmt":"2016-08-03T16:02:19","guid":{"rendered":"http:\/\/catolicasmexico.com\/blog\/la-policia-evacuo-la-iglesia-sainte-rita-en-paris-en-plena-misa\/"},"modified":"2017-07-21T23:28:50","modified_gmt":"2017-07-22T04:28:50","slug":"la-policia-evacuo-la-iglesia-sainte-rita-en-paris-en-plena-misa","status":"publish","type":"post","link":"https:\/\/catolicasmexico.com\/blog\/la-policia-evacuo-la-iglesia-sainte-rita-en-paris-en-plena-misa\/","title":{"rendered":"\u00a1La polic\u00eda evacu\u00f3 la iglesia Sainte-Rita en Par\u00eds, en plena misa!"},"content":{"rendered":"<p>La iglesia Santa Rita del distrito 15 en Par\u00eds, lista para la demolici\u00f3n, fue violentamente evacuada por el CRS esta ma\u00f1ana del 3 de agosto las autoridades locales, fieles y los sacerdotes que estaban en el edificio con el fin de oponerse a su demolici\u00f3n, fueron desalojados. En la puerta del edificio estaba esta inscripci\u00f3n: \u00abEn Francia, estamos matando a los sacerdotes y arrasamos con las iglesias \u00ab.<br \/>\n(&#8230;)<\/p>\n<p>Desde Octubre del 2015 hasta agosto del 2016, fue utilizada por una nueva asociaci\u00f3n cat\u00f3lica del Instituto del buen pastor el abad Guillaume de Tano\u00fcarn era el encargado.&nbsp;<\/p>\n<p>Fue la Asociaci\u00f3n de las capillas cat\u00f3licas y apost\u00f3lica\u00bb, de rito galicanos, due\u00f1o actual de esta iglesia en el estilo neog\u00f3tico que pidi\u00f3 su demolici\u00f3n para una transacci\u00f3n de bienes ra\u00edces de la compa\u00f1\u00eda Garibaldi. Esta asociaci\u00f3n, (\u00bfadoradora de Mamon?) obtuvo por orden del tribunal de Par\u00eds una autorizaci\u00f3n judicial el 6 de enero (el d\u00eda de la adoraci\u00f3n de los Reyes Magos) para llevar a cabo la expulsi\u00f3n de sus ocupantes y construir en su lugar un estacionamiento y una vivienda. (&#8230;)al enterarse de la demolici\u00f3n, los tradicionales cat\u00f3licos se movilizaron y comenzaron a celebrar la Santa Misa, se dice que hab\u00eda cientos de fieles.<br \/>\n(&#8230;)<br \/>\nGases lacrim\u00f3genos fueron utilizados contra los sacerdotes y una mujer embarazada. Seg\u00fan los informes en las redes sociales.<br \/>\nUn comunicado de la Prefectura de la polic\u00eda minimiz\u00f3 esta evacuaci\u00f3n violenta  especificando que fue a petici\u00f3n de la Asociaci\u00f3n de \u00abcapillas cat\u00f3lica y apost\u00f3lica\u00bb, que (&#8230;) invirtieron. El comunicado de prensa dice que el inicio del trabajo se retras\u00f3 debido a la ocupaci\u00f3n  &#8216; la presencia de ocupantes sin t\u00edtulo o derechos\u00bb Sin embargo, este edificio es cristiano y el alcalde del distrito XV de Paris apoya a la sostenibilidad de esta iglesia,( construida en 1900 )y estaba en conversaciones para encontrar una soluci\u00f3n a su mantenimiento.<\/p>\n<p>Francia fue bautizada  y fundada por el bautismo de Clovis en 496 y confirmado por San Juana de arco 1000 a\u00f1os m\u00e1s tarde, la iglesia un s\u00edmbolo del cristiano es esto que la polic\u00eda ataca, mientras que un sacerdote es arrastrado delante del altar como un asesino, sin tener en cuenta a Jesucristo presente en el tabern\u00e1culo, la misa fue suspendida por el ruido de botas, las matracas y de la violencia policiaca, sin tener el menor respeto, \u00bfse ver\u00e1 en esta Rep\u00fablica mas\u00f3nica un imam de una mezquita sacado por la fuerza como este sacerdote, para permitir la demolici\u00f3n de la mezquita? \u00bfMientras que muchos de ellos llaman sus seguidores a la delincuencia en sus mezquitas? \u00bfy mientras los atentados isl\u00e1micos est\u00e1n en pleno apogeo? Dicho esto hace solo una semana,que un sacerdote cat\u00f3lico fue sacrificado ante el altar en su iglesia de Saint Etienne de Rouvray, por demonios islamitas y la Rep\u00fablica mas\u00f3nica y allahiste !<br \/>\nTraducci\u00f3n y edici\u00f3n libre CM art\u00edculo en Franc\u00e9s &#101;&#x6d;i&#x6c;i&#x65;d&#101;&#x66;&#114;&#x65;s&#x6e;e&#x40;m&#101;&#x64;i&#x61;s&#x2d;P&#x72;&#x65;&#115;&#x73;e&#x2e;i&#x6e;f&#111;<\/p>\n","protected":false},"excerpt":{"rendered":"<p>La iglesia Santa Rita del distrito 15 en Par\u00eds, lista para la demolici\u00f3n, fue violentamente evacuada por el CRS esta ma\u00f1ana del 3 de agosto las autoridades locales, fieles y los sacerdotes que estaban en el edificio con el fin de oponerse a su demolici\u00f3n, fueron desalojados. En la puerta del edificio estaba esta inscripci\u00f3n: [&hellip;]<\/p>\n","protected":false},"author":1,"featured_media":4428,"comment_status":"open","ping_status":"open","sticky":false,"template":"","format":"standard","meta":{"spay_email":"","jetpack_publicize_message":"","jetpack_is_tweetstorm":false},"categories":[335,32,13],"tags":[],"aioseo_notices":[],"jetpack_featured_media_url":"https:\/\/catolicasmexico.com\/blog\/wp-content\/uploads\/2016\/08\/IMG_0805.jpg","jetpack_publicize_connections":[],"jetpack_shortlink":"https:\/\/wp.me\/p3B5XH-19r","jetpack-related-posts":[{"id":965,"url":"https:\/\/catolicasmexico.com\/blog\/pelosi-se-rie-de-la-carta-del-sacerdote-que-desafio-su-posicion-sobre-el-aborto-esta-actuando-histericamente\/","url_meta":{"origin":4429,"position":0},"title":"Pelosi se r\u00ede de la carta del sacerdote que desafi\u00f3 su posici\u00f3n sobre el aborto: \"Est\u00e1 actuando hist\u00e9ricamente\"","date":"27 junio 2013","format":false,"excerpt":"Por John Jalsevac. Traducido y editado por Alejandro P. de www.catolicasmexico.com Martes, 25 de junio de 2013 15:51 25 De junio del 2013 (LifeSiteNews.com) - La ex presidente de la c\u00e1mara de representantes, Nancy Pelosi se ha re\u00eddo de una carta redactada por el fundador de Sacerdotes por la Vida,\u2026","rel":"","context":"En \u00abAborto\u00bb","img":{"alt_text":"","src":"https:\/\/i0.wp.com\/catolicasmexico.com\/blog\/wp-content\/uploads\/2013\/07\/Nacy-Pelosi-1024x1024.jpeg?resize=350%2C200","width":350,"height":200},"classes":[]},{"id":3118,"url":"https:\/\/catolicasmexico.com\/blog\/la-nueva-iglesia-del-nom\/","url_meta":{"origin":4429,"position":1},"title":"\u00bfLa nueva Iglesia del NOM?","date":"25 junio 2014","format":false,"excerpt":"Berl\u00edn: Sinagoga-mezquita-iglesia, el nuevo supermercado de religiones en el mundo... Se habla de una casa para todos, abierta para todos los creyentes y para los ateos. Un lugar de oraci\u00f3n propia para los jud\u00edos, musulmanes y protestantes, y una gran sala comunitaria. El Rabino Tovia Ben Chorin, Kadir Sanci y\u2026","rel":"","context":"En \u00abataques contra la Iglesia Catolica\u00bb","img":{"alt_text":"","src":"","width":0,"height":0},"classes":[]},{"id":1111,"url":"https:\/\/catolicasmexico.com\/blog\/domingo-dia-del-senor\/","url_meta":{"origin":4429,"position":2},"title":"Domingo d\u00eda del Se\u00f1or.","date":"7 julio 2013","format":false,"excerpt":"Hoy domingo d\u00eda del Se\u00f1or, queremos compartir una oraci\u00f3n por los sacerdotes. Para que Dios nos env\u00ede Santos Sacerdotes seg\u00fan su coraz\u00f3n. Amen. Oraci\u00f3n de Santa Faustina por la Santa Iglesia y por los Sacerdotes. \u00a1Oh Jesus m\u00edo! te pido por la Iglesia entera, Ot\u00f3rgale el amor y la luz\u2026","rel":"","context":"En \u00abFe\u00bb","img":{"alt_text":"","src":"https:\/\/i1.wp.com\/catolicasmexico.com\/blog\/wp-content\/uploads\/2013\/07\/20130707-154410.jpg?resize=350%2C200&ssl=1","width":350,"height":200},"classes":[]},{"id":3151,"url":"https:\/\/catolicasmexico.com\/blog\/el-femen-amenazan-con-apropiarse-de-una-iglesia-tras-su-expulsion-de-clichy\/","url_meta":{"origin":4429,"position":3},"title":"Las Femen amenazan con apropiarse de una iglesia tras su expulsi\u00f3n de Clichy.","date":"1 julio 2014","format":false,"excerpt":"Del sitio www.medias-presse-info.com traducci\u00f3n y edici\u00f3n libre www.catolicas mexico.com Inna Shevchenko, presente en el tribunal de Asni\u00e8res para la audiencia de la sentencia, hizo una nueva amenaza contra los cristianos: ' vamos a utilizar una iglesia en Par\u00eds, o bien el Ayuntamiento de Par\u00eds. La Sentencia fue dada por el\u2026","rel":"","context":"En \u00abataques contra la Iglesia Catolica\u00bb","img":{"alt_text":"","src":"https:\/\/i2.wp.com\/catolicasmexico.com\/blog\/wp-content\/uploads\/2014\/07\/20140701-144420.jpg?resize=350%2C200&ssl=1","width":350,"height":200},"classes":[]},{"id":2659,"url":"https:\/\/catolicasmexico.com\/blog\/defendamos-a-la-iglesia-catolica-de-la-comision-de-naciones-unidas-que-pide-que-cambie-su-doctrina-sobre-el-aborto\/","url_meta":{"origin":4429,"position":4},"title":"Defendamos a la Iglesia Cat\u00f3lica de la Comisi\u00f3n de Naciones Unidas que pide que cambie su doctrina sobre el aborto.","date":"4 marzo 2014","format":false,"excerpt":"Hemos recibido esta informaci\u00f3n: 03 de marzo de 2014 Queridos amigos, Estoy fuera de m\u00ed. Hoy, una Comisi\u00f3n de las Naciones Unidas orden\u00f3 a la iglesia cat\u00f3lica que permita que los ni\u00f1os tengan relaciones y que cambie su doctrina sobre la anticoncepci\u00f3n. El Comit\u00e9 tambi\u00e9n pidi\u00f3 a la iglesia que\u2026","rel":"","context":"En \u00abAborto\u00bb","img":{"alt_text":"","src":"","width":0,"height":0},"classes":[]},{"id":861,"url":"https:\/\/catolicasmexico.com\/blog\/por-orden-del-arzobispo-un-transexual-que-estaba-cursando-catequesis-no-podra-ser-confirmado-13-06-14\/","url_meta":{"origin":4429,"position":5},"title":"Por orden del arzobispo, un transexual que estaba cursando catequesis, no podr\u00e1 ser confirmado [13-06-14]","date":"16 junio 2013","format":false,"excerpt":"Informaci\u00f3n de www.forosdelavirgen.org Convocan a una protesta ante la catedral de Granada. Manuela Rute, una transexual, dice \u201cHe sido siempre cat\u00f3lica, apost\u00f3lica y practicante, y me ha costado mucho tiempo ganarme el respeto como persona y como mujer en \u00cdllora (municipio de Granada)\u201d. Pero el arzobispo considera que la transexualidad\u2026","rel":"","context":"En \u00abHomosexualidad\u00bb","img":{"alt_text":"","src":"","width":0,"height":0},"classes":[]}],"jetpack_likes_enabled":false,"jetpack_sharing_enabled":true,"_links":{"self":[{"href":"https:\/\/catolicasmexico.com\/blog\/wp-json\/wp\/v2\/posts\/4429"}],"collection":[{"href":"https:\/\/catolicasmexico.com\/blog\/wp-json\/wp\/v2\/posts"}],"about":[{"href":"https:\/\/catolicasmexico.com\/blog\/wp-json\/wp\/v2\/types\/post"}],"author":[{"embeddable":true,"href":"https:\/\/catolicasmexico.com\/blog\/wp-json\/wp\/v2\/users\/1"}],"replies":[{"embeddable":true,"href":"https:\/\/catolicasmexico.com\/blog\/wp-json\/wp\/v2\/comments?post=4429"}],"version-history":[{"count":1,"href":"https:\/\/catolicasmexico.com\/blog\/wp-json\/wp\/v2\/posts\/4429\/revisions"}],"predecessor-version":[{"id":4430,"href":"https:\/\/catolicasmexico.com\/blog\/wp-json\/wp\/v2\/posts\/4429\/revisions\/4430"}],"wp:featuredmedia":[{"embeddable":true,"href":"https:\/\/catolicasmexico.com\/blog\/wp-json\/wp\/v2\/media\/4428"}],"wp:attachment":[{"href":"https:\/\/catolicasmexico.com\/blog\/wp-json\/wp\/v2\/media?parent=4429"}],"wp:term":[{"taxonomy":"category","embeddable":true,"href":"https:\/\/catolicasmexico.com\/blog\/wp-json\/wp\/v2\/categories?post=4429"},{"taxonomy":"post_tag","embeddable":true,"href":"https:\/\/catolicasmexico.com\/blog\/wp-json\/wp\/v2\/tags?post=4429"}],"curies":[{"name":"wp","href":"https:\/\/api.w.org\/{rel}","templated":true}]}}