{"id":4320,"date":"2016-03-23T12:08:13","date_gmt":"2016-03-23T18:08:13","guid":{"rendered":"http:\/\/catolicasmexico.com\/blog\/eeuu-clinto-y-sanders-fueron-cuestionados-sobre-el-aborto-en-un-debate-en-fox-news\/"},"modified":"2016-03-23T12:08:13","modified_gmt":"2016-03-23T18:08:13","slug":"eeuu-clinto-y-sanders-fueron-cuestionados-sobre-el-aborto-en-un-debate-en-fox-news","status":"publish","type":"post","link":"https:\/\/catolicasmexico.com\/blog\/eeuu-clinto-y-sanders-fueron-cuestionados-sobre-el-aborto-en-un-debate-en-fox-news\/","title":{"rendered":"EEUU: Clinto y Sanders fueron cuestionados sobre el aborto en un debate en Fox News."},"content":{"rendered":"<p>todos los que siguen la campa\u00f1a nacional del Partido Dem\u00f3crata saben que es el partido de los derechos por aborto en los \u00faltimos 45 a\u00f1os. Los medios de comunicaci\u00f3n hab\u00edan evitado cuestionarlos sobre sus puntos de vista sobre el aborto. Pero por la presi\u00f3n de los telespectadores en un debate el 7 de marzo Bret Baier de FX News les cuestion\u00f3.<br \/>\nCuando les pregunto si apoyaban el aborto y s\u00ed aceptar\u00edan el aborto m\u00e1s all\u00e1 de los 5 meses de embarazo, evitaron de contestar a la pregunta directamente. Sanders dijo que el gobierno no puede decirle a una mujer lo que puede  hacer con su  cuerpo.<\/p>\n<p>El moderador le pidi\u00f3 ser m\u00e1s claro y Sanders  contesto: \u00bb estoy completamente en favor del aborto es una decisi\u00f3n que toma una mujer, su m\u00e9dico y su familia es mi punto de vista\u00bb<br \/>\nHillary Clinton por su lado contest\u00f3 simplemente lo que ya sab\u00edamos \u00bb solamente las mujeres tienen el derecho de tomar esa decisi\u00f3n con sus familias, sus m\u00e9dicos y su fe.  pienso que tenemos que seguir apoyando os derechos de las mujeres si quieren  tomar esta decisi\u00f3n y de defender Planned Parenthood qu\u00e9 hace un excelente trabajo en todo el pa\u00eds. estoy en favor del aborto Tard\u00edo, s\u00ed el embarazo arriesgar la vida o la salud de la mujer\u00bb.<\/p>\n<p>Noticia de LifeSite edici\u00f3n y traducci\u00f3n libre CM por PHG.<\/p>\n","protected":false},"excerpt":{"rendered":"<p>todos los que siguen la campa\u00f1a nacional del Partido Dem\u00f3crata saben que es el partido de los derechos por aborto en los \u00faltimos 45 a\u00f1os. Los medios de comunicaci\u00f3n hab\u00edan evitado cuestionarlos sobre sus puntos de vista sobre el aborto. Pero por la presi\u00f3n de los telespectadores en un debate el 7 de marzo Bret [&hellip;]<\/p>\n","protected":false},"author":1,"featured_media":4319,"comment_status":"open","ping_status":"open","sticky":false,"template":"","format":"standard","meta":{"spay_email":"","jetpack_publicize_message":"","jetpack_is_tweetstorm":false},"categories":[9,16,72],"tags":[223,881],"aioseo_notices":[],"jetpack_featured_media_url":"https:\/\/catolicasmexico.com\/blog\/wp-content\/uploads\/2016\/03\/IMG_0489.jpg","jetpack_publicize_connections":[],"jetpack_shortlink":"https:\/\/wp.me\/p3B5XH-17G","jetpack-related-posts":[{"id":3786,"url":"https:\/\/catolicasmexico.com\/blog\/su-marido-queria-un-nino-entonces-ella-aborto-18-veces-antes-de-tener-un-varon\/","url_meta":{"origin":4320,"position":0},"title":"Su marido quer\u00eda un ni\u00f1o, entonces ella abort\u00f3 18 veces antes de tener un var\u00f3n","date":"4 junio 2015","format":false,"excerpt":"El aborto selectivo es un problema internacional \u2014 y el fen\u00f3meno es m\u00e1s frecuente en el sudeste asi\u00e1tico. En naciones como China e India, las ni\u00f1as son abortadas rutinariamente porque las costumbres culturales a favorecen a los varones. Vietnam, por desgracia, no es una excepci\u00f3n. \u00a0 Y es all\u00ed donde\u2026","rel":"","context":"En \u00abAborto\u00bb","img":{"alt_text":"","src":"https:\/\/i1.wp.com\/catolicasmexico.com\/blog\/wp-content\/uploads\/2015\/06\/vietnam.jpg?resize=350%2C200&ssl=1","width":350,"height":200},"classes":[]},{"id":4249,"url":"https:\/\/catolicasmexico.com\/blog\/dos-anos-despues-del-nacimiento-de-su-nino-aborto-a-su-hermano-por-nacer\/","url_meta":{"origin":4320,"position":1},"title":"Dos a\u00f1os despu\u00e9s del nacimiento de su ni\u00f1o, abort\u00f3 a su hermano por nacer","date":"18 febrero 2016","format":false,"excerpt":"\u00a0 Original de lifenews.com traduccion libre para catolicasmexico.com Hoy en d\u00eda, millones de ni\u00f1os en Am\u00e9rica tienen hermanos o hermanas que nunca conocer\u00e1n a causa del aborto. \u00a0 El hijo de la promotora del aborto Liz Jones es uno de ellos. El blog de Tumblr \"Pregnant, Parenting & Pro-Choice\" (Embarazada,\u2026","rel":"","context":"En \u00abAborto\u00bb","img":{"alt_text":"","src":"https:\/\/i2.wp.com\/catolicasmexico.com\/blog\/wp-content\/uploads\/2016\/02\/lizjones.png?resize=350%2C200&ssl=1","width":350,"height":200},"classes":[]},{"id":1169,"url":"https:\/\/catolicasmexico.com\/blog\/4-diputados-que-votaron-contra-el-proyecto-de-ley-para-legalizar-el-aborto-en-irlanda-han-sido-expulsados-de-su-partido\/","url_meta":{"origin":4320,"position":2},"title":"4 Diputados que votaron contra el proyecto de ley para legalizar el aborto en Irlanda han sido expulsados de su partido","date":"10 julio 2013","format":false,"excerpt":"Del blog de www.cqv.qc.ca original del blog de Jeanne Smits. Traducci\u00f3n y edici\u00f3n libre www.catolicasmexico.com Tras la primera votaci\u00f3n que fue favorable (138 votos contra 24 en la c\u00e1mara baja) a la ley, que pone fin a la prohibici\u00f3n del aborto en Irlanda - en 24 horas - cuatro miembros\u2026","rel":"","context":"En \u00abAborto\u00bb","img":{"alt_text":"","src":"","width":0,"height":0},"classes":[]},{"id":2774,"url":"https:\/\/catolicasmexico.com\/blog\/hillary-campeona-mundial-del-aborto-y-candidata-a-la-casa-blanca\/","url_meta":{"origin":4320,"position":3},"title":"Hillary, campeona mundial del aborto y candidata a la Casa Blanca","date":"24 marzo 2014","format":false,"excerpt":"21\/03\/2014> en Enormes minucias Articulo de Hispanidad por Eulogio L\u00f3pez. Ocurri\u00f3 en 1994, Conferencia Internacional sobre poblaci\u00f3n de El Cairo. Primer intento del NOM para imponer el aborto obligatorio en el mundo. Luchan el ecologista, y tambi\u00e9n abortista, vicepresidente de los Estados Unidos, Al Gore, y el Vaticano, representado por\u2026","rel":"","context":"En \u00abAborto\u00bb","img":{"alt_text":"","src":"https:\/\/i0.wp.com\/catolicasmexico.com\/blog\/wp-content\/uploads\/2014\/03\/20140324-120923.jpg?resize=350%2C200&ssl=1","width":350,"height":200},"classes":[]},{"id":4078,"url":"https:\/\/catolicasmexico.com\/blog\/un-bebe-fue-salvado-del-aborto-quimico\/","url_meta":{"origin":4320,"position":4},"title":"Un beb\u00e9 \u00a0fue salvado del aborto qu\u00edmico.","date":"11 noviembre 2015","format":false,"excerpt":"Por LiveActionNews - del sitio www.cqv.ca.qc traducido por CM Bill Melugin, presentador del canal 46 Fox en Charlotte, en Carolina del Norte comparti\u00f3 la informaci\u00f3n sobre Facebook sobre la 'elecci\u00f3n' y el aborto de una manera absolutamente nueva. Melugin entrevist\u00f3 Autumn Barnes, quien tom\u00f3 la primera p\u00edldora de aborto (mifepristona)\u2026","rel":"","context":"En \u00abAborto\u00bb","img":{"alt_text":"","src":"https:\/\/i0.wp.com\/catolicasmexico.com\/blog\/wp-content\/uploads\/2015\/11\/IMG_0326.jpg?resize=350%2C200&ssl=1","width":350,"height":200},"classes":[]},{"id":1455,"url":"https:\/\/catolicasmexico.com\/blog\/en-irlanda-los-senadores-no-quiere-saber-como-se-hace-un-aborto\/","url_meta":{"origin":4320,"position":5},"title":"En Irlanda los senadores no quiere saber como se hace un aborto...","date":"29 julio 2013","format":false,"excerpt":"Del blog de www.cqv.cq.ca original del blog de Jeanne Smits. Traducci\u00f3n y edici\u00f3n libre Alejandro P. de www.catolicasmexico.com Jim Walsh, senador irland\u00e9s del partido Fianna F\u00e1il ,que form\u00f3 parte de aquellos que lucharon contra la aprobaci\u00f3n de la ley de aborto en Irlanda, hace una semana fue atacado fuertemente por\u2026","rel":"","context":"En \u00abAborto\u00bb","img":{"alt_text":"","src":"","width":0,"height":0},"classes":[]}],"jetpack_likes_enabled":false,"jetpack_sharing_enabled":true,"_links":{"self":[{"href":"https:\/\/catolicasmexico.com\/blog\/wp-json\/wp\/v2\/posts\/4320"}],"collection":[{"href":"https:\/\/catolicasmexico.com\/blog\/wp-json\/wp\/v2\/posts"}],"about":[{"href":"https:\/\/catolicasmexico.com\/blog\/wp-json\/wp\/v2\/types\/post"}],"author":[{"embeddable":true,"href":"https:\/\/catolicasmexico.com\/blog\/wp-json\/wp\/v2\/users\/1"}],"replies":[{"embeddable":true,"href":"https:\/\/catolicasmexico.com\/blog\/wp-json\/wp\/v2\/comments?post=4320"}],"version-history":[{"count":0,"href":"https:\/\/catolicasmexico.com\/blog\/wp-json\/wp\/v2\/posts\/4320\/revisions"}],"wp:featuredmedia":[{"embeddable":true,"href":"https:\/\/catolicasmexico.com\/blog\/wp-json\/wp\/v2\/media\/4319"}],"wp:attachment":[{"href":"https:\/\/catolicasmexico.com\/blog\/wp-json\/wp\/v2\/media?parent=4320"}],"wp:term":[{"taxonomy":"category","embeddable":true,"href":"https:\/\/catolicasmexico.com\/blog\/wp-json\/wp\/v2\/categories?post=4320"},{"taxonomy":"post_tag","embeddable":true,"href":"https:\/\/catolicasmexico.com\/blog\/wp-json\/wp\/v2\/tags?post=4320"}],"curies":[{"name":"wp","href":"https:\/\/api.w.org\/{rel}","templated":true}]}}