{"id":4184,"date":"2016-01-18T10:07:01","date_gmt":"2016-01-18T16:07:01","guid":{"rendered":"http:\/\/catolicasmexico.com\/blog\/?p=4184"},"modified":"2016-01-18T10:06:58","modified_gmt":"2016-01-18T16:06:58","slug":"ted-cruz-hillary-apoya-el-aborto-hasta-el-nacimiento","status":"publish","type":"post","link":"https:\/\/catolicasmexico.com\/blog\/ted-cruz-hillary-apoya-el-aborto-hasta-el-nacimiento\/","title":{"rendered":"Ted Cruz: Hillary apoya el aborto hasta el nacimiento"},"content":{"rendered":"<p><a href=\"http:\/\/catolicasmexico.com\/blog\/wp-content\/uploads\/2016\/01\/hillaryclinton51.jpg\"><img data-attachment-id=\"4185\" data-permalink=\"https:\/\/catolicasmexico.com\/blog\/ted-cruz-hillary-apoya-el-aborto-hasta-el-nacimiento\/hillaryclinton51\/\" data-orig-file=\"https:\/\/catolicasmexico.com\/blog\/wp-content\/uploads\/2016\/01\/hillaryclinton51.jpg\" data-orig-size=\"599,406\" data-comments-opened=\"1\" data-image-meta=\"{&quot;aperture&quot;:&quot;0&quot;,&quot;credit&quot;:&quot;&quot;,&quot;camera&quot;:&quot;&quot;,&quot;caption&quot;:&quot;&quot;,&quot;created_timestamp&quot;:&quot;0&quot;,&quot;copyright&quot;:&quot;&quot;,&quot;focal_length&quot;:&quot;0&quot;,&quot;iso&quot;:&quot;0&quot;,&quot;shutter_speed&quot;:&quot;0&quot;,&quot;title&quot;:&quot;&quot;,&quot;orientation&quot;:&quot;0&quot;}\" data-image-title=\"hillaryclinton51\" data-image-description=\"\" data-medium-file=\"https:\/\/catolicasmexico.com\/blog\/wp-content\/uploads\/2016\/01\/hillaryclinton51-300x203.jpg\" data-large-file=\"https:\/\/catolicasmexico.com\/blog\/wp-content\/uploads\/2016\/01\/hillaryclinton51.jpg\" class=\"alignleft size-full wp-image-4185\" src=\"http:\/\/catolicasmexico.com\/blog\/wp-content\/uploads\/2016\/01\/hillaryclinton51.jpg\" alt=\"hillaryclinton51\" width=\"599\" height=\"406\" srcset=\"http:\/\/catolicasmexico.com\/blog\/wp-content\/uploads\/2016\/01\/hillaryclinton51.jpg 599w, https:\/\/catolicasmexico.com\/blog\/wp-content\/uploads\/2016\/01\/hillaryclinton51-300x203.jpg 300w, https:\/\/catolicasmexico.com\/blog\/wp-content\/uploads\/2016\/01\/hillaryclinton51-150x150.jpg 150w\" sizes=\"100vw\" \/> <\/a><\/p>\n<p>&nbsp;<\/p>\n<p>Hillary Clinton ser\u00e1 probablemente el candidato dem\u00f3crata a la Presidencia y su postura radical en la promoci\u00f3n del aborto est\u00e1 desconectada de &nbsp;la mayor\u00eda de los estadounidenses, quienes se oponen a todos o casi todos los abortos.<\/p>\n<p>&nbsp;<\/p>\n<p>Recientemente, el candidato presidencial republicano pro-vida Ted Cruz resumi\u00f3 la posici\u00f3n de Clinton sobre el aborto y demostr\u00f3 cu\u00e1n radical es y cu\u00e1n desconectada est\u00e1 Clinton de la mayor\u00eda de los estadounidenses.<\/p>\n<p>&nbsp;<\/p>\n<p>\u00abHillary Clinton apoya el aborto sin l\u00edmites bajo demanda hasta el momento del nacimiento, patrocinado por el contribuyente\u00bb, dijo Cruz, afirmando que s\u00f3lo el nueve por ciento de los estadounidenses comparten ese punto de vista.<\/p>\n<p>&nbsp;<\/p>\n<p>Este fin de semana, Clinton manifest\u00f3 su compromiso incondicional con el aborto y el negocio de Planned Parenthood, aceptando su invitaci\u00f3n durante un mitin en favor del aborto, diciendo que ser\u00eda el Presidente del negocio del aborto.<\/p>\n<p>&nbsp;<\/p>\n<p>\u00abYo siempre defender\u00e9 a Planned Parenthood y dir\u00e9 siempre y con orgullo, Planned Parenthood debe ser financiado, apoyado y protegido, no socavado, tergiversado y demonizado\u00bb, dijo Clinton. \u00abComo Presidente, siempre tendr\u00e1n mi respaldo.\u00bb<\/p>\n<p>&nbsp;<\/p>\n<p>La primera orden del d\u00eda para Clinton y sus amigos en el negocio del aborto es obligar a los estadounidenses a pagar los abortos con sus impuestos, intentado anular la Enmienda Hyde, que ha protegido a los estadounidenses de contribuir a la mayor\u00eda de los abortos desde la d\u00e9cada de 1970. Ratificada por el Tribunal Supremo, la Enmienda Hyde es ahora un blanco en la mira de los defensores del aborto, que han pasado de ser pro-elecci\u00f3n a &nbsp;pro-aborto, obligando a los estadounidenses no s\u00f3lo a aceptar abortos sin l\u00edmites hasta el nacimiento sino a pagar por ellos.<\/p>\n<p>&nbsp;<\/p>\n<p>Durante el mitin, Hillary dijo que el aborto y la financiaci\u00f3n del aborto deben ser \u00abdefendidas en principio y en la pr\u00e1ctica.\u00bb<\/p>\n<p>&nbsp;<\/p>\n<p>Una encuesta de septiembre de CNN descubri\u00f3 que 58 por ciento de los estadounidenses se oponen a todos o casi todos los abortos.<\/p>\n<p>&nbsp;<\/p>\n<p>CNN encontr\u00f3 que 18% dijo que el aborto deber\u00eda ser ilegal. Entonces se separ\u00f3 a quienes creen que el aborto debe ser legal en \u00abalgunos casos\u00bb [40%] contra aquellos que dicen que el aborto debe ser legal en \u00abla mayor\u00eda de los casos\u00bb [13%]. Al juntar a quienes dijeron que el aborto deber\u00eda ser ilegal con quienes han dicho que deber\u00eda ser legal en algunos casos, CNN encontr\u00f3 que 58% cree que el aborto \u00abdeber\u00eda ser ilegal en la mayor\u00eda\u00bb de las circunstancias.<\/p>\n<p>&nbsp;<\/p>\n<p>Otro punto importante es el siguiente: un cambio en menos de un mes que fue el incremento en el porcentaje de los que sostienen que el aborto debe ser legal en s\u00f3lo unas pocas circunstancias \u2013 de 37% a 40% \u2013 con una ca\u00edda de los que dijeron que el aborto debe ser legal en cualquier circunstancia \u2013 de 30% al 26%.<\/p>\n<p>&nbsp;<\/p>\n<p>Una encuesta del grupo Gallup de mayo confirma que la mayor\u00eda de los estadounidenses se oponen a todos o casi todos los abortos. Cuando se les pregunt\u00f3 cu\u00e1ndo el aborto debe ser legal, 55 por ciento de los estadounidenses se oponen a todos los abortos o dicen que el aborto s\u00f3lo debe ser legal en \u00abpocas circunstancias,\u00bb incluyendo casos como la violaci\u00f3n, el incesto o si la vida de la madre est\u00e1 en peligro. Ya que estos casos constituyen, como m\u00e1ximo, 1-2 por ciento de los casos de aborto, los &nbsp;n\u00fameros de Gallup confirman que el 55 por ciento de los estadounidenses se oponen a 98 por ciento o m\u00e1s de los 1,1 millones de abortos que ocurren anualmente en los Estados Unidos.<\/p>\n<p>&nbsp;<\/p>\n<p>La encuesta, pone claro que 27 por ciento de aquellos que se llaman \u00abpro-elecci\u00f3n\u00bb realmente toman una posici\u00f3n pro-vida ya que desean que todos los abortos sean ilegales o que sean legales s\u00f3lo en casos muy raros. S\u00f3lo el 9 por ciento de las personas que apoyan el aborto ilimitado err\u00f3neamente se llaman pro elecci\u00f3n.<\/p>\n","protected":false},"excerpt":{"rendered":"<p>&nbsp; Hillary Clinton ser\u00e1 probablemente el candidato dem\u00f3crata a la Presidencia y su postura radical en la promoci\u00f3n del aborto est\u00e1 desconectada de &nbsp;la mayor\u00eda de los estadounidenses, quienes se oponen a todos o casi todos los abortos. &nbsp; Recientemente, el candidato presidencial republicano pro-vida Ted Cruz resumi\u00f3 la posici\u00f3n de Clinton sobre el aborto [&hellip;]<\/p>\n","protected":false},"author":5,"featured_media":4185,"comment_status":"open","ping_status":"open","sticky":false,"template":"","format":"standard","meta":{"spay_email":"","jetpack_publicize_message":"","jetpack_is_tweetstorm":false},"categories":[9,72,70],"tags":[817,730,818],"aioseo_notices":[],"jetpack_featured_media_url":"https:\/\/catolicasmexico.com\/blog\/wp-content\/uploads\/2016\/01\/hillaryclinton51.jpg","jetpack_publicize_connections":[],"jetpack_shortlink":"https:\/\/wp.me\/p3B5XH-15u","jetpack-related-posts":[{"id":4260,"url":"https:\/\/catolicasmexico.com\/blog\/hillary-clinton-defensora-del-aborto-por-nacimiento-parcial\/","url_meta":{"origin":4184,"position":0},"title":"Hillary Clinton, defensora del aborto por nacimiento parcial","date":"24 febrero 2016","format":false,"excerpt":"\u00a0 \u00a0 \u00a0 \u00a0 \u00a0 \u00a0 \u00a0 Durante el debate presidencial republicano del s\u00e1bado, el senador pro-vida de Florida Marco Rubio aclar\u00f3 que existe un enorme contraste con Hillary Clinton y su apoyo al aborto ilimitado Rubio dijo que la posici\u00f3n sobre el aborto de Clinton es \"extrema\", agregando que\u2026","rel":"","context":"En \u00abAborto\u00bb","img":{"alt_text":"","src":"https:\/\/i1.wp.com\/catolicasmexico.com\/blog\/wp-content\/uploads\/2016\/02\/hillaryclinton19.png?resize=350%2C200&ssl=1","width":350,"height":200},"classes":[]},{"id":3734,"url":"https:\/\/catolicasmexico.com\/blog\/hillary-clinton-quiere-obligar-a-los-partidarios-de-la-tradicion-a-aceptar-el-aborto\/","url_meta":{"origin":4184,"position":1},"title":"Hillary Clinton quiere obligar a los partidarios de la tradici\u00f3n a aceptar el aborto","date":"29 abril 2015","format":false,"excerpt":"Hillary Clinton contendiente por el partido democr\u00e1tico en las pr\u00f3ximas elecciones en 2016, no teme atacar directamente a la fe - y sobre todo a los cat\u00f3licos americanos - en una conferencia en Nueva York afirm\u00f3 que \"se debe cambiar\" las creencias religiosas que condenan 'derechos reproductivos'\" palabras sacadas del\u2026","rel":"","context":"En \u00abataques contra la Iglesia Catolica\u00bb","img":{"alt_text":"","src":"","width":0,"height":0},"classes":[]},{"id":2774,"url":"https:\/\/catolicasmexico.com\/blog\/hillary-campeona-mundial-del-aborto-y-candidata-a-la-casa-blanca\/","url_meta":{"origin":4184,"position":2},"title":"Hillary, campeona mundial del aborto y candidata a la Casa Blanca","date":"24 marzo 2014","format":false,"excerpt":"21\/03\/2014> en Enormes minucias Articulo de Hispanidad por Eulogio L\u00f3pez. Ocurri\u00f3 en 1994, Conferencia Internacional sobre poblaci\u00f3n de El Cairo. Primer intento del NOM para imponer el aborto obligatorio en el mundo. Luchan el ecologista, y tambi\u00e9n abortista, vicepresidente de los Estados Unidos, Al Gore, y el Vaticano, representado por\u2026","rel":"","context":"En \u00abAborto\u00bb","img":{"alt_text":"","src":"https:\/\/i0.wp.com\/catolicasmexico.com\/blog\/wp-content\/uploads\/2014\/03\/20140324-120923.jpg?resize=350%2C200&ssl=1","width":350,"height":200},"classes":[]},{"id":4143,"url":"https:\/\/catolicasmexico.com\/blog\/portavoz-de-planned-parenthood-que-abuso-de-su-hermana-menor-en-campana-electoral-con-clinton\/","url_meta":{"origin":4184,"position":3},"title":"Portavoz de Planned Parenthood que abus\u00f3 de su hermana menor, en campa\u00f1a electoral con Clinton","date":"5 enero 2016","format":false,"excerpt":"\u00a0 \u00a0 \u00a0 \u00a0 \u00a0 \u00a0 \u00a0 \u00a0 \u00a0 \u00a0 Lena Dunham actriz y portavoz de Planned Parenthood, quien \u00a0admiti\u00f3 haber abusado de su hermana menor cuando era ni\u00f1a, se presentar\u00e1 a la campa\u00f1a en Iowa en nombre de Hillary Clinton, candidata dem\u00f3crata a la presidencia. \u00a0 \u00a0 El Des\u2026","rel":"","context":"En \u00abAborto\u00bb","img":{"alt_text":"","src":"https:\/\/i0.wp.com\/catolicasmexico.com\/blog\/wp-content\/uploads\/2015\/12\/lenadunham9.jpg?resize=350%2C200&ssl=1","width":350,"height":200},"classes":[]},{"id":4320,"url":"https:\/\/catolicasmexico.com\/blog\/eeuu-clinto-y-sanders-fueron-cuestionados-sobre-el-aborto-en-un-debate-en-fox-news\/","url_meta":{"origin":4184,"position":4},"title":"EEUU: Clinto y Sanders fueron cuestionados sobre el aborto en un debate en Fox News.","date":"23 marzo 2016","format":false,"excerpt":"todos los que siguen la campa\u00f1a nacional del Partido Dem\u00f3crata saben que es el partido de los derechos por aborto en los \u00faltimos 45 a\u00f1os. Los medios de comunicaci\u00f3n hab\u00edan evitado cuestionarlos sobre sus puntos de vista sobre el aborto. Pero por la presi\u00f3n de los telespectadores en un debate\u2026","rel":"","context":"En \u00abAborto\u00bb","img":{"alt_text":"","src":"https:\/\/i2.wp.com\/catolicasmexico.com\/blog\/wp-content\/uploads\/2016\/03\/IMG_0489.jpg?resize=350%2C200&ssl=1","width":350,"height":200},"classes":[]},{"id":3517,"url":"https:\/\/catolicasmexico.com\/blog\/cada-vez-mas-personas-proeleccion-llegan-a-ser-pro-infanticidio\/","url_meta":{"origin":4184,"position":5},"title":"Cada vez m\u00e1s personas proelecci\u00f3n llegan a ser pro-infanticidio...","date":"11 noviembre 2014","format":false,"excerpt":"Traducci\u00f3n y Edici\u00f3n Libre Jules para CM. Varios grupos proelecci\u00f3n o partidarios de la Planificaci\u00f3n familiar ahora empiezan a abogar por el derecho al infanticidio. Designado como el \u00ababorto despu\u00e9s del nacimiento\u00bb, esa corriente encuentra su base de apoyo m\u00e1s fuerte entre estudiantes estadounidenses de la secundaria y postsecundaria. Seg\u00fan\u2026","rel":"","context":"En \u00abAborto\u00bb","img":{"alt_text":"","src":"https:\/\/i2.wp.com\/catolicasmexico.com\/blog\/wp-content\/uploads\/2014\/11\/IMG_0127.jpg?resize=350%2C200&ssl=1","width":350,"height":200},"classes":[]}],"jetpack_likes_enabled":false,"jetpack_sharing_enabled":true,"_links":{"self":[{"href":"https:\/\/catolicasmexico.com\/blog\/wp-json\/wp\/v2\/posts\/4184"}],"collection":[{"href":"https:\/\/catolicasmexico.com\/blog\/wp-json\/wp\/v2\/posts"}],"about":[{"href":"https:\/\/catolicasmexico.com\/blog\/wp-json\/wp\/v2\/types\/post"}],"author":[{"embeddable":true,"href":"https:\/\/catolicasmexico.com\/blog\/wp-json\/wp\/v2\/users\/5"}],"replies":[{"embeddable":true,"href":"https:\/\/catolicasmexico.com\/blog\/wp-json\/wp\/v2\/comments?post=4184"}],"version-history":[{"count":2,"href":"https:\/\/catolicasmexico.com\/blog\/wp-json\/wp\/v2\/posts\/4184\/revisions"}],"predecessor-version":[{"id":4190,"href":"https:\/\/catolicasmexico.com\/blog\/wp-json\/wp\/v2\/posts\/4184\/revisions\/4190"}],"wp:featuredmedia":[{"embeddable":true,"href":"https:\/\/catolicasmexico.com\/blog\/wp-json\/wp\/v2\/media\/4185"}],"wp:attachment":[{"href":"https:\/\/catolicasmexico.com\/blog\/wp-json\/wp\/v2\/media?parent=4184"}],"wp:term":[{"taxonomy":"category","embeddable":true,"href":"https:\/\/catolicasmexico.com\/blog\/wp-json\/wp\/v2\/categories?post=4184"},{"taxonomy":"post_tag","embeddable":true,"href":"https:\/\/catolicasmexico.com\/blog\/wp-json\/wp\/v2\/tags?post=4184"}],"curies":[{"name":"wp","href":"https:\/\/api.w.org\/{rel}","templated":true}]}}