{"id":4046,"date":"2015-11-04T12:14:17","date_gmt":"2015-11-04T18:14:17","guid":{"rendered":"http:\/\/catolicasmexico.com\/blog\/?p=4046"},"modified":"2015-11-04T12:14:18","modified_gmt":"2015-11-04T18:14:18","slug":"un-abortorio-llama-a-la-policia-por-el-disturbio-que-los-bebes-de-los-activistas-de-la-vigilia-causaban","status":"publish","type":"post","link":"https:\/\/catolicasmexico.com\/blog\/un-abortorio-llama-a-la-policia-por-el-disturbio-que-los-bebes-de-los-activistas-de-la-vigilia-causaban\/","title":{"rendered":"Un abortorio llama a la polic\u00eda por el \u00abdisturbio\u00bb que los beb\u00e9s de los activistas de la vigilia causaban"},"content":{"rendered":"<p>\u00bfLa gente a menudo se pregunta si la vigilia de oraci\u00f3n deber\u00eda ser una actividad familiar \u2013 es decir, deber\u00eda usted traer a sus ni\u00f1os? Por supuesto, hay lugares donde la vigilia es en una acera estrecha delante de una carretera de alto tr\u00e1fico, por lo que siempre se debe tener la seguridad en cuenta.<\/p>\n<p>&nbsp;<\/p>\n<p>Los ni\u00f1os muestran a todos lo que realmente est\u00e1 en juego cuando se trata de aborto. Las mujeres que llegan en el centro de aborto \u2013 y las personas que trabajan all\u00ed, necesitan ese recordatorio.<\/p>\n<p>&nbsp;<\/p>\n<p>M\u00e1s importante a\u00fan, los ni\u00f1os traen alegr\u00eda a un lugar fr\u00edo donde se contabiliza el valor de la vida humana. A las afueras del centro de aborto, la alegr\u00eda de los ni\u00f1os es una poderosa y necesaria arma. Tome esto en cuenta&#8230;<\/p>\n<p><a href=\"http:\/\/catolicasmexico.com\/blog\/wp-content\/uploads\/2015\/10\/40daysforlife14.png\"><img data-attachment-id=\"4047\" data-permalink=\"https:\/\/catolicasmexico.com\/blog\/un-abortorio-llama-a-la-policia-por-el-disturbio-que-los-bebes-de-los-activistas-de-la-vigilia-causaban\/40daysforlife14\/\" data-orig-file=\"https:\/\/catolicasmexico.com\/blog\/wp-content\/uploads\/2015\/10\/40daysforlife14.png\" data-orig-size=\"750,444\" data-comments-opened=\"1\" data-image-meta=\"{&quot;aperture&quot;:&quot;0&quot;,&quot;credit&quot;:&quot;&quot;,&quot;camera&quot;:&quot;&quot;,&quot;caption&quot;:&quot;&quot;,&quot;created_timestamp&quot;:&quot;0&quot;,&quot;copyright&quot;:&quot;&quot;,&quot;focal_length&quot;:&quot;0&quot;,&quot;iso&quot;:&quot;0&quot;,&quot;shutter_speed&quot;:&quot;0&quot;,&quot;title&quot;:&quot;&quot;,&quot;orientation&quot;:&quot;0&quot;}\" data-image-title=\"40daysforlife14\" data-image-description=\"\" data-medium-file=\"https:\/\/catolicasmexico.com\/blog\/wp-content\/uploads\/2015\/10\/40daysforlife14-300x178.png\" data-large-file=\"https:\/\/catolicasmexico.com\/blog\/wp-content\/uploads\/2015\/10\/40daysforlife14.png\" class=\"alignleft size-full wp-image-4047\" src=\"http:\/\/catolicasmexico.com\/blog\/wp-content\/uploads\/2015\/10\/40daysforlife14.png\" alt=\"40daysforlife14\" width=\"750\" height=\"444\" srcset=\"http:\/\/catolicasmexico.com\/blog\/wp-content\/uploads\/2015\/10\/40daysforlife14.png 750w, https:\/\/catolicasmexico.com\/blog\/wp-content\/uploads\/2015\/10\/40daysforlife14-300x178.png 300w, https:\/\/catolicasmexico.com\/blog\/wp-content\/uploads\/2015\/10\/40daysforlife14-150x150.png 150w\" sizes=\"100vw\" \/> <\/a><\/p>\n<p>&nbsp;<\/p>\n<p>Uno de los l\u00edderes locales de 40 d\u00edas por la vida estuvo en una vigila cuando un polic\u00eda se acerc\u00f3 al grupo con el que estaba orando. No estaba muy preocupada, ya que el equipo de la campa\u00f1a estaba en buenos t\u00e9rminos con la polic\u00eda local.<br \/>\nSin embargo, parec\u00eda que &nbsp;el centro de aborto hab\u00eda llamado para denunciar a los participantes de la vigilia pac\u00edfica porque \u00abcreaban un disturbio\u00bb \u2013 que las personas estaban instalando sillas afuera y&nbsp; que hab\u00eda beb\u00e9s.<\/p>\n<p>&nbsp;<\/p>\n<p>Tom\u00f3 al oficial de polic\u00eda unos cuantos segundos para concluir que la vigilia era completamente pac\u00edfica y que no hab\u00eda disturbio alguno.<\/p>\n<p>&nbsp;<\/p>\n<p>\u00abEstaba encantado de que hubi\u00e9semos conseguido la atenci\u00f3n del due\u00f1o de la cl\u00ednica\u00bb, dijo el l\u00edder local. En cuanto a los \u00abbeb\u00e9s\u00bb, el \u00fanico ni\u00f1o presente ese d\u00eda era un ni\u00f1o de 11 a\u00f1os. Pero al parecer eso fue suficiente para llamar la atenci\u00f3n del due\u00f1o.<\/p>\n<p>&nbsp;<\/p>\n<p>La presencia de ni\u00f1os de cualquier edad puede ser mala para los negocios.<\/p>\n<p>&nbsp;<\/p>\n<p>&nbsp;<\/p>\n<p>&nbsp;<\/p>\n","protected":false},"excerpt":{"rendered":"<p>\u00bfLa gente a menudo se pregunta si la vigilia de oraci\u00f3n deber\u00eda ser una actividad familiar \u2013 es decir, deber\u00eda usted traer a sus ni\u00f1os? Por supuesto, hay lugares donde la vigilia es en una acera estrecha delante de una carretera de alto tr\u00e1fico, por lo que siempre se debe tener la seguridad en cuenta. [&hellip;]<\/p>\n","protected":false},"author":5,"featured_media":4047,"comment_status":"open","ping_status":"open","sticky":false,"template":"","format":"standard","meta":{"spay_email":"","jetpack_publicize_message":"","jetpack_is_tweetstorm":false},"categories":[8,9,19],"tags":[718,329,785,314],"aioseo_notices":[],"jetpack_featured_media_url":"https:\/\/catolicasmexico.com\/blog\/wp-content\/uploads\/2015\/10\/40daysforlife14.png","jetpack_publicize_connections":[],"jetpack_shortlink":"https:\/\/wp.me\/p3B5XH-13g","jetpack-related-posts":[{"id":798,"url":"https:\/\/catolicasmexico.com\/blog\/irlanda-numero-record-asiste-a-la-vigilia-nacional-contra-el-aborto\/","url_meta":{"origin":4046,"position":0},"title":"Irlanda: N\u00famero r\u00e9cord asiste a la vigilia nacional contra el aborto","date":"11 junio 2013","format":false,"excerpt":"Traducci\u00f3n y redacci\u00f3n libre Alejandro P. de www.catolicasmexico.com por Steven Ertelt | Dublin, Ireland | LifeNews.com Un n\u00famero r\u00e9cord de personas asistieron a la vigilia nacional por la vida en Dubl\u00edn, Irlanda para mostrar que hay un gran contingente que se opone a plan de aborto del gobierno. La vigilia\u2026","rel":"","context":"En \u00abAborto\u00bb","img":{"alt_text":"","src":"https:\/\/i2.wp.com\/catolicasmexico.com\/blog\/wp-content\/uploads\/2015\/07\/ireland24.jpg?resize=350%2C200&ssl=1","width":350,"height":200},"classes":[]},{"id":2790,"url":"https:\/\/catolicasmexico.com\/blog\/268-ninos-salvados-del-aborto\/","url_meta":{"origin":4046,"position":1},"title":"268 ni\u00f1os salvados del aborto.","date":"31 marzo 2014","format":false,"excerpt":"Esta es la buena noticia del d\u00eda! Ni el viento ni la nieve han podido detener al grupo de gente que reza frente a las cl\u00ednicas de aborto alrededor del mundo,en el vig\u00e9simo segundo d\u00eda de Cuaresma de la campa\u00f1a de 40 d\u00edas por la vida que fue lanzada el\u2026","rel":"","context":"En \u00ab40 D\u00edas por la vida\u00bb","img":{"alt_text":"","src":"https:\/\/i1.wp.com\/catolicasmexico.com\/blog\/wp-content\/uploads\/2014\/03\/20140331-175701.jpg?resize=350%2C200&ssl=1","width":350,"height":200},"classes":[]},{"id":4759,"url":"https:\/\/catolicasmexico.com\/blog\/un-bebe-de-35-semanas-de-embarazo-sobrevive-al-aborto-fue-salvado-por-la-enfermera-que-lo-oyo-llorar-dentro-de-una-bolsa-de-plastico\/","url_meta":{"origin":4046,"position":2},"title":"Un beb\u00e9 de 35 semanas de embarazo sobrevive al aborto; fue salvado por la enfermera que lo oy\u00f3 llorar dentro de una bolsa de pl\u00e1stico","date":"30 agosto 2017","format":false,"excerpt":"Par Cassy Fiano (LiveActionNews) \u2014 traducci\u00f3n al espa\u00f1ol CM.\u00a0 Un beb\u00e9 de 35 semanas de embarazo sobrevive al aborto; fue salvado por la enfermera que lo oy\u00f3 llorar dentro de una bolsa de pl\u00e1stico.\u00a0 La noticia viene de China y nos cuenta la historia de un bebito que sobrevivi\u00f3 al\u2026","rel":"","context":"En \u00abAborto\u00bb","img":{"alt_text":"","src":"https:\/\/i0.wp.com\/catolicasmexico.com\/blog\/wp-content\/uploads\/2017\/08\/img_0146.jpg?resize=350%2C200&ssl=1","width":350,"height":200},"classes":[]},{"id":4249,"url":"https:\/\/catolicasmexico.com\/blog\/dos-anos-despues-del-nacimiento-de-su-nino-aborto-a-su-hermano-por-nacer\/","url_meta":{"origin":4046,"position":3},"title":"Dos a\u00f1os despu\u00e9s del nacimiento de su ni\u00f1o, abort\u00f3 a su hermano por nacer","date":"18 febrero 2016","format":false,"excerpt":"\u00a0 Original de lifenews.com traduccion libre para catolicasmexico.com Hoy en d\u00eda, millones de ni\u00f1os en Am\u00e9rica tienen hermanos o hermanas que nunca conocer\u00e1n a causa del aborto. \u00a0 El hijo de la promotora del aborto Liz Jones es uno de ellos. El blog de Tumblr \"Pregnant, Parenting & Pro-Choice\" (Embarazada,\u2026","rel":"","context":"En \u00abAborto\u00bb","img":{"alt_text":"","src":"https:\/\/i2.wp.com\/catolicasmexico.com\/blog\/wp-content\/uploads\/2016\/02\/lizjones.png?resize=350%2C200&ssl=1","width":350,"height":200},"classes":[]},{"id":4014,"url":"https:\/\/catolicasmexico.com\/blog\/mujer-estas-lista-para-abotarmira-antes-estas-fotos-a-donde-van-los-restos-de-bebes-abortados-he-aqui-la-respuesta-impactante\/","url_meta":{"origin":4046,"position":4},"title":"MUJER \u00bfESTAS LISTA PARA ABOTAR?MIRA ANTES ESTAS FOTOS \u00bfA d\u00f3nde van los restos de beb\u00e9s abortados? He Aqu\u00ed la respuesta impactante","date":"6 octubre 2015","format":false,"excerpt":"A trav\u00e9s del vidrio, Tim tom\u00f3 fotos de cientos de envases transl\u00facidos de pl\u00e1stico, cada uno conten\u00eda los restos visibles de beb\u00e9s abortados. Los recipientes no estaban refrigerados, eran de todos los tama\u00f1os, desde recipientes de onzas a decenas de litros. Apenas pude imaginar el olor a muerte que reinar\u00eda\u2026","rel":"","context":"En \u00abAborto\u00bb","img":{"alt_text":"","src":"https:\/\/i0.wp.com\/catolicasmexico.com\/blog\/wp-content\/uploads\/2015\/10\/IMG_0304.jpg?resize=350%2C200&ssl=1","width":350,"height":200},"classes":[]},{"id":666,"url":"https:\/\/catolicasmexico.com\/blog\/votacion-la-semana-proxima-en-el-congreso-de-estados-unidos-de-un-proyecto-de-ley-prohibiendo-el-aborto-luego-de-la-semana-20-de-gestacion\/","url_meta":{"origin":4046,"position":5},"title":"Votaci\u00f3n la semana pr\u00f3xima en el Congreso de Estados Unidos de un proyecto de ley prohibiendo el aborto luego de la semana 20 de gestaci\u00f3n","date":"2 junio 2013","format":false,"excerpt":"Publicado por Steven Ertelt | Washington, DC | LifeNews.com | 5\/31\/13 3:37 PM Traducido del ingl\u00e9s por Elizabeth de la Teja Bosch para www.catolicasmexico.com Miembros de la C\u00e1mara de Representantes de Estados Unidos emitir\u00e1n su voto acerca del proyecto de ley congresal que prohibir\u00eda el aborto luego de la semana\u2026","rel":"","context":"En \u00abAborto\u00bb","img":{"alt_text":"","src":"","width":0,"height":0},"classes":[]}],"jetpack_likes_enabled":false,"jetpack_sharing_enabled":true,"_links":{"self":[{"href":"https:\/\/catolicasmexico.com\/blog\/wp-json\/wp\/v2\/posts\/4046"}],"collection":[{"href":"https:\/\/catolicasmexico.com\/blog\/wp-json\/wp\/v2\/posts"}],"about":[{"href":"https:\/\/catolicasmexico.com\/blog\/wp-json\/wp\/v2\/types\/post"}],"author":[{"embeddable":true,"href":"https:\/\/catolicasmexico.com\/blog\/wp-json\/wp\/v2\/users\/5"}],"replies":[{"embeddable":true,"href":"https:\/\/catolicasmexico.com\/blog\/wp-json\/wp\/v2\/comments?post=4046"}],"version-history":[{"count":3,"href":"https:\/\/catolicasmexico.com\/blog\/wp-json\/wp\/v2\/posts\/4046\/revisions"}],"predecessor-version":[{"id":4071,"href":"https:\/\/catolicasmexico.com\/blog\/wp-json\/wp\/v2\/posts\/4046\/revisions\/4071"}],"wp:featuredmedia":[{"embeddable":true,"href":"https:\/\/catolicasmexico.com\/blog\/wp-json\/wp\/v2\/media\/4047"}],"wp:attachment":[{"href":"https:\/\/catolicasmexico.com\/blog\/wp-json\/wp\/v2\/media?parent=4046"}],"wp:term":[{"taxonomy":"category","embeddable":true,"href":"https:\/\/catolicasmexico.com\/blog\/wp-json\/wp\/v2\/categories?post=4046"},{"taxonomy":"post_tag","embeddable":true,"href":"https:\/\/catolicasmexico.com\/blog\/wp-json\/wp\/v2\/tags?post=4046"}],"curies":[{"name":"wp","href":"https:\/\/api.w.org\/{rel}","templated":true}]}}