{"id":4000,"date":"2015-10-01T11:44:33","date_gmt":"2015-10-01T16:44:33","guid":{"rendered":"http:\/\/catolicasmexico.com\/blog\/?p=4000"},"modified":"2015-10-06T10:49:14","modified_gmt":"2015-10-06T15:49:14","slug":"miles-de-padres-de-familia-de-ontario-retiraran-a-sus-hijos-de-las-escuelas-el-1o-de-octubre","status":"publish","type":"post","link":"https:\/\/catolicasmexico.com\/blog\/miles-de-padres-de-familia-de-ontario-retiraran-a-sus-hijos-de-las-escuelas-el-1o-de-octubre\/","title":{"rendered":"Miles de padres de familia de Ontario retirar\u00e1n a sus hijos de las escuelas el 1o de Octubre"},"content":{"rendered":"<p><span style=\"text-decoration: underline;\"><\/span><\/p>\n<p><a href=\"http:\/\/catolicasmexico.com\/blog\/wp-content\/uploads\/2015\/09\/IMG_0887_810_500_55_s_c1.jpg\"><img data-attachment-id=\"4001\" data-permalink=\"https:\/\/catolicasmexico.com\/blog\/miles-de-padres-de-familia-de-ontario-retiraran-a-sus-hijos-de-las-escuelas-el-1o-de-octubre\/img_0887_810_500_55_s_c1\/\" data-orig-file=\"https:\/\/catolicasmexico.com\/blog\/wp-content\/uploads\/2015\/09\/IMG_0887_810_500_55_s_c1.jpg\" data-orig-size=\"810,500\" data-comments-opened=\"1\" data-image-meta=\"{&quot;aperture&quot;:&quot;0&quot;,&quot;credit&quot;:&quot;&quot;,&quot;camera&quot;:&quot;&quot;,&quot;caption&quot;:&quot;&quot;,&quot;created_timestamp&quot;:&quot;0&quot;,&quot;copyright&quot;:&quot;&quot;,&quot;focal_length&quot;:&quot;0&quot;,&quot;iso&quot;:&quot;0&quot;,&quot;shutter_speed&quot;:&quot;0&quot;,&quot;title&quot;:&quot;&quot;,&quot;orientation&quot;:&quot;0&quot;}\" data-image-title=\"IMG_0887_810_500_55_s_c1\" data-image-description=\"\" data-medium-file=\"https:\/\/catolicasmexico.com\/blog\/wp-content\/uploads\/2015\/09\/IMG_0887_810_500_55_s_c1-300x185.jpg\" data-large-file=\"https:\/\/catolicasmexico.com\/blog\/wp-content\/uploads\/2015\/09\/IMG_0887_810_500_55_s_c1.jpg\" class=\"alignleft size-full wp-image-4001\" src=\"http:\/\/catolicasmexico.com\/blog\/wp-content\/uploads\/2015\/09\/IMG_0887_810_500_55_s_c1.jpg\" alt=\"IMG_0887_810_500_55_s_c1\" width=\"810\" height=\"500\" srcset=\"http:\/\/catolicasmexico.com\/blog\/wp-content\/uploads\/2015\/09\/IMG_0887_810_500_55_s_c1.jpg 810w, https:\/\/catolicasmexico.com\/blog\/wp-content\/uploads\/2015\/09\/IMG_0887_810_500_55_s_c1.jpg 768w, https:\/\/catolicasmexico.com\/blog\/wp-content\/uploads\/2015\/09\/IMG_0887_810_500_55_s_c1-300x185.jpg 300w, https:\/\/catolicasmexico.com\/blog\/wp-content\/uploads\/2015\/09\/IMG_0887_810_500_55_s_c1-150x150.jpg 150w\" sizes=\"100vw\" \/> <\/a><\/p>\n<p>TORONTO, 22 de septiembre de 2015 (<a href=\"https:\/\/www.lifesitenews.com\/news\/parents-plan-to-pull-kids-in-massive-ontario-wide-sex-ed-strike-on-oct.-1\">LifeSiteNews<\/a>) Traducci\u00f3n libre para catolicasmexico.com<\/p>\n<p>Varios grupos que militan por los derechos de los padres se est\u00e1n movilizando para una huelga de estudiantes de toda la provincia el 1o de octubre, inspirados los eventos &nbsp;del parque de Thorncliffe.<\/p>\n<p>&nbsp;<\/p>\n<p>Esa singular protesta de 30 d\u00edas comenz\u00f3 el 8 de septiembre cuando cerca de la mitad de los estudiantes inscritos de 1o a 5o de primaria de la escuela p\u00fablica Thorncliffe Park y del jard\u00edn de ni\u00f1os Fraser Mustard \u2013 cerca de 700 ni\u00f1os &nbsp;se ausentaron de la escuela y se ense\u00f1\u00f3 en el parque Thorncliffe.<\/p>\n<p>&nbsp;<\/p>\n<p>La Asociaci\u00f3n de padres de Thorncliffe representa una comunidad predominantemente musulmana. El parque Thorncliffe se ha convertido en el epicentro de la disidencia contra la educaci\u00f3n sexual de la ministra Kathleen Wynne.<\/p>\n<p>&nbsp;<\/p>\n<p>La acci\u00f3n est\u00e1 siendo organizada por la Alianza de familias canadienses (CFA),coalici\u00f3n por los derechos de los padres de una base que representa a m\u00e1s de 25 asociaciones y un estimado de200.000 padres.<\/p>\n<p>&nbsp;<\/p>\n<p>\u00abSabemos de fuentes internas que el r\u00e9gimen Liberal de Kathleen Wynne est\u00e1 alarmado por el creciente movimiento de anti sexualizacion de los ni\u00f1os \u00bb le dijo a LifeSiteNews.<\/p>\n<p>\u00abLos padres y abuelos deben ahora aumentar la presi\u00f3n sobre el r\u00e9gimen de Wynne.\u00bb dice Jack Fonseca de la Campaign Life Coalition, un grupo de miembros de la CFA.<\/p>\n<p>&nbsp;<\/p>\n<p>\u00abQu\u00e9 mejor manera de hacerlo que otra huelga masiva por un d\u00eda?\u00bb a\u00f1adi\u00f3.<\/p>\n<p>&nbsp;<\/p>\n<p>Teresa Pierre, Presidente de los padres como primeros educadores (PAFE), le dijo a LifeSiteNews en un correo electr\u00f3nico que su asociaci\u00f3n apoya \u00abel esfuerzo del&nbsp; 1o de octubre de 2015 de los padres a trav\u00e9s de Ontario retirando a sus hijos de las aulas de las escuelas primarias para protestar la educaci\u00f3n sexual de Kathleen Wynne\u00bb.<\/p>\n<p>&nbsp;<\/p>\n<p>Los partidarios de la PAFE \u00abnos dicen en toda la provincia que creen que<strong> el programa escolar de educaci\u00f3n sexual de Kathleen Wynne es un ataque a la inocencia de sus hijos<\/strong>,\u00bb agreg\u00f3.<\/p>\n<p>&nbsp;<\/p>\n<p>Mientras tanto, bajo el grito de \u00abSomos Thorncliffe,\u00bb &nbsp;protestas similares ya se han multiplicado en toda la provincia e incluyen acciones en Mississauga el 18 deseptiembre y el 21, Peterborough el martes y en Ajax &nbsp;y Oshawa el 29 de septiembre, organizada por los padres preocupados de Durham.<\/p>\n<p>&nbsp;<\/p>\n<p>Laura van Bakel, Presidente de los padres preocupados de Peterborough (CPP) le dijo a LifeSiteNews que 64 personas participaron en la huelga del 22 de septiembre.<\/p>\n<p>&nbsp;<\/p>\n<p>\u00abEl plan de educaci\u00f3n sexual es inadecuado a la edad, demasiado expl\u00edcito e incita a los ni\u00f1os hacia la experimentaci\u00f3n sexual. Vamos a exigir a los administradores de la escuela para que desechen este irresponsable programa\u00bb dijo van Bakel en un comunicado de prensa CPP.<\/p>\n<p>&nbsp;<\/p>\n<p>\u00abNo quiero que mi hijo de 11 a\u00f1os aprenda diferentes posiciones sexuales, incluyendo el sexo anal. <strong>A nosotros nos corresponde ense\u00f1ar a nuestros hijos sobre el sexo dentro de nuestro propio sistema de valores<\/strong>, \u00abdijo un padre de famila de Peterborough.<\/p>\n<p>&nbsp;<\/p>\n<p>Johanna Schady, madre de familia coment\u00f3, \u00abSi se separa la ense\u00f1anza de la salud sexual de la ense\u00f1anza de los &nbsp;valores, los ni\u00f1os aprenden a tratar a los dem\u00e1s como mercanc\u00eda y nuestros hijos merecen algo m\u00e1s que eso.<\/p>\n<p>&nbsp;<\/p>\n<p>Khalid Mahmood, Presidente de la TPA denunci\u00f3 que el plan \u00abpromueve la homosexualidad\u00bb y est\u00e1 \u00abcorrompiendo a los ni\u00f1os con actividades sexuales a su tierna edad.\u00bb Adem\u00e1s, niega la declaraci\u00f3n de la ministra liberal Kathleen Wynne en febrero cuando dijo que &nbsp;los padres que se opusieron al curr\u00edculo de educaci\u00f3n sexual &nbsp;eran \u00abhomof\u00f3bicos\u00bb.<\/p>\n<p>&nbsp;<\/p>\n<p>\u00abHemos ya declarado que nuestra lucha es no en contra de ninguna comunidad, sino para detener cualquier tipo de adoctrinamiento bajo el falso pretenso de los derechos humanos\u00bb, dijo a LifeSiteNews.<\/p>\n<p>&nbsp;<\/p>\n<p>Seg\u00fan Fonseca de CLC,<strong> los padres cat\u00f3licos deben tambi\u00e9n involucrarse<\/strong> a pesar de las garant\u00edas de la parte de los obispos de Ontario a los cuales el Instituto de educaci\u00f3n cat\u00f3lica (ICE) proporcionar\u00e1 recursos para ense\u00f1ar el curr\u00edculo a trav\u00e9s de una \u00ab\u00f3ptica cat\u00f3lica\u00bb.<\/p>\n<p>&nbsp;<\/p>\n<p>\u00abLos recursos de ICE tambi\u00e9n introduce el t\u00e9rmino vago de \u00abidentidad sexual\u00bb, que pienso dar\u00e1 abrigo a los profesores izquierdistas que quieren normalizar la teor\u00eda de la identidad de g\u00e9nero, <strong>transgenerismo, transexualidad, travestismo, etc. bajo el t\u00e9rmino de \u00abidentidad sexual<\/strong>\u00ab,\u00bb Fonseca dijo a LifeSiteNews en un correo electr\u00f3nico.<\/p>\n<p>&nbsp;<\/p>\n<p>\u00abAhora que sabemos esto, abuelos y padres cat\u00f3licos deben entrar en esta lucha. Por favor \u00fanase al 1 de octubre huelga estudiantil. Necesitamos proclamar: Somos Thorncliffe! \u00ab<\/p>\n","protected":false},"excerpt":{"rendered":"<p>TORONTO, 22 de septiembre de 2015 (LifeSiteNews) Traducci\u00f3n libre para catolicasmexico.com Varios grupos que militan por los derechos de los padres se est\u00e1n movilizando para una huelga de estudiantes de toda la provincia el 1o de octubre, inspirados los eventos &nbsp;del parque de Thorncliffe. &nbsp; Esa singular protesta de 30 d\u00edas comenz\u00f3 el 8 de [&hellip;]<\/p>\n","protected":false},"author":5,"featured_media":4001,"comment_status":"open","ping_status":"open","sticky":false,"template":"","format":"standard","meta":{"spay_email":"","jetpack_publicize_message":"","jetpack_is_tweetstorm":false},"categories":[84,17,21],"tags":[59,750,749,721,272],"aioseo_notices":[],"jetpack_featured_media_url":"https:\/\/catolicasmexico.com\/blog\/wp-content\/uploads\/2015\/09\/IMG_0887_810_500_55_s_c1.jpg","jetpack_publicize_connections":[],"jetpack_shortlink":"https:\/\/wp.me\/p3B5XH-12w","jetpack-related-posts":[{"id":2616,"url":"https:\/\/catolicasmexico.com\/blog\/no-nuestros-hijos-no-pertenecen-al-estado\/","url_meta":{"origin":4000,"position":0},"title":"\u00a1No, nuestros hijos no pertenecen al estado!","date":"19 febrero 2014","format":false,"excerpt":"Del sitio www.cqv.cq.ca original del sitio traducci\u00f3n y edici\u00f3n libre www.catolicas mexico.com 1.\u00a1 No, nuestros hijos no pertenecen al estado! 2.\u00a1 No, rechazamos la prohibici\u00f3n de educaci\u00f3n en el hogar! 3.\u00a1No, rechazamos las escuelas que por estar fuera de contrato, el d\u00eda de ma\u00f1ana ser\u00e1n clausuradas.! 4.\u00a1 No, nos negamos\u2026","rel":"","context":"En \u00abEducaci\u00f3n\u00bb","img":{"alt_text":"","src":"","width":0,"height":0},"classes":[]},{"id":2482,"url":"https:\/\/catolicasmexico.com\/blog\/en-alemania-los-padres-van-a-la-carcel-porque-se-niegan-a-ensenar-de-la-teoria-de-genero-a-sus-hijos\/","url_meta":{"origin":4000,"position":1},"title":"En Alemania, los padres van a la c\u00e1rcel porque se niegan a ense\u00f1ar la teor\u00eda de genero  a sus hijos.","date":"28 enero 2014","format":false,"excerpt":"Del sitio www.cqv.cq.ca original del sitio ruvr.ru del 22 de enero de 2014: traducci\u00f3n y edici\u00f3n libre www.catolicas mexico.com Los padres han organizado en Alemania, en Colonia, una protesta contra los cursos obligatorios sexuales de g\u00e9nero, donde ense\u00f1an a los ni\u00f1os de jard\u00edn de ni\u00f1os contenido expl\u00edcito pornogr\u00e1fico invit\u00e1ndolos a\u2026","rel":"","context":"En \u00abEducaci\u00f3n\u00bb","img":{"alt_text":"","src":"","width":0,"height":0},"classes":[]},{"id":4804,"url":"https:\/\/catolicasmexico.com\/blog\/violacion-de-una-nina-de-4-anos-por-parte-de-otros-alumnos-de-jardin-de-ninos-la-consecuencia-de-la-sexualizacion-de-los-ninos\/","url_meta":{"origin":4000,"position":2},"title":"Violaci\u00f3n de una ni\u00f1a de 4 a\u00f1os por parte de otros alumnos de jard\u00edn de ni\u00f1os: la consecuencia de la sexualizaci\u00f3n de los ni\u00f1os.","date":"12 octubre 2018","format":false,"excerpt":"Par\u00eds, a principios de esta semana se hizo una especie de denuncia en la estaci\u00f3n de polic\u00eda del distrito XIII informando que una ni\u00f1a de 4 a\u00f1os hab\u00eda sido violada por otros estudiantes en el jard\u00edn de ni\u00f1os. Los hechos acontecieron a mediados de septiembre. La Brigada Juvenil de Par\u00eds\u2026","rel":"","context":"En \u00abEducaci\u00f3n\u00bb","img":{"alt_text":"","src":"https:\/\/i1.wp.com\/catolicasmexico.com\/blog\/wp-content\/uploads\/2014\/10\/9782723428026-L.jpg?resize=350%2C200&ssl=1","width":350,"height":200},"classes":[]},{"id":2500,"url":"https:\/\/catolicasmexico.com\/blog\/escuelas-francesas-ensenan-la-teoria-de-genero-sin-el-conocimiento-de-los-padres\/","url_meta":{"origin":4000,"position":3},"title":"Escuelas francesas ense\u00f1an la teor\u00eda de genero sin el conocimiento de los padres.","date":"31 enero 2014","format":false,"excerpt":"FRANCIA.-(AGENCIALAVOZ) Un llamamiento al boicot de las clases de una asignatura experimental sobre el \"g\u00e9nero\" introducida en el sistema escolar. Peillon asegur\u00f3 que algunos padres le preguntaron por la veracidad de un rumor seg\u00fan el cual en la escuela francesa se alienta en los ni\u00f1os la homosexualidad. El ministro franc\u00e9s\u2026","rel":"","context":"En \u00abEducaci\u00f3n\u00bb","img":{"alt_text":"","src":"","width":0,"height":0},"classes":[]},{"id":1443,"url":"https:\/\/catolicasmexico.com\/blog\/la-administracion-obama-obliga-al-distrito-escolar-a-autorizar-que-una-adolescente-use-el-bano-de-las-duchas-y-los-dormitorios-de-varones\/","url_meta":{"origin":4000,"position":4},"title":"La administraci\u00f3n OBAMA obliga  al distrito escolar a autorizar  que una adolescente use el ba\u00f1o de las duchas y los dormitorios de varones.","date":"29 julio 2013","format":false,"excerpt":"ARCADIA, CA, 25 de julio de 2013 (LifeSiteNews.com) Traducci\u00f3n y edici\u00f3n libre Monica Y.A. de www.catolicasmexico.com El Departamento de Justicia del gobierno de Obama ha presionado a una escuela distrital de California para permitir que una estudiante de primer a\u00f1o de secundaria que es anat\u00f3micamente femenino y que se identifica\u2026","rel":"","context":"En \u00abEEUU\u00bb","img":{"alt_text":"","src":"","width":0,"height":0},"classes":[]},{"id":4334,"url":"https:\/\/catolicasmexico.com\/blog\/quebec-canada-estudiantes-que-quieran-cambiar-de-sexo-podran-vestirse-como-nina-o-nino-cambiar-de-nombre-apellido-y-mas\/","url_meta":{"origin":4000,"position":5},"title":"Qu\u00e9bec, Canad\u00e1: estudiantes que quieran cambiar de sexo, podr\u00e1n vestirse como ni\u00f1a o ni\u00f1o, cambiar de nombre, apellido y m\u00e1s...","date":"31 marzo 2016","format":false,"excerpt":"Quebec, vive las consecuencias de la ideolog\u00eda de g\u00e9nero. Es incre\u00edble. La junta escolar de Montreal (MDSC) decidi\u00f3 que todos los estudiantes que quieran cambiar de sexo, pueden vestirse como ni\u00f1a o ni\u00f1o en base a sus deseos, escoger d\u00f3nde quieren hacer deporte con ni\u00f1os o con ni\u00f1as, donde se\u2026","rel":"","context":"En \u00abCanada.\u00bb","img":{"alt_text":"","src":"https:\/\/i2.wp.com\/catolicasmexico.com\/blog\/wp-content\/uploads\/2016\/03\/IMG_0505.png?resize=350%2C200&ssl=1","width":350,"height":200},"classes":[]}],"jetpack_likes_enabled":false,"jetpack_sharing_enabled":true,"_links":{"self":[{"href":"https:\/\/catolicasmexico.com\/blog\/wp-json\/wp\/v2\/posts\/4000"}],"collection":[{"href":"https:\/\/catolicasmexico.com\/blog\/wp-json\/wp\/v2\/posts"}],"about":[{"href":"https:\/\/catolicasmexico.com\/blog\/wp-json\/wp\/v2\/types\/post"}],"author":[{"embeddable":true,"href":"https:\/\/catolicasmexico.com\/blog\/wp-json\/wp\/v2\/users\/5"}],"replies":[{"embeddable":true,"href":"https:\/\/catolicasmexico.com\/blog\/wp-json\/wp\/v2\/comments?post=4000"}],"version-history":[{"count":2,"href":"https:\/\/catolicasmexico.com\/blog\/wp-json\/wp\/v2\/posts\/4000\/revisions"}],"predecessor-version":[{"id":4003,"href":"https:\/\/catolicasmexico.com\/blog\/wp-json\/wp\/v2\/posts\/4000\/revisions\/4003"}],"wp:featuredmedia":[{"embeddable":true,"href":"https:\/\/catolicasmexico.com\/blog\/wp-json\/wp\/v2\/media\/4001"}],"wp:attachment":[{"href":"https:\/\/catolicasmexico.com\/blog\/wp-json\/wp\/v2\/media?parent=4000"}],"wp:term":[{"taxonomy":"category","embeddable":true,"href":"https:\/\/catolicasmexico.com\/blog\/wp-json\/wp\/v2\/categories?post=4000"},{"taxonomy":"post_tag","embeddable":true,"href":"https:\/\/catolicasmexico.com\/blog\/wp-json\/wp\/v2\/tags?post=4000"}],"curies":[{"name":"wp","href":"https:\/\/api.w.org\/{rel}","templated":true}]}}