{"id":3988,"date":"2015-09-03T11:37:48","date_gmt":"2015-09-03T16:37:48","guid":{"rendered":"http:\/\/catolicasmexico.com\/blog\/?p=3988"},"modified":"2015-09-03T11:37:48","modified_gmt":"2015-09-03T16:37:48","slug":"10-000-euros-de-multas-por-haber-dado-una-medalla-y-zapatitos-a-una-mujer-que-queria-tener-un-aborto","status":"publish","type":"post","link":"https:\/\/catolicasmexico.com\/blog\/10-000-euros-de-multas-por-haber-dado-una-medalla-y-zapatitos-a-una-mujer-que-queria-tener-un-aborto\/","title":{"rendered":"10 000 euros de multas por haber dado una medalla y zapatitos a una mujer que quer\u00eda tener un aborto"},"content":{"rendered":"<p>Noticia de Nouvelles de France traducci\u00f3n CM<\/p>\n<p>Justicia a la francesa:El Militante contra el aborto Xavier Dor (foto) fue definitivamente condenado el martes a 10.000 euros de multa,  por interferir en un aborto. El Tribunal de casaci\u00f3n rechaz\u00f3 la apelaci\u00f3n.Fue condenado por el Tribunal de apelaci\u00f3n de Par\u00eds el 27 de octubre de 2014 por introducirse dos veces en el local de la planificaci\u00f3n familiar de Par\u00eds en junio de 2012. Este octogenario  ex-pediatra dio a una mujer que quer\u00eda abortar una medalla de la Virgen Mar\u00eda y un par de zapatos peque\u00f1os para beb\u00e9.<\/p>\n","protected":false},"excerpt":{"rendered":"<p>Noticia de Nouvelles de France traducci\u00f3n CM Justicia a la francesa:El Militante contra el aborto Xavier Dor (foto) fue definitivamente condenado el martes a 10.000 euros de multa, por interferir en un aborto. El Tribunal de casaci\u00f3n rechaz\u00f3 la apelaci\u00f3n.Fue condenado por el Tribunal de apelaci\u00f3n de Par\u00eds el 27 de octubre de 2014 por [&hellip;]<\/p>\n","protected":false},"author":2,"featured_media":3987,"comment_status":"open","ping_status":"open","sticky":false,"template":"","format":"standard","meta":{"spay_email":"","jetpack_publicize_message":"","jetpack_is_tweetstorm":false},"categories":[9,32,78,70,19],"tags":[737,735,736,539],"aioseo_notices":[],"jetpack_featured_media_url":"https:\/\/catolicasmexico.com\/blog\/wp-content\/uploads\/2015\/09\/IMG_2939.jpg","jetpack_publicize_connections":[],"jetpack_shortlink":"https:\/\/wp.me\/p3B5XH-12k","jetpack-related-posts":[{"id":3504,"url":"https:\/\/catolicasmexico.com\/blog\/pagara-10-000-euros-por-haber-dado-un-par-de-zapatitos-y-una-medalla-a-una-mujer-que-estaba-por-abortar-el-dr-dor-anuncia-que-seguira-adelante-con-la-gracia-de-dios\/","url_meta":{"origin":3988,"position":0},"title":"Pagar\u00e1 10.000 euros por haber dado un par de zapatitos y una medalla a una mujer que estaba por abortar, el Dr. Dor anuncia que seguir\u00e1 adelante \u201ccon la gracia de Dios\u201d","date":"4 noviembre 2014","format":false,"excerpt":"Art\u00edculo original Nouvelles de France traducci\u00f3n y edici\u00f3n libre Mart\u00edn Pacheco para CatolicasMexico. El Dr. Xavier Dor fue condenado por el Tribunal de Apelaci\u00f3n de Paris (Cour d\u2019Appel de Paris) a pagar una multa de 10.000 euros, la mitad de esta de ejecuci\u00f3n condicional, por obstaculizar la interrupci\u00f3n voluntaria de\u2026","rel":"","context":"En \u00abAborto\u00bb","img":{"alt_text":"","src":"https:\/\/i2.wp.com\/catolicasmexico.com\/blog\/wp-content\/uploads\/2014\/11\/20141104-091624.jpg?resize=350%2C200&ssl=1","width":350,"height":200},"classes":[]},{"id":1860,"url":"https:\/\/catolicasmexico.com\/blog\/el-dr-dor-condenado-por-un-rosario-y-una-medalla-milagrosa\/","url_meta":{"origin":3988,"position":1},"title":"El Dr. Dor: condenado por un Rosario y una Medalla Milagrosa...","date":"19 septiembre 2013","format":false,"excerpt":"Traducci\u00f3n libre y edici\u00f3n de Alejandro P. para catolicasmexico.com Por un par de zapatos y una Medalla Milagrosa a una mujer que deseaba un aborto, nuestro m\u00e9dico amigo el doctor Xavier Dor fue condenado a une multa de 8.000 euros y a 2.000 euros por da\u00f1os y perjuicios este 16\u2026","rel":"","context":"En \u00abAborto\u00bb","img":{"alt_text":"","src":"https:\/\/i0.wp.com\/catolicasmexico.com\/blog\/wp-content\/uploads\/2013\/09\/media-388952-2.jpg?resize=350%2C200&ssl=1","width":350,"height":200},"classes":[]},{"id":1867,"url":"https:\/\/catolicasmexico.com\/blog\/el-gobierno-frances-propone-procesar-a-los-sitios-web-pro-vida-que-proporcionan-ambigua-informacion-acerca-del-aborto-el-gobierno\/","url_meta":{"origin":3988,"position":2},"title":"El gobierno franc\u00e9s propone: Procesar a los sitios web pro-vida que proporcionan \u201cambigua\u201d informaci\u00f3n acerca del aborto: El gobierno","date":"20 septiembre 2013","format":false,"excerpt":"Del sitio Lifesitenews. Traducci\u00f3n y edici\u00f3n libre Monica Y.A. De www.catolicasmexico.com (Pronto seremos perseguidos por defender el derecho a la vida...) Paris, Francia, 17 de septiembre de 2013 (LifeSiteNews.com) - El gobierno franc\u00e9s deber\u00eda crear un sitio web oficial para ofrecer a las mujeres informaci\u00f3n \"correcta\" sobre el aborto, y\u2026","rel":"","context":"En \u00abAborto\u00bb","img":{"alt_text":"","src":"","width":0,"height":0},"classes":[]},{"id":2439,"url":"https:\/\/catolicasmexico.com\/blog\/el-nuevo-delito-en-francia-obstaculizar-el-derecho-al-aborto\/","url_meta":{"origin":3988,"position":3},"title":"El nuevo delito en Francia : \"obstaculizar el derecho al aborto\"","date":"24 enero 2014","format":false,"excerpt":"Articulo de Religi\u00f3n en Libertad. Se debate en estos momentos en Francia la que se da en llamar, en uno de esos \u201cdivertidos\u201d juegos de palabras que tanto gustan al autodenominado progresismo europeo, la \u201cLey de igualdad hombre-mujer\u201d, en la que lo mismo cabe un roto que un descos\u00edo, con\u2026","rel":"","context":"En \u00abAborto\u00bb","img":{"alt_text":"","src":"https:\/\/i0.wp.com\/catolicasmexico.com\/blog\/wp-content\/uploads\/2014\/01\/20140124-132909.jpg?resize=350%2C200&ssl=1","width":350,"height":200},"classes":[]},{"id":4439,"url":"https:\/\/catolicasmexico.com\/blog\/francia-los-sitios-que-ofrecen-una-alternativa-al-aborto-seran-acusados-de-delito-de-obstruccion-digital-el-totalitarismo-esta-en-marcha\/","url_meta":{"origin":3988,"position":4},"title":"Francia: los sitios que ofrecen una alternativa al aborto ser\u00e1n acusados de Delito de obstrucci\u00f3n digital: \u00a1el totalitarismo est\u00e1 en marcha!\u00a0","date":"22 septiembre 2016","format":false,"excerpt":"El candidato de la derecha centro, Jean-Fr\u00e9d\u00e9ric Poisson, reaccion\u00f3 a la declaraci\u00f3n del gobierno de un \"delito de interferencia digital\" el cual desea silenciar a los sitios que ofrecen una alternativa al aborto. El totalitarismo est\u00e1 en marcha.\u00a0 El fin de semana pasado, la ministra Laurence Rossignol dijo a \"france-info\"\u2026","rel":"","context":"En \u00abAborto\u00bb","img":{"alt_text":"","src":"https:\/\/i2.wp.com\/catolicasmexico.com\/blog\/wp-content\/uploads\/2016\/09\/IMG_0916.jpg?resize=350%2C200&ssl=1","width":350,"height":200},"classes":[]},{"id":2429,"url":"https:\/\/catolicasmexico.com\/blog\/benigno-blanco-los-provida-defendemos-al-no-nacido-y-a-la-mujer-ambos-son-victimas-del-aborto\/","url_meta":{"origin":3988,"position":5},"title":"Benigno Blanco: \u00abLos provida defendemos al no nacido y a la mujer; ambos son v\u00edctimas del aborto\u00bb -","date":"22 enero 2014","format":false,"excerpt":"Articulo de Religi\u00f3n en libertad. Bajo el lema \u201930 a\u00f1os ya bastan\u2019, los provida franceses salieron este fin de semana a las calles de Par\u00eds, en una nueva edici\u00f3n de \u2018La Marcha por la vida\u2019 que vienen realizando todos los a\u00f1os desde 2005. Este a\u00f1o la organizaci\u00f3n ha invitado al\u2026","rel":"","context":"En \u00abEspa\u00f1a\u00bb","img":{"alt_text":"","src":"https:\/\/i2.wp.com\/catolicasmexico.com\/blog\/wp-content\/uploads\/2014\/01\/20140122-130544.jpg?resize=350%2C200&ssl=1","width":350,"height":200},"classes":[]}],"jetpack_likes_enabled":false,"jetpack_sharing_enabled":true,"_links":{"self":[{"href":"https:\/\/catolicasmexico.com\/blog\/wp-json\/wp\/v2\/posts\/3988"}],"collection":[{"href":"https:\/\/catolicasmexico.com\/blog\/wp-json\/wp\/v2\/posts"}],"about":[{"href":"https:\/\/catolicasmexico.com\/blog\/wp-json\/wp\/v2\/types\/post"}],"author":[{"embeddable":true,"href":"https:\/\/catolicasmexico.com\/blog\/wp-json\/wp\/v2\/users\/2"}],"replies":[{"embeddable":true,"href":"https:\/\/catolicasmexico.com\/blog\/wp-json\/wp\/v2\/comments?post=3988"}],"version-history":[{"count":1,"href":"https:\/\/catolicasmexico.com\/blog\/wp-json\/wp\/v2\/posts\/3988\/revisions"}],"predecessor-version":[{"id":3989,"href":"https:\/\/catolicasmexico.com\/blog\/wp-json\/wp\/v2\/posts\/3988\/revisions\/3989"}],"wp:featuredmedia":[{"embeddable":true,"href":"https:\/\/catolicasmexico.com\/blog\/wp-json\/wp\/v2\/media\/3987"}],"wp:attachment":[{"href":"https:\/\/catolicasmexico.com\/blog\/wp-json\/wp\/v2\/media?parent=3988"}],"wp:term":[{"taxonomy":"category","embeddable":true,"href":"https:\/\/catolicasmexico.com\/blog\/wp-json\/wp\/v2\/categories?post=3988"},{"taxonomy":"post_tag","embeddable":true,"href":"https:\/\/catolicasmexico.com\/blog\/wp-json\/wp\/v2\/tags?post=3988"}],"curies":[{"name":"wp","href":"https:\/\/api.w.org\/{rel}","templated":true}]}}