{"id":3341,"date":"2014-08-13T12:22:00","date_gmt":"2014-08-13T17:22:00","guid":{"rendered":"http:\/\/catolicasmexico.com\/blog\/?p=3341"},"modified":"2014-08-13T12:22:00","modified_gmt":"2014-08-13T17:22:00","slug":"agrupaciones-pro-abortistas-dedican-6-millones-para-apoyar-la-candidata-abortista-kay-hagan","status":"publish","type":"post","link":"https:\/\/catolicasmexico.com\/blog\/agrupaciones-pro-abortistas-dedican-6-millones-para-apoyar-la-candidata-abortista-kay-hagan\/","title":{"rendered":"Agrupaciones pro-abortistas dedican $6 millones para apoyar la candidata abortista Kay Hagan"},"content":{"rendered":"<p><a href=\"http:\/\/catolicasmexico.com\/blog\/wp-content\/uploads\/2014\/08\/20140813-083109.jpg\"><img src=\"http:\/\/catolicasmexico.com\/blog\/wp-content\/uploads\/2014\/08\/20140813-083109.jpg\" alt=\"20140813-083109.jpg\" class=\"alignnone size-full\"  \/> <\/a><\/p>\n<p>Art\u00edculo original en www.lifenews.com traducci\u00f3n y edici\u00f3n libre Sr.Martin Pacheco<\/p>\n<p><span style=\"line-height: 1.6;font-size: 1.3rem\">La industria del aborto sabe que una elecci\u00f3n clave al Senado est\u00e1 en juego y \u2018Planned Parenthood\u2019 y compa\u00f1\u00eda est\u00e1n listos a gastar lo que sea necesario para asegurarse que Harry Reid controle el Senado. Si \u00e9l mantiene sus funciones, est\u00e1 garantizado que los proyectos de ley que prohibir\u00edan\u00a0 los abortos tard\u00edos (despu\u00e9s de 20 semanas) y que cortar\u00edan la financiaci\u00f3n p\u00fablica del aborto o de Planned Parenthood no sobrevivir\u00edan en el Congreso.<\/span><\/p>\n<p>Seg\u00fan un informe del sitio \u2018Politico\u2019, \u2018Planned Parenthood\u2019 y el grupo abortista \u2018Emily\u2019s List\u2019 donar\u00e1n $6 millones en la carrera a senadora de Kay Hagan, candidata abortista de Carolina del Norte.<\/p>\n<p>Del informe:<\/p>\n<p>\u201cKay Hagan apoya los dolorosos abortos tard\u00edos. Ella es demasiado extrema para Carolina del Norte\u201d, dice un reciente anuncio de \u2018Susan B. Anthony List\u2019 (SBA List) contra la titular, a quien el grupo identific\u00f3 como una de los principales pol\u00edticos para derrotar.<\/p>\n<p>Hagan est\u00e1 ganando terreno. Gan\u00f3 en 2008 con mucho apoyo de las votantes, y durante su campa\u00f1a atac\u00f3 a Tillis por las restricciones al aborto que fueron aprobadas mientras \u00e9l era presidente de la C\u00e1mara de Representante estatal. En el a\u00f1o 2013 rechaz\u00f3 una ley estatal que requer\u00eda que las cl\u00ednicas abortivas siguieran las mismas reglas que los centros ambulatorios y que los doctores estuvieran presentes durante todo el proceso de aborto.<\/p>\n<p>\u201cEl Presidente Tillis utiliz\u00f3 su posici\u00f3n dentro de la Asamblea General para extralimitarse en un sinn\u00famero cuestiones relacionadas a la salud de la mujer, incluso llegando a desfinanciar los programas de cuidado preventivo,\u201d dijo recientemente la portavoz de la campa\u00f1a de Hagan, Sadie Weiner.<\/p>\n<p>Los grupos abortistas \u2018Planned Parenthood\u2019 y \u2018Emily\u2019s List\u2019 dar\u00e1n conjuntamente m\u00e1s de $6 millones para apoyar a Hagan.<\/p>\n<p>\u2018Women Speak Out PAC\u2019 (Las mujeres hablan PAC), un grupo socio del grupo pr\u00f3vida nacional \u2018SBA-List, le est\u00e1 haciendo frente a Hagan: con sus anuncios, el grupo informa a los votantes de Carolina del Norte que esta pol\u00edtica est\u00e1 a favor del aborto.<\/p>\n<p>\u201cLa senadora Kay Hagan est\u00e1 tan fuera de onda respecto al aborto que ella incluso se niega a proteger a los ni\u00f1os no nacidos despu\u00e9s de los cinco meses de embarazo. La gente de Carolina del Norte no est\u00e1 de acuerdo con ella en esto\u2026las encuestas muestran que la mayor\u00eda de los americanos est\u00e1 a favor de legislaci\u00f3n que proteja a las mujeres y a sus hijos de los peligros de los abortos tard\u00edos&#8230; Desde ahora, y hasta el d\u00eda de las elecciones, nuestra organizaci\u00f3n comunicar\u00e1 la posici\u00f3n extrema de la senadora Hagan a los electores de Carolina del Norte \u201d, dijo la presidente de \u2018Women Speak Out PAC\u2019, Marjorie Dannenfelser.<\/p>\n<p>Women Speak Out PAC, en colaboraci\u00f3n con la coalici\u00f3n \u201cNorth Carolina Values\u201d, abrir\u00e1 cinco oficinas locales para educar a los votantes sobre las posiciones extremas de Hagan.<\/p>\n<p>En noviembre, la portavoz de senadora confirm\u00f3 que Hagan se opone a el \u201cPain-Capable Unborn Child Protection Act\u201d (Ley de protecci\u00f3n del Ni\u00f1o por nacer), el cual tiene a 40 copatrocinadores, incluyendo al senador Richard Burr. Una encuesta conducida por \u2018Quinnipiac\u2019 mostr\u00f3 que el 60% de las mujeres apoya un l\u00edmite de 20 semanas.<\/p>\n","protected":false},"excerpt":{"rendered":"<p>Art\u00edculo original en www.lifenews.com traducci\u00f3n y edici\u00f3n libre Sr.Martin Pacheco La industria del aborto sabe que una elecci\u00f3n clave al Senado est\u00e1 en juego y \u2018Planned Parenthood\u2019 y compa\u00f1\u00eda est\u00e1n listos a gastar lo que sea necesario para asegurarse que Harry Reid controle el Senado. Si \u00e9l mantiene sus funciones, est\u00e1 garantizado que los proyectos [&hellip;]<\/p>\n","protected":false},"author":8,"featured_media":3343,"comment_status":"open","ping_status":"open","sticky":false,"template":"","format":"standard","meta":{"spay_email":"","jetpack_publicize_message":"","jetpack_is_tweetstorm":false},"categories":[9,72,70],"tags":[730,509],"aioseo_notices":[],"jetpack_featured_media_url":"https:\/\/catolicasmexico.com\/blog\/wp-content\/uploads\/2014\/08\/20140813-083109.jpg","jetpack_publicize_connections":[],"jetpack_shortlink":"https:\/\/wp.me\/p3B5XH-RT","jetpack-related-posts":[{"id":3923,"url":"https:\/\/catolicasmexico.com\/blog\/planned-parenthood-gana-alrededor-de-23-millones-anuales-gracias-a-la-venta-de-partes-de-los-cuerpos-de-los-bebes-abortados\/","url_meta":{"origin":3341,"position":0},"title":"Planned Parenthood gana alrededor de $ 23 millones anuales gracias a la venta de partes de los cuerpos de los beb\u00e9s abortados","date":"28 julio 2015","format":false,"excerpt":"Art\u00edculo de Lifenews traducci\u00f3n y edici\u00f3n libre Alejandro P. De CM Adem\u00e1s de asesinar a miles de beb\u00e9s, ahora sabemos que Planned Parenthood opera una desmanteladora, que vende a los beb\u00e9s asesinados por partes. Dos videos de ejecutivos de Planned Parenthood han sido difundidos en los cuales explican con detalles\u2026","rel":"","context":"En \u00abAborto\u00bb","img":{"alt_text":"","src":"https:\/\/i1.wp.com\/catolicasmexico.com\/blog\/wp-content\/uploads\/2015\/07\/20150728-133350.jpg?resize=350%2C200&ssl=1","width":350,"height":200},"classes":[]},{"id":1355,"url":"https:\/\/catolicasmexico.com\/blog\/planificacion-familiar-planned-parenthood-propicio-y-alento-a-violar-la-ley-a-grupos-extremistas-proaborto-en-texas\/","url_meta":{"origin":3341,"position":1},"title":"Planificaci\u00f3n familiar (Planned Parenthood.) Propici\u00f3 y alent\u00f3 a violar la ley a grupos extremistas proaborto en Texas.","date":"22 julio 2013","format":false,"excerpt":"Del sitio www.LifeSiteNews.com Julio 17, 2013 . Traducci\u00f3n y edici\u00f3n libre Monica Y. A. de www.catolicasmexico.com El Dr. Joe Pojman, director de la Alianza de Texas por la vida, dijo que la ley es muy clara sobre el comportamiento en el Senado: \"No se puede gritar, ni portar signos, ni\u2026","rel":"","context":"En \u00abAborto\u00bb","img":{"alt_text":"","src":"","width":0,"height":0},"classes":[]},{"id":1570,"url":"https:\/\/catolicasmexico.com\/blog\/gracias-a-dios-por-las-wendy-davis-del-mundo-la-pro-abortista-kathleen-turner\/","url_meta":{"origin":3341,"position":2},"title":"'Gracias a Dios por las Wendy Davis del mundo':  la pro- abortista Kathleen Turner","date":"12 agosto 2013","format":false,"excerpt":"Por Ben Johnson (LifeSiteNews.com) Edici\u00f3n y traducci\u00f3n libre de Alejandro P. para catolicasmexico.com 8 De agosto, 2013\u2013 Los opositores m\u00e1s escandalosos de la ley de Texas sobre el dolor fetal cantaron \"\u00a1Viva Sat\u00e1n\", pero la actriz Kathleen Turner tiene una visi\u00f3n diferente del opositor m\u00e1s c\u00e9lebre de esta ley:\"Gracias a\u2026","rel":"","context":"En \u00abAborto\u00bb","img":{"alt_text":"","src":"","width":0,"height":0},"classes":[]},{"id":251,"url":"https:\/\/catolicasmexico.com\/blog\/exportaciones-toxicas-harvey-karman-planned-parenthood-y-la-explotacion-de-victimas-de-violacion\/","url_meta":{"origin":3341,"position":3},"title":"Exportaciones t\u00f3xicas: Harvey Karman, Planned Parenthood, y la explotaci\u00f3n de v\u00edctimas de violaci\u00f3n","date":"11 mayo 2013","format":false,"excerpt":"Por Rebecca Oas, Ph.D. NUEVA YORK, 10 de mayo (C-FAM) Una iniciativa para promover el aborto sacando provecho de mujeres violadas en la guerra reaviva la memoria de otra anterior, de sus peligrosos aparatos y de un macabro abortista que est\u00e1 siendo procesado por asesinato.\u00a0 Una nueva\u00a0campa\u00f1a\u00a0pol\u00edtica busca invalidar una\u2026","rel":"","context":"En \u00abAborto\u00bb","img":{"alt_text":"","src":"https:\/\/i0.wp.com\/catolicasmexico.com\/blog\/wp-content\/uploads\/2013\/05\/HarveyKarman-235px-235x254.jpg?resize=350%2C200&ssl=1","width":350,"height":200},"classes":[]},{"id":4275,"url":"https:\/\/catolicasmexico.com\/blog\/el-doctor-levantino-presenta-en-video-el-proceso-del-aborto-en-el-segundo-trimestre-por-desmembramiento\/","url_meta":{"origin":3341,"position":4},"title":"El doctor Levantino presenta en video el proceso del aborto en el segundo trimestre por desmembramiento.\u00a0","date":"3 marzo 2016","format":false,"excerpt":"Del sitio Church Militant.com traducci\u00f3n libre de PHG para CM La organization provida Live Action est\u00e1 exponiendo una serie de videos en los cuales un ex-abortista utiliza animaciones para revelar la cruel realidad del aborto para la mama y el bebe. El objetivo del grupo es de derrumbar el argumento\u2026","rel":"","context":"En \u00abAborto\u00bb","img":{"alt_text":"","src":"https:\/\/i0.wp.com\/catolicasmexico.com\/blog\/wp-content\/uploads\/2016\/03\/IMG_0462.jpg?resize=350%2C200&ssl=1","width":350,"height":200},"classes":[]},{"id":2043,"url":"https:\/\/catolicasmexico.com\/blog\/en-washington-se-realizo-una-manifestacion-para-exponer-el-tiro-obamacare-planificacion-de-la-familia-plan-parenthoody-la-financiacion-del-aborto\/","url_meta":{"origin":3341,"position":5},"title":"En Washington se realiz\u00f3 una manifestaci\u00f3n para \"Exponer el tiro\u201d: ObamaCare, Planificaci\u00f3n de la Familia (Planned Parenthood)y la financiaci\u00f3n del aborto.","date":"11 noviembre 2013","format":false,"excerpt":"Del sitio LifeSiteNews.com traducci\u00f3n y edici\u00f3n libre Monica Y. A. de www.catolicasmexico.com WASHINGTON, DC, 1 de noviembre, 2013 (LifeSiteNews.com) - \"Cada d\u00eda, 915 ni\u00f1os mueren a manos de Planificaci\u00f3n Familiar (Planned Parenthood). Cada d\u00eda, 915 madres son oprimidas en las cl\u00ednicas de Planificaci\u00f3n Familiar\"(Planned Parenthood.), dijo el director cristiano por\u2026","rel":"","context":"En \u00abAborto\u00bb","img":{"alt_text":"","src":"","width":0,"height":0},"classes":[]}],"jetpack_likes_enabled":false,"jetpack_sharing_enabled":true,"_links":{"self":[{"href":"https:\/\/catolicasmexico.com\/blog\/wp-json\/wp\/v2\/posts\/3341"}],"collection":[{"href":"https:\/\/catolicasmexico.com\/blog\/wp-json\/wp\/v2\/posts"}],"about":[{"href":"https:\/\/catolicasmexico.com\/blog\/wp-json\/wp\/v2\/types\/post"}],"author":[{"embeddable":true,"href":"https:\/\/catolicasmexico.com\/blog\/wp-json\/wp\/v2\/users\/8"}],"replies":[{"embeddable":true,"href":"https:\/\/catolicasmexico.com\/blog\/wp-json\/wp\/v2\/comments?post=3341"}],"version-history":[{"count":2,"href":"https:\/\/catolicasmexico.com\/blog\/wp-json\/wp\/v2\/posts\/3341\/revisions"}],"predecessor-version":[{"id":3344,"href":"https:\/\/catolicasmexico.com\/blog\/wp-json\/wp\/v2\/posts\/3341\/revisions\/3344"}],"wp:featuredmedia":[{"embeddable":true,"href":"https:\/\/catolicasmexico.com\/blog\/wp-json\/wp\/v2\/media\/3343"}],"wp:attachment":[{"href":"https:\/\/catolicasmexico.com\/blog\/wp-json\/wp\/v2\/media?parent=3341"}],"wp:term":[{"taxonomy":"category","embeddable":true,"href":"https:\/\/catolicasmexico.com\/blog\/wp-json\/wp\/v2\/categories?post=3341"},{"taxonomy":"post_tag","embeddable":true,"href":"https:\/\/catolicasmexico.com\/blog\/wp-json\/wp\/v2\/tags?post=3341"}],"curies":[{"name":"wp","href":"https:\/\/api.w.org\/{rel}","templated":true}]}}