{"id":3172,"date":"2014-07-04T09:48:08","date_gmt":"2014-07-04T14:48:08","guid":{"rendered":"http:\/\/catolicasmexico.com\/blog\/?p=3172"},"modified":"2017-07-21T23:42:25","modified_gmt":"2017-07-22T04:42:25","slug":"santa-isabel-de-portugal-ruega-por-la-paz-en-nuestros-paises","status":"publish","type":"post","link":"https:\/\/catolicasmexico.com\/blog\/santa-isabel-de-portugal-ruega-por-la-paz-en-nuestros-paises\/","title":{"rendered":"Santa Isabel de Portugal, ruega por la paz en nuestros pa\u00edses."},"content":{"rendered":"<p><a href=\"http:\/\/catolicasmexico.com\/blog\/wp-content\/uploads\/2014\/07\/20140704-1103081.jpg\"><img src=\"http:\/\/catolicasmexico.com\/blog\/wp-content\/uploads\/2014\/07\/20140704-1103081.jpg\" alt=\"20140704-110308.jpg\" class=\"alignnone size-full\"  \/> <\/a><\/p>\n<p>patrona de los territorios en guerra.<\/p>\n<p>Nacida en Arag\u00f3n, Espa\u00f1a en 1271, santa Isabel es la hija del rey Pedro III de ese reino y nieta del rey Jaime el Conquistador, biznieta del emperador Federico II de Alemania. Le pusieron Isabel en honor a su t\u00eda abuela, Santa Isabel de Hungr\u00eda. <\/p>\n<p>La casaron cuando ten\u00eda 12 a\u00f1os con el rey Dionisio de Portugal. Esta fue la gran cruz de Santa Isabel ya que era un hombre de poca moral, siendo violento e infiel. Pero ella supo llevar heroicamente esta prueba. Oraba y hac\u00eda sacrificios por el. Lo trataba siempre con bondad. Tuvo dos hijos: Alfonso, futuro rey de Portugal y Constancia, futura reina de Castilla. Santa Isabel lleg\u00f3 hasta educar los hijos naturales de su esposo con otras mujeres. <\/p>\n<p>En su tiempo libre se reun\u00eda con otras damas para confeccionar ropas para los pobres. Las tardes las dedicaba a visitar ancianos y enfermos.<\/p>\n<p>Hizo construir albergues, un hospital para los pobres, una escuela gratuita, una casa para mujeres arrepentidas de la mala vida y un hospicio para ni\u00f1os abandonados. Tambi\u00e9n construy\u00f3 conventos y otras obras para el bien del pueblo. Prestaba sus bellos vestidos y hasta una corona para la boda de j\u00f3venes pobres.<\/p>\n<p>Entra en el convento de las Clarisas despu\u00e9s de enviudar<\/p>\n<p>Por el amor tan grande que Santa Isabel le ten\u00eda a la Eucarist\u00eda, se dedic\u00f3 a estudiar la vida de los santos mas notables por su amor a la Eucarist\u00eda, en especial Santa Clara. Despu\u00e9s de enviudar, Santa Isabel se despoj\u00f3 de todas sus riquezas. Emprendi\u00f3 un peregrinaje a Santiago de Compostela, donde le entreg\u00f3 la corona al Arzobispo para recibir el h\u00e1bito de las Clarisas como terciaria. El Arzobispo fue tan movido por este acto de la santa, que el le entreg\u00f3 su callado pastoral para que la ayudara en su regreso a Portugal. <\/p>\n<p>Vivi\u00f3 los \u00faltimos a\u00f1os en el convento, dedicada a la adoraci\u00f3n Eucar\u00edstica. <\/p>\n<p>Cuando estall\u00f3 la guerra entre su hijo y su yerno, el rey de Castilla, Santa Isabel, a pesar de su ancianidad, emprendi\u00f3 un larg\u00edsimo viaje por caminos muy peligrosos y logr\u00f3 la paz. Sin embargo el viaje le cost\u00f3 la vida. Al sentir pr\u00f3xima la muerte pidi\u00f3 que la llevasen al convento de las Clarisas que ella misma hab\u00eda fundado. All\u00ed muri\u00f3 invocando a la Virgen Sant\u00edsima el 4 de julio de 1336. <\/p>\n<p>Dios bendijo su sepulcro con milagros. Su cuerpo se puede venerar en el convento de las Clarisas en Coimbra.<\/p>\n<p>Fue canonizada en 1625<\/p>\n","protected":false},"excerpt":{"rendered":"<p>patrona de los territorios en guerra. Nacida en Arag\u00f3n, Espa\u00f1a en 1271, santa Isabel es la hija del rey Pedro III de ese reino y nieta del rey Jaime el Conquistador, biznieta del emperador Federico II de Alemania. Le pusieron Isabel en honor a su t\u00eda abuela, Santa Isabel de Hungr\u00eda. La casaron cuando ten\u00eda [&hellip;]<\/p>\n","protected":false},"author":2,"featured_media":3171,"comment_status":"open","ping_status":"open","sticky":false,"template":"","format":"standard","meta":{"spay_email":"","jetpack_publicize_message":"","jetpack_is_tweetstorm":false},"categories":[458],"tags":[],"aioseo_notices":[],"jetpack_featured_media_url":"https:\/\/catolicasmexico.com\/blog\/wp-content\/uploads\/2014\/07\/20140704-1103081.jpg","jetpack_publicize_connections":[],"jetpack_shortlink":"https:\/\/wp.me\/p3B5XH-Pa","jetpack-related-posts":[{"id":3163,"url":"https:\/\/catolicasmexico.com\/blog\/la-visitacion-de-maria-santisima-a-su-prima-santa-isabel\/","url_meta":{"origin":3172,"position":0},"title":"La Visitaci\u00f3n de Mar\u00eda Sant\u00edsima a su prima Santa Isabel.","date":"2 julio 2014","format":false,"excerpt":"Despu\u00e9s del anuncio del \u00e1ngel, Mar\u00eda se pone en camino (\u201cde prisa\u201d dice san Lucas) para ir a visitar a su parienta Isabel y prestarle un servicio. Uni\u00e9ndose probablemente a una caravana de peregrinos que se dirigen a Jerusal\u00e9n, atraviesa la Samar\u00eda y llega a Ain-Karim (en Judea), en donde\u2026","rel":"","context":"En \u00abSantoral\u00bb","img":{"alt_text":"","src":"https:\/\/i1.wp.com\/catolicasmexico.com\/blog\/wp-content\/uploads\/2014\/07\/20140702-1728561.jpg?resize=350%2C200&ssl=1","width":350,"height":200},"classes":[]},{"id":2367,"url":"https:\/\/catolicasmexico.com\/blog\/hermosa-historia-de-sor-isabel-ella-es-guatemalteca-y-ayuda-a-las-madres-solteras-y-a-sus-hijos-en-la-fria-rusia\/","url_meta":{"origin":3172,"position":1},"title":"Hermosa historia de Sor Isabel, ella es guatemalteca y ayuda a las madres solteras y a sus hijos en la fr\u00eda Rusia.","date":"13 enero 2014","format":false,"excerpt":"Art\u00edculo de Religi\u00f3n en Libertad... ( Para los que est\u00e1n lejos de su patria, este art\u00edculo nos hace comprender que Dios est\u00e1 con nosotros y que podemos servir a nuestro pr\u00f3jimo a pesar de las condiciones adversas) Sor Isabel: \u00abFui de las primeras monjas en Rusia, nos preguntaban en la\u2026","rel":"","context":"En \u00abIglesia cat\u00f3lica\u00bb","img":{"alt_text":"","src":"","width":0,"height":0},"classes":[]},{"id":2244,"url":"https:\/\/catolicasmexico.com\/blog\/no-olvides-mexico-la-consagracion-al-sacratisimo-corazon-de-cristo-rey\/","url_meta":{"origin":3172,"position":2},"title":"No olvides M\u00e9xico La Consagraci\u00f3n al Sacrat\u00edsimo Coraz\u00f3n de Cristo Rey.","date":"16 diciembre 2013","format":false,"excerpt":"Consagraci\u00f3n al Sacrat\u00edsimo Coraz\u00f3n de Cristo Rey Acto de proclamaci\u00f3n del Sagrado Coraz\u00f3n de Jes\u00fas como Rey de M\u00e9xico y juramento de fidelidad y vasallaje. Coraz\u00f3n Sacrat\u00edsimo del Rey pac\u00edfico: radiante de j\u00fabilo como fieles vasallos, venimos hoy a postrarnos al pie de tu trono y gozosos te proclamamos a\u2026","rel":"","context":"En \u00abFe\u00bb","img":{"alt_text":"","src":"","width":0,"height":0},"classes":[]},{"id":2963,"url":"https:\/\/catolicasmexico.com\/blog\/acto-de-proclamacion-del-sagrado-corazon-de-jesus-como-rey-de-mexico-y-juramento-de-fidelidad-y-vasallaje\/","url_meta":{"origin":3172,"position":3},"title":"Acto de proclamaci\u00f3n del Sagrado Coraz\u00f3n de Jes\u00fas como Rey de Mexico y juramento de fidelidad y vasallaje.","date":"29 mayo 2014","format":false,"excerpt":"Coraz\u00f3n Sacrat\u00edsimo del Rey pac\u00edfico: radiante de j\u00fabilo como fieles vasallos, venimos hoy a postrarnos al pie de tu trono y gozosos te proclamamos a la faz del mundo, REY INMORTAL DE LA NACI\u00d3N MEXICANA, al acatar tu Soberan\u00eda sobre todos los pueblos. Quermos coronar tu frente, \u00a1oh Cristo Rey!\u2026","rel":"","context":"En \u00abFe\u00bb","img":{"alt_text":"","src":"","width":0,"height":0},"classes":[]},{"id":2732,"url":"https:\/\/catolicasmexico.com\/blog\/juez-supremo-homosexual-asesor-de-la-reina-isabel-es-fundador-de-red-de-pederastas\/","url_meta":{"origin":3172,"position":4},"title":"Juez supremo que se autoproclam\u00f3 homosexual y es asesor de la reina Isabel es fundador de grupo de pederastas","date":"14 marzo 2014","format":false,"excerpt":"Articulo de www.connuestroperu.com Publicado el 09 Marzo 2014 Adrian Fulford, juez supremo y asesor de la reina Isabel, es fundador de grupo que promueve librar de c\u00e1rcel a pederastas y soporte clave de PIE (Intercambio de Informaci\u00f3n de Pederastas, por sus siglas en ingl\u00e9s) y era muy alabado por este\u2026","rel":"","context":"En \u00abLegislaci\u00f3n\u00bb","img":{"alt_text":"","src":"https:\/\/i1.wp.com\/catolicasmexico.com\/blog\/wp-content\/uploads\/2014\/03\/20140314-150830.jpg?resize=350%2C200&ssl=1","width":350,"height":200},"classes":[]},{"id":3247,"url":"https:\/\/catolicasmexico.com\/blog\/san-enrique-emperador\/","url_meta":{"origin":3172,"position":5},"title":"San Enrique Emperador.","date":"15 julio 2014","format":false,"excerpt":"Fue un rey y un emperador guerrero, que luch\u00f3 contra los enemigos de la Iglesia, que ayud\u00f3 a la reforma mon\u00e1stica, que distribuy\u00f3 entre los pobres quit\u00e1ndoselo a los ricos. (...) San Enrique naci\u00f3 en Alemania en d\u00eda 6 de mayo del a\u00f1o 973, pero no se sabe si fue\u2026","rel":"","context":"En \u00abSantoral\u00bb","img":{"alt_text":"","src":"https:\/\/i1.wp.com\/catolicasmexico.com\/blog\/wp-content\/uploads\/2014\/07\/20140715-090657.jpg?resize=350%2C200&ssl=1","width":350,"height":200},"classes":[]}],"jetpack_likes_enabled":false,"jetpack_sharing_enabled":true,"_links":{"self":[{"href":"https:\/\/catolicasmexico.com\/blog\/wp-json\/wp\/v2\/posts\/3172"}],"collection":[{"href":"https:\/\/catolicasmexico.com\/blog\/wp-json\/wp\/v2\/posts"}],"about":[{"href":"https:\/\/catolicasmexico.com\/blog\/wp-json\/wp\/v2\/types\/post"}],"author":[{"embeddable":true,"href":"https:\/\/catolicasmexico.com\/blog\/wp-json\/wp\/v2\/users\/2"}],"replies":[{"embeddable":true,"href":"https:\/\/catolicasmexico.com\/blog\/wp-json\/wp\/v2\/comments?post=3172"}],"version-history":[{"count":1,"href":"https:\/\/catolicasmexico.com\/blog\/wp-json\/wp\/v2\/posts\/3172\/revisions"}],"predecessor-version":[{"id":3173,"href":"https:\/\/catolicasmexico.com\/blog\/wp-json\/wp\/v2\/posts\/3172\/revisions\/3173"}],"wp:featuredmedia":[{"embeddable":true,"href":"https:\/\/catolicasmexico.com\/blog\/wp-json\/wp\/v2\/media\/3171"}],"wp:attachment":[{"href":"https:\/\/catolicasmexico.com\/blog\/wp-json\/wp\/v2\/media?parent=3172"}],"wp:term":[{"taxonomy":"category","embeddable":true,"href":"https:\/\/catolicasmexico.com\/blog\/wp-json\/wp\/v2\/categories?post=3172"},{"taxonomy":"post_tag","embeddable":true,"href":"https:\/\/catolicasmexico.com\/blog\/wp-json\/wp\/v2\/tags?post=3172"}],"curies":[{"name":"wp","href":"https:\/\/api.w.org\/{rel}","templated":true}]}}