{"id":3168,"date":"2014-07-03T08:04:53","date_gmt":"2014-07-03T13:04:53","guid":{"rendered":"http:\/\/catolicasmexico.com\/blog\/?p=3168"},"modified":"2014-07-04T10:18:19","modified_gmt":"2014-07-04T15:18:19","slug":"ed-clark-miembro-del-bilderberg-promueve-el-nuevo-orden-mundial-sexual","status":"publish","type":"post","link":"https:\/\/catolicasmexico.com\/blog\/ed-clark-miembro-del-bilderberg-promueve-el-nuevo-orden-mundial-sexual\/","title":{"rendered":"Ed Clark, miembro del Bilderberg  promueve el nuevo orden mundial sexual."},"content":{"rendered":"<p><a href=\"http:\/\/catolicasmexico.com\/blog\/wp-content\/uploads\/2014\/07\/20140704-1129131.jpg\"><img src=\"http:\/\/catolicasmexico.com\/blog\/wp-content\/uploads\/2014\/07\/20140704-1129131.jpg\" alt=\"20140704-112913.jpg\" class=\"alignnone size-full\"  \/> <\/a><\/p>\n<p>Canad\u00e1 &#8211; William Edmund \u00abEd\u00bb Clark, Presidente y Jefe ejecutivo de TD Bank Financial, tambi\u00e9n miembro de la Junta Directiva del Grupo Bilderberg, anunci\u00f3 que su banco va financiar m\u00e1s de cuarentena eventos organizados por el lobby LGBT en Am\u00e9rica del norte.  Clark fue uno de los oradores en la Conferencia de WorldPride de derechos humanos celebrada en Toronto.<\/p>\n<p>Ed Clark afirm\u00f3 que no le preocupaba saber si ganar\u00eda o perder\u00eda clientes. \u00abNo lo s\u00e9 y no me importa, para ser honesto. Si alguien dice &#8216;Voy a retirar mi dinero si usted patrocina un desfile del orgullo gay&#8217;, responder\u00e9 hazlo\u00bb(&#8230;)<\/p>\n<p>La exposici\u00f3n aborda diversos temas como el per\u00edodo de la clandestinidad y luego los cambios legales el SIDA, el proselitismo y del sistema comunitario LGBT, del nacimiento de la colonia gay de Montreal&#8230; Y por supuesto la evoluci\u00f3n de la legislaci\u00f3n sobre matrimonio, adopci\u00f3n, etc..<br \/>\nRobert Bourdon-Cloutier, asesor y Coordinador de la exposici\u00f3n explica: \u00abTengo 32 a\u00f1os trabajando para la revista fugas, me di cuenta de que hemos pasado de ser delincuentes y enfermos mentales a ser una comunidad que est\u00e1 a la vanguardia de muchos movimientos, y que es econ\u00f3micamente, socialmente y culturalmente valorado en Quebec. \u00a1Es extraordinario que esto pasara en un espacio de 30 a\u00f1os!.<\/p>\n<p>Pero el lobby homosexual parece incapaz de organizar nada sin la pornograf\u00eda. Esta exposici\u00f3n muestra bajo el pretexto de arte, \u00abobras\u00bb de Yvon Goulet, Peter Flinsh, Z\u00eflon, Carlos Quiroz, Jean Chainey, Tom of Finland, Alan B. Stone, Jacques Cl\u00e9ment, Kat Corik, Deshpande, Mathieu Laca y Marc-Andr\u00e9 Hamel. As\u00ed como un espacio l\u00fadico ..ya se imaginaran lo que es l\u00fadico<\/p>\n<p>Si Denis-Daniel Boull\u00e9, organizador de la exposici\u00f3n, dice que \u00abla sexualidad es tambi\u00e9n una cuesti\u00f3n pol\u00edtica\u00bb, agreg\u00f3 que \u00abeste espacio es divertido\u00bb. La siguiente foto de la exposici\u00f3n permite imaginar lo que llama \u00abl\u00fadico\u00bb <\/p>\n<p><a href=\"http:\/\/catolicasmexico.com\/blog\/wp-content\/uploads\/2014\/07\/20140704-113007.jpg\"><img src=\"http:\/\/catolicasmexico.com\/blog\/wp-content\/uploads\/2014\/07\/20140704-113007.jpg\" alt=\"20140704-113007.jpg\" class=\"alignnone size-full\"  \/> <\/a><\/p>\n","protected":false},"excerpt":{"rendered":"<p>Canad\u00e1 &#8211; William Edmund \u00abEd\u00bb Clark, Presidente y Jefe ejecutivo de TD Bank Financial, tambi\u00e9n miembro de la Junta Directiva del Grupo Bilderberg, anunci\u00f3 que su banco va financiar m\u00e1s de cuarentena eventos organizados por el lobby LGBT en Am\u00e9rica del norte. Clark fue uno de los oradores en la Conferencia de WorldPride de derechos [&hellip;]<\/p>\n","protected":false},"author":2,"featured_media":3175,"comment_status":"open","ping_status":"open","sticky":false,"template":"","format":"standard","meta":{"spay_email":"","jetpack_publicize_message":"","jetpack_is_tweetstorm":false},"categories":[84,12,21],"tags":[59,46,491,272],"aioseo_notices":[],"jetpack_featured_media_url":"https:\/\/catolicasmexico.com\/blog\/wp-content\/uploads\/2014\/07\/20140704-1129131.jpg","jetpack_publicize_connections":[],"jetpack_shortlink":"https:\/\/wp.me\/p3B5XH-P6","jetpack-related-posts":[{"id":2941,"url":"https:\/\/catolicasmexico.com\/blog\/europa-bajo-la-influencia-del-lobby-gay-el-lgbt-posee-un-poderoso-lobby-en-estrasburgo\/","url_meta":{"origin":3168,"position":0},"title":"Europa bajo la influencia del lobby gay. El  LGBT posee un poderoso lobby en Estrasburgo","date":"26 mayo 2014","format":false,"excerpt":"En la foto el eurodiputado Michael Cashman miembro del LGTB como la cuarta parte de los parlamentarios europeos. Del sitio www.valeurs actuelles traducci\u00f3n y edici\u00f3n libre www.catolicas mexico.com (...) Casi una cuarta parte de los diputados es miembro del Intergrupo LGTB (lesbianas, gays, bisexuales y transexuales), que defiende los intereses\u2026","rel":"","context":"En \u00abAborto\u00bb","img":{"alt_text":"","src":"https:\/\/i1.wp.com\/catolicasmexico.com\/blog\/wp-content\/uploads\/2014\/05\/20140526-094750.jpg?resize=350%2C200&ssl=1","width":350,"height":200},"classes":[]},{"id":2884,"url":"https:\/\/catolicasmexico.com\/blog\/demandan-al-gobierno-de-quebec-para-que-se-omita-en-actas-de-nacimiento-el-sexo-del-bebe\/","url_meta":{"origin":3168,"position":1},"title":"Demandan al gobierno de Quebec, para que se omita en actas de nacimiento el sexo del beb\u00e9.","date":"6 mayo 2014","format":false,"excerpt":"El centro de lucha contra la opresi\u00f3n de g\u00e9nero (...) interpuso una acci\u00f3n contra el gobierno de Quebec para invalidar cinco art\u00edculos del c\u00f3digo civil que considera discriminatoria, los relacionados con el acta de nacimiento especialmente. \u00ab(...), La declaraci\u00f3n del sexo (femenino o masculino) en el acta de nacimiento es\u2026","rel":"","context":"En \u00abCanada.\u00bb","img":{"alt_text":"","src":"","width":0,"height":0},"classes":[]},{"id":2226,"url":"https:\/\/catolicasmexico.com\/blog\/el-informe-estrela-sobre-el-derecho-al-aborto-es-rechazado-otra-vez-por-el-parlamento-europeo\/","url_meta":{"origin":3168,"position":2},"title":"El informe  Estrela sobre el \"derecho al aborto\" es rechazado otra vez por el Parlamento Europeo.","date":"13 diciembre 2013","format":false,"excerpt":"Del sitio www.cqv.cq.ca original del sitio www.radiovaticana.va traducci\u00f3n y edici\u00f3n libre www.catolicasmexico.com Parlamento Europeo rechaz\u00f3 el martes, 10 de diciembre, el informe Estrela sobre la \"salud y los derechos sexuales y reproductivos\". La propuesta de la diputada portuguesa socialista MEP Edite Estrela incluye el reconocimiento a nivel europeo de un\u2026","rel":"","context":"En \u00abAborto\u00bb","img":{"alt_text":"","src":"https:\/\/i1.wp.com\/catolicasmexico.com\/blog\/wp-content\/uploads\/2013\/12\/20131213-112804.jpg?resize=350%2C200&ssl=1","width":350,"height":200},"classes":[]},{"id":1360,"url":"https:\/\/catolicasmexico.com\/blog\/una-adicion-sobre-los-transexuales-en-el-codigo-civil-de-la-isla-del-principe-eduardo\/","url_meta":{"origin":3168,"position":3},"title":"Una adici\u00f3n sobre los transexuales en el c\u00f3digo civil de la isla del pr\u00edncipe Eduardo.","date":"23 julio 2013","format":false,"excerpt":"Del blog de www.cqv.cq.ca original del sitio de Radio-Canada du 22 juillet 2013 Traducci\u00f3n y edici\u00f3n libre wwww.catolicasmexico.com El derecho a la expresi\u00f3n de la identidad de g\u00e9nero podr\u00eda incluirse espec\u00edficamente en el c\u00f3digo de los derechos humanos de la isla del Prince Eduardo desde este oto\u00f1o. Las personas transg\u00e9nero\u2026","rel":"","context":"En \u00abCanada.\u00bb","img":{"alt_text":"","src":"","width":0,"height":0},"classes":[]},{"id":3480,"url":"https:\/\/catolicasmexico.com\/blog\/como-hemos-llegado-a-esto-exposicion-explicita-sobre-la-sexualidad-para-ninos\/","url_meta":{"origin":3168,"position":4},"title":"\u00bfC\u00f3mo hemos llegado a esto? - Exposici\u00f3n explicita sobre la sexualidad para ni\u00f1os","date":"22 octubre 2014","format":false,"excerpt":"Traducci\u00f3n integral de texto y v\u00eddeos Sr. Mart\u00edn Pacheco. \u00a0 \u00bfC\u00f3mo hemos llegado a esto? Presentaci\u00f3n de la exposici\u00f3n Zizi Sexuel: Estas personas ni se dan cuenta de lo que est\u00e1n diciendo. Mientras una trabajadora afirma que es necesario \u201crespetar el pudor de los ni\u00f1os\u201d, en la pantalla aparecen las\u2026","rel":"","context":"En \u00abEducaci\u00f3n\u00bb","img":{"alt_text":"","src":"https:\/\/i2.wp.com\/catolicasmexico.com\/blog\/wp-content\/uploads\/2014\/10\/18186400.jpg?resize=350%2C200&ssl=1","width":350,"height":200},"classes":[]},{"id":3600,"url":"https:\/\/catolicasmexico.com\/blog\/entender-la-teoria-del-genero-en-tan-solo-3-minutos-para-conocer-compartir-y-combatir\/","url_meta":{"origin":3168,"position":5},"title":"Entender la teor\u00eda del genero en tan s\u00f3lo 3 minutos para conocer, compartir y combatir.","date":"29 enero 2015","format":false,"excerpt":"Padre de familia : Este v\u00eddeo te ayudar\u00e1 a comprender en tres minutos en que consiste la teor\u00eda de genero implantada en todo el mundo para darla a nuestros ni\u00f1os. Traducci\u00f3n edici\u00f3n e implantaci\u00f3n de subt\u00edtulos Sr. Mart\u00edn Pacheco para cat\u00f3licasM\u00e9xico.com","rel":"","context":"En \u00abEducaci\u00f3n\u00bb","img":{"alt_text":"","src":"https:\/\/i2.wp.com\/catolicasmexico.com\/blog\/wp-content\/uploads\/2015\/01\/IMG_0187.jpg?resize=350%2C200&ssl=1","width":350,"height":200},"classes":[]}],"jetpack_likes_enabled":false,"jetpack_sharing_enabled":true,"_links":{"self":[{"href":"https:\/\/catolicasmexico.com\/blog\/wp-json\/wp\/v2\/posts\/3168"}],"collection":[{"href":"https:\/\/catolicasmexico.com\/blog\/wp-json\/wp\/v2\/posts"}],"about":[{"href":"https:\/\/catolicasmexico.com\/blog\/wp-json\/wp\/v2\/types\/post"}],"author":[{"embeddable":true,"href":"https:\/\/catolicasmexico.com\/blog\/wp-json\/wp\/v2\/users\/2"}],"replies":[{"embeddable":true,"href":"https:\/\/catolicasmexico.com\/blog\/wp-json\/wp\/v2\/comments?post=3168"}],"version-history":[{"count":2,"href":"https:\/\/catolicasmexico.com\/blog\/wp-json\/wp\/v2\/posts\/3168\/revisions"}],"predecessor-version":[{"id":3177,"href":"https:\/\/catolicasmexico.com\/blog\/wp-json\/wp\/v2\/posts\/3168\/revisions\/3177"}],"wp:featuredmedia":[{"embeddable":true,"href":"https:\/\/catolicasmexico.com\/blog\/wp-json\/wp\/v2\/media\/3175"}],"wp:attachment":[{"href":"https:\/\/catolicasmexico.com\/blog\/wp-json\/wp\/v2\/media?parent=3168"}],"wp:term":[{"taxonomy":"category","embeddable":true,"href":"https:\/\/catolicasmexico.com\/blog\/wp-json\/wp\/v2\/categories?post=3168"},{"taxonomy":"post_tag","embeddable":true,"href":"https:\/\/catolicasmexico.com\/blog\/wp-json\/wp\/v2\/tags?post=3168"}],"curies":[{"name":"wp","href":"https:\/\/api.w.org\/{rel}","templated":true}]}}