{"id":3163,"date":"2014-07-02T16:18:27","date_gmt":"2014-07-02T21:18:27","guid":{"rendered":"http:\/\/catolicasmexico.com\/blog\/?p=3163"},"modified":"2017-07-21T23:38:20","modified_gmt":"2017-07-22T04:38:20","slug":"la-visitacion-de-maria-santisima-a-su-prima-santa-isabel","status":"publish","type":"post","link":"https:\/\/catolicasmexico.com\/blog\/la-visitacion-de-maria-santisima-a-su-prima-santa-isabel\/","title":{"rendered":"La Visitaci\u00f3n de Mar\u00eda Sant\u00edsima a su prima Santa Isabel."},"content":{"rendered":"<p><a href=\"http:\/\/catolicasmexico.com\/blog\/wp-content\/uploads\/2014\/07\/20140702-1728561.jpg\"><img src=\"http:\/\/catolicasmexico.com\/blog\/wp-content\/uploads\/2014\/07\/20140702-1728561.jpg\" alt=\"20140702-172856.jpg\" class=\"alignnone size-full\"  \/> <\/a><\/p>\n<p>Despu\u00e9s del anuncio del \u00e1ngel, Mar\u00eda se pone en camino (\u201cde prisa\u201d dice san Lucas) para ir a visitar a su parienta Isabel y prestarle un servicio. Uni\u00e9ndose probablemente a una caravana de peregrinos que se dirigen a Jerusal\u00e9n, atraviesa la Samar\u00eda y llega a Ain-Karim (en Judea), en donde vive la familia de Zacar\u00edas.<\/p>\n<p>Es f\u00e1cil imaginar los sentimientos que invad\u00edan su esp\u00edritu al meditar el misterio que le hab\u00eda anunciado el \u00e1ngel. Son sentimientos de humilde agradecimiento con la grandeza y bondad de Dios, que Mar\u00eda expresar\u00e1 en su encuentro con la prima con el himno del Magnificat, la expresi\u00f3n del amor jubiloso \u201cque canta y alaba al amado\u201d (san Bernardino de Siena): \u201cMi alma glorifica al Se\u00f1or, y mi esp\u00edritu se regocija&#8230;\u201d.<\/p>\n<p>La presencia del Verbo encarnado en Mar\u00eda es causa de gracia para Isabel, que, inspirada, descubre los grandes misterios que se han obrado en la joven prima, su dignidad de Madre de Dios, su fe en la palabra divina y la santificaci\u00f3n del precursor, que salta de alegr\u00eda en el seno de la madre. Mar\u00eda se queda con Isabel haste el nacimiento de Juan Bautista, esperando probablemente ocho d\u00edas m\u00e1s para el rito de la imposici\u00f3n del nombre. Aceptando este c\u00f3mputo del per\u00edodo transcurrido con la parienta Isabel, la fiesta de la Visitaci\u00f3n, de origen franciscano (los frailes Menores la celebraban ya en el 1263), se celebraba el 2 de julio, es decir, al final de la visita de Mar\u00eda. Hubiera sido m\u00e1s l\u00f3gico colocarlo despu\u00e9s del 25 de marzo, fiesta de la Anunciaci\u00f3n, pero se quiso evitar que cayera en el per\u00edodo cuaresmal.<\/p>\n<p>Despu\u00e9s el papa Urbano VI extendi\u00f3 la fiesta a toda la Iglesia latina para pedir por intercesi\u00f3n de Mar\u00eda la paz y la unidad de los cristianos divididos por el gran cisma de Occidente. El s\u00ednodo de Basilea, en la sesi\u00f3n del 1 de julio de 1441, confirm\u00f3 la festividad de la Visitaci\u00f3n, que al principio no hab\u00edan aceptado los Estados que estaban de parse del antipapa.<br \/>\nDel sitio www.escatholic.net<\/p>\n","protected":false},"excerpt":{"rendered":"<p>Despu\u00e9s del anuncio del \u00e1ngel, Mar\u00eda se pone en camino (\u201cde prisa\u201d dice san Lucas) para ir a visitar a su parienta Isabel y prestarle un servicio. Uni\u00e9ndose probablemente a una caravana de peregrinos que se dirigen a Jerusal\u00e9n, atraviesa la Samar\u00eda y llega a Ain-Karim (en Judea), en donde vive la familia de Zacar\u00edas. [&hellip;]<\/p>\n","protected":false},"author":2,"featured_media":3162,"comment_status":"open","ping_status":"open","sticky":false,"template":"","format":"standard","meta":{"spay_email":"","jetpack_publicize_message":"","jetpack_is_tweetstorm":false},"categories":[458],"tags":[],"aioseo_notices":[],"jetpack_featured_media_url":"https:\/\/catolicasmexico.com\/blog\/wp-content\/uploads\/2014\/07\/20140702-1728561.jpg","jetpack_publicize_connections":[],"jetpack_shortlink":"https:\/\/wp.me\/p3B5XH-P1","jetpack-related-posts":[{"id":3210,"url":"https:\/\/catolicasmexico.com\/blog\/nuestra-senora-del-rosario-de-chinquinquira\/","url_meta":{"origin":3163,"position":0},"title":"Nuestra Se\u00f1ora del Rosario de Chinquinquir\u00e1.","date":"9 julio 2014","format":false,"excerpt":"Durante siglos, el pueblo colombiano da gloria a Dios por medio de su Madre la Sant\u00edsima Virgen Mar\u00eda bajo la advocaci\u00f3n de Nuestra Se\u00f1ora del Rosario de Chinquinquir\u00e1. Es este uno de los m\u00e1s importantes y frecuentados santuarios de Colombia. La Virgen est\u00e1 representada en un lienzo, con el Ni\u00f1o\u2026","rel":"","context":"En \u00abFe\u00bb","img":{"alt_text":"","src":"","width":0,"height":0},"classes":[]},{"id":4981,"url":"https:\/\/catolicasmexico.com\/blog\/pequeno-oficio-de-la-virgen\/","url_meta":{"origin":3163,"position":1},"title":"PEQUE\u00d1O OFICIO DE LA VIRGEN.","date":"16 agosto 2021","format":"image","excerpt":"El peque\u00f1o oficio de La Inmaculada Concepci\u00f3n. Permito con gusto la impresi\u00f3n del op\u00fasculo intitulado el peque\u00f1o oficio de la Inmaculada Concepci\u00f3n, que es una compilaci\u00f3n de oraciones y de pr\u00e1cticas piadosas indulgenciadas en honor a Mar\u00eda Inmaculada. En Santa Ana de Beaupr\u00e9 2 de febrero de 1928.Imprimatur: Fr. R.M.\u2026","rel":"","context":"En \u00abOraciones\u00bb","img":{"alt_text":"","src":"https:\/\/i2.wp.com\/catolicasmexico.com\/blog\/wp-content\/uploads\/2014\/02\/20140210-194830.jpg?resize=350%2C200&ssl=1","width":350,"height":200},"classes":[]},{"id":1300,"url":"https:\/\/catolicasmexico.com\/blog\/hoy-celebramos-a-la-virgen-del-carmen\/","url_meta":{"origin":3163,"position":2},"title":"Hoy celebramos a la Virgen del Carmen.","date":"16 julio 2013","format":false,"excerpt":"Fuente de informacion.wwwcorazones.org Historia Desde los antiguos ermita\u00f1os que se establecieron en el Monte Carmelo, Los Carmelitas han sido conocidos por su profunda devoci\u00f3n a la Sant\u00edsima Virgen. Ellos interpretaron la nube de la visi\u00f3n de El\u00edas (1 Reyes 18, 44) como un s\u00edmbolo de la Virgen Mar\u00eda Inmaculada. Ya\u2026","rel":"","context":"En \u00abFe\u00bb","img":{"alt_text":"","src":"https:\/\/i2.wp.com\/catolicasmexico.com\/blog\/wp-content\/uploads\/2013\/07\/20130716-101725.jpg?resize=350%2C200&ssl=1","width":350,"height":200},"classes":[]},{"id":2367,"url":"https:\/\/catolicasmexico.com\/blog\/hermosa-historia-de-sor-isabel-ella-es-guatemalteca-y-ayuda-a-las-madres-solteras-y-a-sus-hijos-en-la-fria-rusia\/","url_meta":{"origin":3163,"position":3},"title":"Hermosa historia de Sor Isabel, ella es guatemalteca y ayuda a las madres solteras y a sus hijos en la fr\u00eda Rusia.","date":"13 enero 2014","format":false,"excerpt":"Art\u00edculo de Religi\u00f3n en Libertad... ( Para los que est\u00e1n lejos de su patria, este art\u00edculo nos hace comprender que Dios est\u00e1 con nosotros y que podemos servir a nuestro pr\u00f3jimo a pesar de las condiciones adversas) Sor Isabel: \u00abFui de las primeras monjas en Rusia, nos preguntaban en la\u2026","rel":"","context":"En \u00abIglesia cat\u00f3lica\u00bb","img":{"alt_text":"","src":"","width":0,"height":0},"classes":[]},{"id":3066,"url":"https:\/\/catolicasmexico.com\/blog\/nuestra-senora-de-la-consolacion\/","url_meta":{"origin":3163,"position":4},"title":"Nuestra Se\u00f1ora de la Consolaci\u00f3n","date":"20 junio 2014","format":false,"excerpt":"articulo www.escatholic.net La Madre que consuela y sostiene El d\u00eda 20 de junio se celebra la fiesta de la Sant\u00edsima Virgen del Consuelo, patrona especial de Tur\u00edn y del Piamonte. El culto de la Virgen del Consuelo data del siglo XI, cuando se ampli\u00f3 el primitivo edificio dedicado a San\u2026","rel":"","context":"En \u00abFe\u00bb","img":{"alt_text":"","src":"","width":0,"height":0},"classes":[]},{"id":3172,"url":"https:\/\/catolicasmexico.com\/blog\/santa-isabel-de-portugal-ruega-por-la-paz-en-nuestros-paises\/","url_meta":{"origin":3163,"position":5},"title":"Santa Isabel de Portugal, ruega por la paz en nuestros pa\u00edses.","date":"4 julio 2014","format":false,"excerpt":"patrona de los territorios en guerra. Nacida en Arag\u00f3n, Espa\u00f1a en 1271, santa Isabel es la hija del rey Pedro III de ese reino y nieta del rey Jaime el Conquistador, biznieta del emperador Federico II de Alemania. Le pusieron Isabel en honor a su t\u00eda abuela, Santa Isabel de\u2026","rel":"","context":"En \u00abSantoral\u00bb","img":{"alt_text":"","src":"https:\/\/i1.wp.com\/catolicasmexico.com\/blog\/wp-content\/uploads\/2014\/07\/20140704-1103081.jpg?resize=350%2C200&ssl=1","width":350,"height":200},"classes":[]}],"jetpack_likes_enabled":false,"jetpack_sharing_enabled":true,"_links":{"self":[{"href":"https:\/\/catolicasmexico.com\/blog\/wp-json\/wp\/v2\/posts\/3163"}],"collection":[{"href":"https:\/\/catolicasmexico.com\/blog\/wp-json\/wp\/v2\/posts"}],"about":[{"href":"https:\/\/catolicasmexico.com\/blog\/wp-json\/wp\/v2\/types\/post"}],"author":[{"embeddable":true,"href":"https:\/\/catolicasmexico.com\/blog\/wp-json\/wp\/v2\/users\/2"}],"replies":[{"embeddable":true,"href":"https:\/\/catolicasmexico.com\/blog\/wp-json\/wp\/v2\/comments?post=3163"}],"version-history":[{"count":1,"href":"https:\/\/catolicasmexico.com\/blog\/wp-json\/wp\/v2\/posts\/3163\/revisions"}],"predecessor-version":[{"id":3164,"href":"https:\/\/catolicasmexico.com\/blog\/wp-json\/wp\/v2\/posts\/3163\/revisions\/3164"}],"wp:featuredmedia":[{"embeddable":true,"href":"https:\/\/catolicasmexico.com\/blog\/wp-json\/wp\/v2\/media\/3162"}],"wp:attachment":[{"href":"https:\/\/catolicasmexico.com\/blog\/wp-json\/wp\/v2\/media?parent=3163"}],"wp:term":[{"taxonomy":"category","embeddable":true,"href":"https:\/\/catolicasmexico.com\/blog\/wp-json\/wp\/v2\/categories?post=3163"},{"taxonomy":"post_tag","embeddable":true,"href":"https:\/\/catolicasmexico.com\/blog\/wp-json\/wp\/v2\/tags?post=3163"}],"curies":[{"name":"wp","href":"https:\/\/api.w.org\/{rel}","templated":true}]}}