{"id":3055,"date":"2014-06-17T13:55:45","date_gmt":"2014-06-17T18:55:45","guid":{"rendered":"http:\/\/catolicasmexico.com\/blog\/?p=3055"},"modified":"2014-06-17T13:55:45","modified_gmt":"2014-06-17T18:55:45","slug":"rainiero-de-pisa","status":"publish","type":"post","link":"https:\/\/catolicasmexico.com\/blog\/rainiero-de-pisa\/","title":{"rendered":"Rainiero de Pisa"},"content":{"rendered":"<p><a href=\"http:\/\/catolicasmexico.com\/blog\/wp-content\/uploads\/2014\/06\/20140617-151023.jpg\"><img src=\"http:\/\/catolicasmexico.com\/blog\/wp-content\/uploads\/2014\/06\/20140617-151023.jpg\" alt=\"20140617-151023.jpg\" class=\"alignnone size-full\"  \/> <\/a><\/p>\n<p>Naci\u00f3 en el a\u00f1o 1117 en Pisa (Italia). Sus padres, Gandulfo Scacceri, pr\u00f3spero comerciante, y Mingarda, perteneciente a la noble familia de los Buzzacherini, deseosos de impartirle una educaci\u00f3n rigurosa a su \u00fanico hijo, encomendaron su formaci\u00f3n al sacerdote don Enrico de San Martino. Pero Rainiero, particularmente dotado para la m\u00fasica (tocaba la lira) y para el canto, prefer\u00eda las diversiones y la vagancia a los estudios. <\/p>\n<p>De nada valieron los esfuerzos de sus padres por conducirlo a un comportamiento m\u00e1s cristiano, pues el joven pisano descuid\u00f3 tanto las ense\u00f1anzas de sus padres como las de don Enrico. No obstante, a los 19 a\u00f1os su vida cambi\u00f3. Fue crucial, para su conversi\u00f3n y decisi\u00f3n de abrazar plenamente la fe y vivir en extrema austeridad, su encuentro con el eremita Alberto, establecido en el monasterio pisano de San Vito y del cual escuch\u00f3 sus consejos y lo hizo su modelo.<br \/>\nCuatro a\u00f1os despu\u00e9s, hacia el 1140, se embarc\u00f3 rumbo a Tierra Santa decidido a imitar fielmente a Cristo en los lugares donde nuestro Se\u00f1or hab\u00eda consumado su sacrificio. <\/p>\n<p>Permaneci\u00f3 ah\u00ed por trece a\u00f1os, viviendo exclusivamente de limosnas, comiendo dos veces a la semana y exponiendo su cuerpo a grandes sacrificios. Adem\u00e1s, peregrinaba en repetidas ocasiones a todos los lugares santos, demor\u00e1ndose de preferencia en el Calvario cerca del Santo Sepulcro, donde recibi\u00f3 de un sacerdote la t\u00fanica pelosa del eremita, la \u00abpilurica\u00bb, con la cual es representado en la iconograf\u00eda. <\/p>\n<p>Regres\u00f3 a Pisa en 1153, rodeado de fama de santidad por los muchos milagros que Dios oper\u00f3 a trav\u00e9s de su mano en Tierra Santa. Fue acogido por los can\u00f3nigos de la Catedral y por el pueblo, quienes estaban al corriente de su admirable vida. Vivi\u00f3 un a\u00f1o en calidad de oblato en el monasterio de San Andr\u00e9s, en Chinseca, y de ah\u00ed se transfiri\u00f3 a San Vito, donde desarroll\u00f3 una intensa actividad apost\u00f3lica con la venia del clero, predicando como simple laico y obrando numerosas conversiones. <\/p>\n<p>Tanta era su fama de santidad que a su muerte, acaecida el 17 de junio de 1161, fue s\u00fabitamente proclamado santo, y este d\u00eda -en el que actualmente le conmemoramos- fue declarado fiesta de precepto.<\/p>\n<p>En 1632 el Arzobispo de Pisa, el Clero local, el Magistrado pisano, con la anuencia de la sacra Congregaci\u00f3n de los Ritos, eligieron a Rainiero patrono principal de la ciudad y de la di\u00f3cesis; y en 1689 fueron solemnemente colocados sus restos sobre el altar mayor de la Catedral pisana.<\/p>\n","protected":false},"excerpt":{"rendered":"<p>Naci\u00f3 en el a\u00f1o 1117 en Pisa (Italia). Sus padres, Gandulfo Scacceri, pr\u00f3spero comerciante, y Mingarda, perteneciente a la noble familia de los Buzzacherini, deseosos de impartirle una educaci\u00f3n rigurosa a su \u00fanico hijo, encomendaron su formaci\u00f3n al sacerdote don Enrico de San Martino. Pero Rainiero, particularmente dotado para la m\u00fasica (tocaba la lira) y [&hellip;]<\/p>\n","protected":false},"author":2,"featured_media":3054,"comment_status":"open","ping_status":"open","sticky":false,"template":"","format":"standard","meta":{"spay_email":"","jetpack_publicize_message":"","jetpack_is_tweetstorm":false},"categories":[25,13,197,458],"tags":[731,468],"aioseo_notices":[],"jetpack_featured_media_url":"https:\/\/catolicasmexico.com\/blog\/wp-content\/uploads\/2014\/06\/20140617-151023.jpg","jetpack_publicize_connections":[],"jetpack_shortlink":"https:\/\/wp.me\/p3B5XH-Nh","jetpack-related-posts":[{"id":653,"url":"https:\/\/catolicasmexico.com\/blog\/hospital-de-toronto-para-los-ninos-enfermos-deshidrata-a-los-ninos-con-discapacidad-basandose-en-su-calidad-de-vida\/","url_meta":{"origin":3055,"position":0},"title":"Hospital de Toronto para los ni\u00f1os enfermos, deshidrata ,a los ni\u00f1os con discapacidad bas\u00e1ndose en su calidad de vida","date":"2 junio 2013","format":false,"excerpt":"POR ALEX SCHADENBERG Traducci\u00f3n y edici\u00f3n. Alejandro P. www.catolicasmexico.com Jue, 30 de mayo de 2013 18:52 TORONTO, 30 de mayo de 2013 (Alex Schadenberg) - Un estudio intitulado: Las Percepciones Parentales del cese de la nutrici\u00f3n Artificial e Hidrataci\u00f3n (FANH) al final de la vida fue publicado en la revista\u2026","rel":"","context":"En \u00abEutanasia\u00bb","img":{"alt_text":"","src":"","width":0,"height":0},"classes":[]},{"id":2640,"url":"https:\/\/catolicasmexico.com\/blog\/en-italia-los-padres-se-organizan-para-combatir-el-bombardeo-ideologico-gay-en-las-escuelas\/","url_meta":{"origin":3055,"position":1},"title":"En Italia los padres se organizan para combatir el bombardeo ideol\u00f3gico gay en las escuelas","date":"26 febrero 2014","format":false,"excerpt":"El lobby gay y otros grupos organizados, partidarios de teor\u00eda de la identidad de g\u00e9nero, han logrado tomar el poder para introducir en algunas regiones del pa\u00eds radicales cambios en los contenidos educativos sobre sexualidad que se imparte a los ni\u00f1os y ni\u00f1as en las escuelas. ITALIA.-(AGENCIALAVOZ) Primero las leyes\u2026","rel":"","context":"En \u00abEducaci\u00f3n\u00bb","img":{"alt_text":"","src":"https:\/\/i2.wp.com\/catolicasmexico.com\/blog\/wp-content\/uploads\/2014\/02\/20140226-114523.jpg?resize=350%2C200&ssl=1","width":350,"height":200},"classes":[]},{"id":4123,"url":"https:\/\/catolicasmexico.com\/blog\/acusados-de-adoctrinamiento-cristiano-el-gobierno-noruego-separa-a-cinco-ninos-de-sus-padres\/","url_meta":{"origin":3055,"position":2},"title":"Acusados de adoctrinamiento cristiano el gobierno noruego separa a cinco ni\u00f1os de sus padres.","date":"8 diciembre 2015","format":false,"excerpt":"Original de ChurchMilitant.com, traducci\u00f3n libre para catolicasmexico.com \u00a0 \u00a0 Rechazan la apelaci\u00f3n para reuni\u00f3n de una familia cristiana NAUSTDAL, Noruega - una familia cristiana de Noruega ha perdido un juicio de apelaci\u00f3n para volver a ver a sus hijos, despu\u00e9s de que el gobierno tomase a sus cinco ni\u00f1os de\u2026","rel":"","context":"En \u00abFamilia\u00bb","img":{"alt_text":"","src":"https:\/\/i0.wp.com\/catolicasmexico.com\/blog\/wp-content\/uploads\/2015\/12\/2015-12-05-niles-d.jpg?resize=350%2C200&ssl=1","width":350,"height":200},"classes":[]},{"id":3111,"url":"https:\/\/catolicasmexico.com\/blog\/nueva-ley-del-d-f-quita-a-padres-de-familia-su-potestad-de-educar-comision-mexicana-de-derechos-humanos-a-c\/","url_meta":{"origin":3055,"position":3},"title":"NUEVA LEY DEL D.F. QUITA A PADRES DE FAMILIA SU POTESTAD DE EDUCAR: Comisi\u00f3n Mexicana de Derechos Humanos, A.C.","date":"24 junio 2014","format":false,"excerpt":"Presentamos el escrito que reproduce el portal CITIZENGO en el que se piden firmas para solicitar el veto a esta ley. El sitio para firmar dicha solicitud es el siguiente (haz click): http:\/\/www.citizengo.org\/es\/8642-vetar-ley-y-jovenes-del-distrito-federal COMUNICADO DE LA CMDH: LA CMDH DENUNCIA QUE -CON ESA LEY- DESDE LOS 12 A\u00d1OS, EN LA\u2026","rel":"","context":"En \u00abEducaci\u00f3n\u00bb","img":{"alt_text":"","src":"","width":0,"height":0},"classes":[]},{"id":4755,"url":"https:\/\/catolicasmexico.com\/blog\/vive-gracias-a-sus-padres\/","url_meta":{"origin":3055,"position":4},"title":"Vive gracias a sus padres.","date":"16 agosto 2017","format":false,"excerpt":"Par Nancy Flanders (Live Action News ) traducido por Campagne Qu\u00e9bec-Vie. Estos padres rechazaron el aborto de su hijo a pesar de las presiones intensas del personal m\u00e9dico. La madre se le rompi\u00f3 la fuente prematuramente cuando ten\u00eda 20 semanas de embarazo raz\u00f3n por la cual los m\u00e9dicos le sugirieron\u2026","rel":"","context":"En \u00abAborto\u00bb","img":{"alt_text":"","src":"https:\/\/i1.wp.com\/catolicasmexico.com\/blog\/wp-content\/uploads\/2017\/08\/38849c75-f114-4c5c-8f0b-d98660c38fd2.jpg?resize=350%2C200&ssl=1","width":350,"height":200},"classes":[]},{"id":1583,"url":"https:\/\/catolicasmexico.com\/blog\/el-colmo-de-la-perversion-los-padres-deben-dar-a-los-bebes-el-sentido-de-la-sexualidad-desde-su-nacimiento-planned-parenthood\/","url_meta":{"origin":3055,"position":5},"title":"\u00a1El colmo de la perversi\u00f3n!: Los padres deben dar a los beb\u00e9s el sentido de la sexualidad desde su nacimiento: Planned Parenthood","date":"13 agosto 2013","format":false,"excerpt":"(LifeSiteNews.com)Por Kathleen Gilbert. Edici\u00f3n y traducci\u00f3n libre de Alejandro P. para catolicasmexico.com Un programa publicitado como \"audaz, a nivel nacional, como un \"esfuerzo de cambio social\" est\u00e1 siendo lanzado por Planned Parenthood para alterar el di\u00e1logo en la familia sobre la sexualidad y alentar a los padres para facilitar la\u2026","rel":"","context":"En \u00abAborto\u00bb","img":{"alt_text":"","src":"","width":0,"height":0},"classes":[]}],"jetpack_likes_enabled":false,"jetpack_sharing_enabled":true,"_links":{"self":[{"href":"https:\/\/catolicasmexico.com\/blog\/wp-json\/wp\/v2\/posts\/3055"}],"collection":[{"href":"https:\/\/catolicasmexico.com\/blog\/wp-json\/wp\/v2\/posts"}],"about":[{"href":"https:\/\/catolicasmexico.com\/blog\/wp-json\/wp\/v2\/types\/post"}],"author":[{"embeddable":true,"href":"https:\/\/catolicasmexico.com\/blog\/wp-json\/wp\/v2\/users\/2"}],"replies":[{"embeddable":true,"href":"https:\/\/catolicasmexico.com\/blog\/wp-json\/wp\/v2\/comments?post=3055"}],"version-history":[{"count":1,"href":"https:\/\/catolicasmexico.com\/blog\/wp-json\/wp\/v2\/posts\/3055\/revisions"}],"predecessor-version":[{"id":3056,"href":"https:\/\/catolicasmexico.com\/blog\/wp-json\/wp\/v2\/posts\/3055\/revisions\/3056"}],"wp:featuredmedia":[{"embeddable":true,"href":"https:\/\/catolicasmexico.com\/blog\/wp-json\/wp\/v2\/media\/3054"}],"wp:attachment":[{"href":"https:\/\/catolicasmexico.com\/blog\/wp-json\/wp\/v2\/media?parent=3055"}],"wp:term":[{"taxonomy":"category","embeddable":true,"href":"https:\/\/catolicasmexico.com\/blog\/wp-json\/wp\/v2\/categories?post=3055"},{"taxonomy":"post_tag","embeddable":true,"href":"https:\/\/catolicasmexico.com\/blog\/wp-json\/wp\/v2\/tags?post=3055"}],"curies":[{"name":"wp","href":"https:\/\/api.w.org\/{rel}","templated":true}]}}