{"id":3049,"date":"2014-06-16T07:47:50","date_gmt":"2014-06-16T12:47:50","guid":{"rendered":"http:\/\/catolicasmexico.com\/blog\/?p=3049"},"modified":"2014-06-16T07:47:50","modified_gmt":"2014-06-16T12:47:50","slug":"san-juan-francisco-de-regis","status":"publish","type":"post","link":"https:\/\/catolicasmexico.com\/blog\/san-juan-francisco-de-regis\/","title":{"rendered":"San Juan Francisco de Regis"},"content":{"rendered":"<p><a href=\"http:\/\/catolicasmexico.com\/blog\/wp-content\/uploads\/2014\/06\/20140616-090117.jpg\"><img src=\"http:\/\/catolicasmexico.com\/blog\/wp-content\/uploads\/2014\/06\/20140616-090117.jpg\" alt=\"20140616-090117.jpg\" class=\"alignnone size-full\"  \/> <\/a><\/p>\n<p>Predicador Misionero<br \/>\n(&#8230;)Nace Juan Francisco en Foncouverte, en el 1597, de unos padres campesinos acomodados. <\/p>\n<p>Del sitio www.escatholic.net<br \/>\nJuan Francisco decidi\u00f3 entrar en la Compa\u00f1\u00eda de Jes\u00fas. Estaba comenzando los estudios teol\u00f3gicos, cuando se declara en Touluose la terrible epidemia de peste del a\u00f1o 1628. Hay abundantes muertes entre enfermos y enfermeros hasta el punto de fallecer 87 jesuitas en tres a\u00f1os; y como hacen falta brazos para la enorme labor de caridad que tiene ante los ojos, no cesa de pedir insistentemente su plaza entre los que cooperan en lo que pueden para dar algo de remedio al mal. Se hace ordenar sacerdote precisamente para ello, aunque su decisi\u00f3n conlleve dificultades para la profesi\u00f3n solemne.<\/p>\n<p>Este hombre es tan de Dios que, cuando la obediencia le manda desempe\u00f1ar su ministerio sacerdotal en la regi\u00f3n de Montpellier, se hace notar por su predicaci\u00f3n a pesar de que su estilo no goza del cuidado y pulcritud que tienen los sermones y pl\u00e1ticas de otros predicadores. Tan es as\u00ed que, ante el \u00e9xito de multitudinaria asistencia y las conversiones que consigue, grandes figuras de la elocuencia sagrada van a escucharle y salen perplejos del discurso que han escuchado por la fuerza que transmite a pesar de la pobreza de expresi\u00f3n. Alguien lleg\u00f3 a decir que \u00abse cre\u00eda lo que predicaba\u00bb. De hecho, lleg\u00f3 a provocar celotipias entre los oradores de fama hasta el punto de llegar a acusarle ante su padre provincial declarando que deshonraba el ministerio de la predicaci\u00f3n por las inconveniencias y trivialidades que sal\u00edan de su boca. \u00bfPor qu\u00e9 el santo suscita envidia precisamente entre los m\u00e1s capacitados que \u00e9l? \u00bfPor qu\u00e9 la envidia de los dem\u00e1s es casi consustancial al santo? \u00bfC\u00f3mo es posible que se d\u00e9 tanta envidia precisamente entre los eclesi\u00e1sticos? Son preguntas a las que no consigo dar respuesta adecuada. <\/p>\n<p>Quiso ir al Canad\u00e1 a predicar la fe; pretend\u00eda ir con deseo de martirio; hace gestiones, lo solicit\u00f3 a sus superiores que le prometieron mandarlo, pero aquello no fue posible. Su Canad\u00e1 fue m\u00e1s al norte de Francia, en la regi\u00f3n del Vivarais, donde vivi\u00f3 el resto de su vida. All\u00ed fue donde se pudo comprobar m\u00e1s palpablemente el talante de aquel religioso grandote y flaco que con su sotana ra\u00edda y parcheada buscaba a las almas. La regi\u00f3n era el reducto inexpugnable de los hugonotes que hab\u00edan ido escap\u00e1ndose de las frecuentes persecuciones. La di\u00f3cesis de Viviers se encontraba en un deplorable estado espiritual; la mayor parte de los puestos eclesi\u00e1sticos se encontraban en mano de los protestantes; s\u00f3lo veinte sacerdotes cat\u00f3licos ten\u00eda la di\u00f3cesis y en qu\u00e9 estado. La ignorancia, la pobreza, el abandono y las costumbres nada ejemplares hab\u00edan hecho presa en ellos. Le ocup\u00f3 la preocupaci\u00f3n de atenderles y esto volvi\u00f3 otra vez m\u00e1s a acarrearle inconvenientes, ya que algunos que no quer\u00edan salir de su \u00absituaci\u00f3n establecida\u00bb le culparon ante el obispo de rigorismo excesivo y de que su predicaci\u00f3n -llena de s\u00e1tiras e invectivas- creaba el desorden en las parroquias; y la calumnia lleg\u00f3 hasta Roma desde donde le recomiendan los jefes prudencia y le prohiben exuberancia en el celo. Creyeron m\u00e1s f\u00e1cilmente a los \u00abinstalados\u00bb que al santo. \u00bfPor qu\u00e9 ser\u00e1 eso?<\/p>\n<p>Si los sacerdotes estaban as\u00ed, no es dif\u00edcil imaginar la situaci\u00f3n de la gente. A pie recorre sube por los picos de la intrincada monta\u00f1a, camina por los senderos, predica en las iglesias, visita las casas, catequiza, convence y convierte. All\u00ed comienzan los lugare\u00f1os a llamarle \u00abel santo\u00bb y se llenan las iglesias m\u00e1s grandes de gente \u00e1vida de escucharle. Organiza la caridad. Funda casas para sacar de la prostituci\u00f3n a j\u00f3venes de vida descaminada. No le sobra tiempo. Pasa noches en oraci\u00f3n y la labor de confesonario no se cuenta por horas, sino por ma\u00f1anas y tardes. As\u00ed le sorprendi\u00f3 la muerte cuando s\u00f3lo contaba \u00e9l 43 de edad: derrumb\u00e1ndose despu\u00e9s de una jornada de confesonario, ante los presentes que a\u00fan esperaban su turno para recibir el perd\u00f3n. Cinco d\u00edas despu\u00e9s, march\u00f3 al cielo. Era el a\u00f1o 1640. <\/p>\n<p>Y \u00absi hay un santo a quien pueda invocarse como patr\u00f3n de las misiones rurales en tierras de Francia, este es san Juan Francisco de Regis\u00bb, lo dijo P\u00edo XII.<\/p>\n<p>\u00bfQuieres saber m\u00e1s? Consulta ewtn<\/p>\n","protected":false},"excerpt":{"rendered":"<p>Predicador Misionero (&#8230;)Nace Juan Francisco en Foncouverte, en el 1597, de unos padres campesinos acomodados. Del sitio www.escatholic.net Juan Francisco decidi\u00f3 entrar en la Compa\u00f1\u00eda de Jes\u00fas. Estaba comenzando los estudios teol\u00f3gicos, cuando se declara en Touluose la terrible epidemia de peste del a\u00f1o 1628. Hay abundantes muertes entre enfermos y enfermeros hasta el punto [&hellip;]<\/p>\n","protected":false},"author":2,"featured_media":3048,"comment_status":"open","ping_status":"open","sticky":false,"template":"","format":"standard","meta":{"spay_email":"","jetpack_publicize_message":"","jetpack_is_tweetstorm":false},"categories":[25,13,197,458],"tags":[467],"aioseo_notices":[],"jetpack_featured_media_url":"https:\/\/catolicasmexico.com\/blog\/wp-content\/uploads\/2014\/06\/20140616-090117.jpg","jetpack_publicize_connections":[],"jetpack_shortlink":"https:\/\/wp.me\/p3B5XH-Nb","jetpack-related-posts":[{"id":2217,"url":"https:\/\/catolicasmexico.com\/blog\/hoy-la-iglesia-celebra-a-la-virgen-de-guadalupe-patrona-de-america\/","url_meta":{"origin":3049,"position":0},"title":"Hoy la Iglesia celebra a la Virgen de Guadalupe, Patrona de Am\u00e9rica","date":"12 diciembre 2013","format":false,"excerpt":"LIMA, 12 Dic. 13 \/ 12:04 am (ACI).- Hoy 12 de diciembre fieles en el mundo entero festejan a Nuestra Se\u00f1ora de Guadalupe, Patrona de M\u00e9xico y Emperatriz de Am\u00e9rica, y en el marco de esta fecha el Papa Francisco se\u00f1al\u00f3 que la aparici\u00f3n de la Madre de Dios en\u2026","rel":"","context":"En \u00abFe\u00bb","img":{"alt_text":"","src":"","width":0,"height":0},"classes":[]},{"id":402,"url":"https:\/\/catolicasmexico.com\/blog\/el-vaticano-ofrecera-conferencia-mundial-provida-y-misa-papal\/","url_meta":{"origin":3049,"position":1},"title":"El Vaticano ofrecer\u00e1 conferencia mundial provida y misa papal","date":"20 mayo 2013","format":false,"excerpt":"Por Austin Ruse ROMA, 17 de mayo (C-FAM) Los provida contuvieron el aliento el d\u00eda en el que el mundo recibi\u00f3 al nuevo Papa. No cuestionaban sus credenciales a favor de la vida, pero se preguntaban si su discurso ser\u00eda en\u00e9rgico. Pronto surgi\u00f3 una vieja cita y las inquietudes se\u2026","rel":"","context":"En \u00abAborto\u00bb","img":{"alt_text":"","src":"https:\/\/i2.wp.com\/catolicasmexico.com\/blog\/wp-content\/uploads\/2013\/05\/image-30.jpeg?resize=350%2C200&ssl=1","width":350,"height":200},"classes":[]},{"id":631,"url":"https:\/\/catolicasmexico.com\/blog\/la-legalizacion-del-aborto-esta-detras-de-la-posesion-del-hombre-que-fue-exorcizado-por-el-papa-francisco-afirma-un-exorcista\/","url_meta":{"origin":3049,"position":2},"title":"La legalizaci\u00f3n del aborto est\u00e1 detr\u00e1s de la posesi\u00f3n del hombre que fue exorcizado por el Papa Francisco, afirma un exorcista","date":"31 mayo 2013","format":false,"excerpt":"Por Hilary White, corresponsal en Roma. Noticia de\u00a0LifeSiteNews.com Traducci\u00f3n y Redacci\u00f3n libre . Alejandro P. de\u00a0www.catolicasmexico.com Roma, 30 de mayo del 2013 (LifeSiteNews.com) \u2013 Un video que muestra al Papa Francisco realizando un exorcismo improvisado se ha popularizado tanto en el mundo cat\u00f3lico como al exterior y \u00e9sta semana un\u2026","rel":"","context":"En \u00abAborto\u00bb","img":{"alt_text":"","src":"https:\/\/i2.wp.com\/catolicasmexico.com\/blog\/wp-content\/uploads\/2013\/05\/image-30.jpeg?resize=350%2C200&ssl=1","width":350,"height":200},"classes":[]},{"id":2579,"url":"https:\/\/catolicasmexico.com\/blog\/la-relacion-entre-la-violencia-desmedida-y-los-abortos-en-mexico\/","url_meta":{"origin":3049,"position":3},"title":"La relaci\u00f3n entre la violencia desmedida y los abortos en M\u00e9xico","date":"13 febrero 2014","format":false,"excerpt":"Art\u00edculo Alejandra Mu\u00f1oz. El pasado 26 de enero, los Cardenales Noberto Rivera Carrera de la Arquidi\u00f3cesis del Distrito Federal y Monse\u00f1or Juan Sandoval I\u00f1iguez Arzobispo em\u00e9rito de Guadalajara oficializaron una Misa en la Catedral Metropolitana de la Ciudad de M\u00e9xico. Despu\u00e9s de la Misa, se dio una conferencia para presentar\u2026","rel":"","context":"En \u00abAborto\u00bb","img":{"alt_text":"","src":"","width":0,"height":0},"classes":[]},{"id":2178,"url":"https:\/\/catolicasmexico.com\/blog\/quien-dice-que-el-diablo-no-existelas-feministas-pro-aborto-agreden-sexualmente-a-los-hombres-en-oracion-que-defendian-la-catedral\/","url_meta":{"origin":3049,"position":4},"title":"\u00bfQui\u00e9n dice que el diablo no existe?Las Feministas Pro-aborto agreden sexualmente a los hombres en oraci\u00f3n que defend\u00edan la catedral.","date":"5 diciembre 2013","format":false,"excerpt":"\u00a0 Del sitio www.cqv.qc.ca por Sof\u00eda V\u00e1zquez-Mellado, traducido por www.catolicasmexico.com Buenos Aires, 02 de diciembre de 2013 (LifeSiteNews.com) - extremadamente impactantes las secuencias del video filmado en la ciudad de San Juan en Argentina, que muestra una multitud de feministas, durante una reciente manifestaci\u00f3n , atacando y agrediendo sexualmente a\u2026","rel":"","context":"En \u00abAborto\u00bb","img":{"alt_text":"","src":"https:\/\/i2.wp.com\/catolicasmexico.com\/blog\/wp-content\/uploads\/2013\/12\/20131205-201311.jpg?resize=350%2C200&ssl=1","width":350,"height":200},"classes":[]},{"id":1526,"url":"https:\/\/catolicasmexico.com\/blog\/hoy-la-iglesia-celebra-la-fiesta-del-cura-de-ars-san-juan-maria-vianney\/","url_meta":{"origin":3049,"position":5},"title":"Hoy la Iglesia celebra la fiesta del Cura de Ars, San Juan Mar\u00eda Vianney","date":"4 agosto 2013","format":false,"excerpt":"Noticia ACI. REDACCI\u00d3N CENTRAL, 04 Ago. 13 \/ 12:01 am (ACI).- Hoy la Iglesia celebra a San Juan Bautista Mar\u00eda Vianney o Cura de Ars, por el nombre del pueblo en Francia donde sirvi\u00f3 durante 41 a\u00f1os. Fue un gran confesor, ten\u00eda el don de profec\u00eda, recib\u00eda ataques f\u00edsicos del\u2026","rel":"","context":"En \u00abFe\u00bb","img":{"alt_text":"","src":"","width":0,"height":0},"classes":[]}],"jetpack_likes_enabled":false,"jetpack_sharing_enabled":true,"_links":{"self":[{"href":"https:\/\/catolicasmexico.com\/blog\/wp-json\/wp\/v2\/posts\/3049"}],"collection":[{"href":"https:\/\/catolicasmexico.com\/blog\/wp-json\/wp\/v2\/posts"}],"about":[{"href":"https:\/\/catolicasmexico.com\/blog\/wp-json\/wp\/v2\/types\/post"}],"author":[{"embeddable":true,"href":"https:\/\/catolicasmexico.com\/blog\/wp-json\/wp\/v2\/users\/2"}],"replies":[{"embeddable":true,"href":"https:\/\/catolicasmexico.com\/blog\/wp-json\/wp\/v2\/comments?post=3049"}],"version-history":[{"count":1,"href":"https:\/\/catolicasmexico.com\/blog\/wp-json\/wp\/v2\/posts\/3049\/revisions"}],"predecessor-version":[{"id":3050,"href":"https:\/\/catolicasmexico.com\/blog\/wp-json\/wp\/v2\/posts\/3049\/revisions\/3050"}],"wp:featuredmedia":[{"embeddable":true,"href":"https:\/\/catolicasmexico.com\/blog\/wp-json\/wp\/v2\/media\/3048"}],"wp:attachment":[{"href":"https:\/\/catolicasmexico.com\/blog\/wp-json\/wp\/v2\/media?parent=3049"}],"wp:term":[{"taxonomy":"category","embeddable":true,"href":"https:\/\/catolicasmexico.com\/blog\/wp-json\/wp\/v2\/categories?post=3049"},{"taxonomy":"post_tag","embeddable":true,"href":"https:\/\/catolicasmexico.com\/blog\/wp-json\/wp\/v2\/tags?post=3049"}],"curies":[{"name":"wp","href":"https:\/\/api.w.org\/{rel}","templated":true}]}}