{"id":3046,"date":"2014-06-13T15:23:08","date_gmt":"2014-06-13T20:23:08","guid":{"rendered":"http:\/\/catolicasmexico.com\/blog\/?p=3046"},"modified":"2014-06-13T15:23:08","modified_gmt":"2014-06-13T20:23:08","slug":"hoy-celebramos-a-san-antonio-de-padua","status":"publish","type":"post","link":"https:\/\/catolicasmexico.com\/blog\/hoy-celebramos-a-san-antonio-de-padua\/","title":{"rendered":"Hoy celebramos a San Antonio de Padua."},"content":{"rendered":"<p><a href=\"http:\/\/catolicasmexico.com\/blog\/wp-content\/uploads\/2014\/06\/20140613-163648.jpg\"><img src=\"http:\/\/catolicasmexico.com\/blog\/wp-content\/uploads\/2014\/06\/20140613-163648.jpg\" alt=\"20140613-163648.jpg\" class=\"alignnone size-full\"  \/> <\/a><\/p>\n<p>Autor: P. \u00c1ngel Amo. | Fuente: Catholic.net<br \/>\nAntonio de Padua, Santo<br \/>\nPresb\u00edtero y Doctor de la Iglesia, Junio 13<br \/>\nAntonio de Padua, Santo<br \/>\nPresb\u00edtero y Doctor e la Iglesia<br \/>\n(&#8230;)Fernando de Bulloes y Taveira de Azevedo, naci\u00f3 en Lisboa hacia el 1195. A Los quince a\u00f1os entr\u00f3 al colegio de Los can\u00f3nigos regulares de San Agust\u00edn.(&#8230;)<\/p>\n<p>Cinco franciscanos hab\u00edan sido martirizados en Marruecos, a donde hab\u00edan ido a evangelizar a los infieles. Fernando vio los cuerpos, que hab\u00edan sido llevados a Portugal en 1220, y resolvi\u00f3 seguir sus huellas: entr\u00f3 al convento de los frailes mendicantes de Coimbra, con el nombre de Antonio Olivares.<\/p>\n<p>Durante el viaje de regreso de Marruecos, en donde no pudo estar sino pocos d\u00edas a causa de su hidropes\u00eda, una tempestad empuj\u00f3 la embarcaci\u00f3n hacia Las costas sicilianas. Estuvo algunos meses en Mesina, en el convento franciscano, y el superior de este convento lo llev\u00f3 a As\u00eds para el Capitulo general. Aqu\u00ed Antonio conoci\u00f3 a San Francisco de As\u00eds. <\/p>\n<p>Lo mandaron a la provincia franciscana de Roma\u00f1a en donde llev\u00f3 vida de ermita\u00f1o en un convento cerca de Forli. Lo nombraron para el humilde oficio de cocinero y as\u00ed vivi\u00f3 en la sombra hasta cuando sus superiores, d\u00e1ndose cuenta de sus extraordinarias cualidades de predicador, lo sacaron del yermo y lo enviaron al norte de Italia y a Francia a predicar en donde m\u00e1s se hab\u00eda difundido la herej\u00eda de Los albigenses.<\/p>\n<p>Finalmente, Antonio fij\u00f3 su residencia en el convento de la Arcella, a un kil\u00f3metro de Padua. De aqu\u00ed iba a donde lo llamaban a predicar. En 1231, cuando su predicaci\u00f3n toc\u00f3 la cima de intensidad y se caracteriz\u00f3 por los contenidos sociales, Antonio se agrav\u00f3 y del convento de Camposampiero lo llevaron a Padua sobre un furg\u00f3n lleno de heno. Muri\u00f3 en Arcella el 13 de junio de 1231. \u201cEl Santo\u201d por antonomasia, como lo llaman en Padua, fue canonizado en Pentecost\u00e9s de 1232, es decir, al a\u00f1o siguiente de su muerte, por la gran popularidad que se hab\u00eda ampliado con el correr de los tiempos.<br \/>\nORACI\u00d3N<br \/>\n\u00a1Oh admirable y esclarecido protector m\u00edo,<br \/>\nSan Antonio de Padua!<br \/>\nSiempre he tenido grand\u00edsima confianza en que me hab\u00e9is de ayudar en todas mis necesidades,<br \/>\nrogando por mi al Se\u00f1or a quien servisteis,<br \/>\na la Virgen Sant\u00edsima a quien amasteis<br \/>\ny al divino Ni\u00f1o Jes\u00fas que tantos favores os hizo.<br \/>\nRogadles por mi,<br \/>\npara que por vuestra poderosa intercesi\u00f3n me concedan lo que pido.<\/p>\n<p>\u00a1Oh Glorioso San Antonio!<br \/>\nPues las cosas perdidas son halladas por vuestra mediaci\u00f3n<br \/>\ny obr\u00e1is tantos prodigios con vuestros devotos;<br \/>\nyo os ruego y suplico me alcanc\u00e9is de la Divina Majestad<br \/>\nel recobrar la gracia que he perdido por mis pecados,<br \/>\ny el favor que ahora deseo y pido,<br \/>\nsiendo para Gloria de Dios<br \/>\ny bien de mi alma.<br \/>\nAm\u00e9n.<\/p>\n","protected":false},"excerpt":{"rendered":"<p>Autor: P. \u00c1ngel Amo. | Fuente: Catholic.net Antonio de Padua, Santo Presb\u00edtero y Doctor de la Iglesia, Junio 13 Antonio de Padua, Santo Presb\u00edtero y Doctor e la Iglesia (&#8230;)Fernando de Bulloes y Taveira de Azevedo, naci\u00f3 en Lisboa hacia el 1195. A Los quince a\u00f1os entr\u00f3 al colegio de Los can\u00f3nigos regulares de San [&hellip;]<\/p>\n","protected":false},"author":2,"featured_media":3045,"comment_status":"open","ping_status":"open","sticky":false,"template":"","format":"standard","meta":{"spay_email":"","jetpack_publicize_message":"","jetpack_is_tweetstorm":false},"categories":[25,13,197,458],"tags":[465,466],"aioseo_notices":[],"jetpack_featured_media_url":"https:\/\/catolicasmexico.com\/blog\/wp-content\/uploads\/2014\/06\/20140613-163648.jpg","jetpack_publicize_connections":[],"jetpack_shortlink":"https:\/\/wp.me\/p3B5XH-N8","jetpack-related-posts":[{"id":3210,"url":"https:\/\/catolicasmexico.com\/blog\/nuestra-senora-del-rosario-de-chinquinquira\/","url_meta":{"origin":3046,"position":0},"title":"Nuestra Se\u00f1ora del Rosario de Chinquinquir\u00e1.","date":"9 julio 2014","format":false,"excerpt":"Durante siglos, el pueblo colombiano da gloria a Dios por medio de su Madre la Sant\u00edsima Virgen Mar\u00eda bajo la advocaci\u00f3n de Nuestra Se\u00f1ora del Rosario de Chinquinquir\u00e1. Es este uno de los m\u00e1s importantes y frecuentados santuarios de Colombia. La Virgen est\u00e1 representada en un lienzo, con el Ni\u00f1o\u2026","rel":"","context":"En \u00abFe\u00bb","img":{"alt_text":"","src":"","width":0,"height":0},"classes":[]},{"id":1526,"url":"https:\/\/catolicasmexico.com\/blog\/hoy-la-iglesia-celebra-la-fiesta-del-cura-de-ars-san-juan-maria-vianney\/","url_meta":{"origin":3046,"position":1},"title":"Hoy la Iglesia celebra la fiesta del Cura de Ars, San Juan Mar\u00eda Vianney","date":"4 agosto 2013","format":false,"excerpt":"Noticia ACI. REDACCI\u00d3N CENTRAL, 04 Ago. 13 \/ 12:01 am (ACI).- Hoy la Iglesia celebra a San Juan Bautista Mar\u00eda Vianney o Cura de Ars, por el nombre del pueblo en Francia donde sirvi\u00f3 durante 41 a\u00f1os. Fue un gran confesor, ten\u00eda el don de profec\u00eda, recib\u00eda ataques f\u00edsicos del\u2026","rel":"","context":"En \u00abFe\u00bb","img":{"alt_text":"","src":"","width":0,"height":0},"classes":[]},{"id":3081,"url":"https:\/\/catolicasmexico.com\/blog\/paulino-de-nola-santo-obispo-junio-22\/","url_meta":{"origin":3046,"position":2},"title":"Paulino de Nola, Santo Obispo, Junio 22","date":"22 junio 2014","format":false,"excerpt":"Autor: . | Fuente: Corazones.org Paulino de Nola, Santo Obispo y Confesor Nace: 353 en Burdeos, Francia. Su padre era gobernador de familia muy rica. Tuvo como maestros a los mas famosos literatos de su \u00e9poca. Lleg\u00f3 a ser un reconocido abogado con importantes cargos p\u00fablicos en el Imperio Romano,\u2026","rel":"","context":"En \u00abFe\u00bb","img":{"alt_text":"","src":"","width":0,"height":0},"classes":[]},{"id":3190,"url":"https:\/\/catolicasmexico.com\/blog\/san-aquila-y-santa-priscila-santa-prisca\/","url_meta":{"origin":3046,"position":3},"title":"San Aquila y Santa Priscila (Santa Prisca)","date":"8 julio 2014","format":false,"excerpt":"Fuente Catholic.net Lo poco que sabemos sobre Aquila y Priscila procede de la Sagrada Escritura. Ambos eran disc\u00edpulos de San Pablo. Como su maestro, viajaron mucho y cambiaron con frecuencia de lugar de residencia. La primera vez que nos hablan de ellos los Hechos de los Ap\u00f3stoles (18:1-3), acababan de\u2026","rel":"","context":"En \u00abFe\u00bb","img":{"alt_text":"","src":"","width":0,"height":0},"classes":[]},{"id":3043,"url":"https:\/\/catolicasmexico.com\/blog\/la-verdad-sobre-los-736-cadaveres-de-ninos-encontrados-en-iralanda\/","url_meta":{"origin":3046,"position":4},"title":"La verdad sobre los 736 cad\u00e1veres de ni\u00f1os encontrados en Irlanda.","date":"13 junio 2014","format":false,"excerpt":"La historia de los 736 ni\u00f1os muertos, cuyos esqueletos fueron encontrados en una fosa s\u00e9ptica en Irlanda, dirigida por las hermanas de Bon Secours. Fue una oportunidad para que algunos medios de comunicaci\u00f3n volcaran su odio hacia el catolicismo. En Francia, por supuesto sin verificar las fuentes,se indic\u00f3 que estos\u2026","rel":"","context":"En \u00abataques contra la Iglesia Catolica\u00bb","img":{"alt_text":"","src":"https:\/\/i1.wp.com\/catolicasmexico.com\/blog\/wp-content\/uploads\/2014\/06\/20140618-133544.jpg?resize=350%2C200&ssl=1","width":350,"height":200},"classes":[]},{"id":3016,"url":"https:\/\/catolicasmexico.com\/blog\/el-10-de-junio-recordamos-al-beato-eduardo-poppe-presbitero\/","url_meta":{"origin":3046,"position":5},"title":"El 10 de junio recordamos al beato Eduardo Poppe, presb\u00edtero.","date":"10 junio 2014","format":false,"excerpt":"Del sitio www.escatholico.net Martirologio Romano: En la ciudad de Moerzeke-les-Termonde, cerca de Gante, en B\u00e9lgica, , que con sus escritos y su predicaci\u00f3n propag\u00f3 por Flandes, en tiempos dif\u00edciles, la formaci\u00f3n cristiana y la devoci\u00f3n a la Eucarist\u00eda (1924). Etimol\u00f3gicamente: Juan = Dios es misericordioso, es de origen hebreo. Naci\u00f3\u2026","rel":"","context":"En \u00abFe\u00bb","img":{"alt_text":"","src":"","width":0,"height":0},"classes":[]}],"jetpack_likes_enabled":false,"jetpack_sharing_enabled":true,"_links":{"self":[{"href":"https:\/\/catolicasmexico.com\/blog\/wp-json\/wp\/v2\/posts\/3046"}],"collection":[{"href":"https:\/\/catolicasmexico.com\/blog\/wp-json\/wp\/v2\/posts"}],"about":[{"href":"https:\/\/catolicasmexico.com\/blog\/wp-json\/wp\/v2\/types\/post"}],"author":[{"embeddable":true,"href":"https:\/\/catolicasmexico.com\/blog\/wp-json\/wp\/v2\/users\/2"}],"replies":[{"embeddable":true,"href":"https:\/\/catolicasmexico.com\/blog\/wp-json\/wp\/v2\/comments?post=3046"}],"version-history":[{"count":1,"href":"https:\/\/catolicasmexico.com\/blog\/wp-json\/wp\/v2\/posts\/3046\/revisions"}],"predecessor-version":[{"id":3047,"href":"https:\/\/catolicasmexico.com\/blog\/wp-json\/wp\/v2\/posts\/3046\/revisions\/3047"}],"wp:featuredmedia":[{"embeddable":true,"href":"https:\/\/catolicasmexico.com\/blog\/wp-json\/wp\/v2\/media\/3045"}],"wp:attachment":[{"href":"https:\/\/catolicasmexico.com\/blog\/wp-json\/wp\/v2\/media?parent=3046"}],"wp:term":[{"taxonomy":"category","embeddable":true,"href":"https:\/\/catolicasmexico.com\/blog\/wp-json\/wp\/v2\/categories?post=3046"},{"taxonomy":"post_tag","embeddable":true,"href":"https:\/\/catolicasmexico.com\/blog\/wp-json\/wp\/v2\/tags?post=3046"}],"curies":[{"name":"wp","href":"https:\/\/api.w.org\/{rel}","templated":true}]}}