{"id":3041,"date":"2014-06-12T13:11:56","date_gmt":"2014-06-12T18:11:56","guid":{"rendered":"http:\/\/catolicasmexico.com\/blog\/?p=3041"},"modified":"2014-06-12T13:11:56","modified_gmt":"2014-06-12T18:11:56","slug":"hoy-celebramos-a-san-juan-de-san-facundosan-basil-san-cyrano-san-nabor-y-san-nazario","status":"publish","type":"post","link":"https:\/\/catolicasmexico.com\/blog\/hoy-celebramos-a-san-juan-de-san-facundosan-basil-san-cyrano-san-nabor-y-san-nazario\/","title":{"rendered":"Hoy celebramos a San Juan de San Facundo,San Basil, San Cyrano, San Nabor y San Nazario."},"content":{"rendered":"<p><a href=\"http:\/\/catolicasmexico.com\/blog\/wp-content\/uploads\/2014\/06\/20140612-142616.jpg\"><img src=\"http:\/\/catolicasmexico.com\/blog\/wp-content\/uploads\/2014\/06\/20140612-142616.jpg\" alt=\"20140612-142616.jpg\" class=\"alignnone size-full\"  \/> <\/a><\/p>\n<p>Missel Qvotidien et Vesperal  traducci\u00f3n y edici\u00f3n libre www.catolicasmexico.com informaci\u00f3n suplementaria fuente pregunta santoral.<br \/>\nConfesor.<br \/>\nFiesta de tercera clase-Blanco.<br \/>\nNaci\u00f3 en 1430 en Sn. facundo, Espa\u00f1a. Can\u00f3nigo de la catedral de Burgos, entra a la orden de los Ermitas de Sn Agustin. Es un hombre remarcable por su devoci\u00f3n al Santo Sacrificio de la Misa y por la fuerza de convicci\u00f3n de su predicaci\u00f3n. Predicaba la paz y la concordancia, dotado de la gracia maravillosa de pacificar. Muri\u00f3 en  1479.<br \/>\nEl rey de Espa\u00f1a, los obispos y los fieles solicitaron a Roma su canonizaci\u00f3n. El cardenal Antoniani dio su \u201cplacet\u201d en el a\u00f1o 1600, siendo beatificado el 19 de junio del a\u00f1o 1601 por parte del Papa Clemente VIII. Fue canonizado por el Papa Alejandro VIII el d\u00eda 16 de octubre de 1690. El Papa Benedicto XIII extendi\u00f3 su fiesta a toda la Iglesia mediante un decreto del 16 de noviembre del a\u00f1o 1729.<\/p>\n<p>Las reliquias del santo se conservan actualmente en una urna de plata situada en el presbiterio de la catedral nueva de Salamanca y en otra urna en la capilla dedicada en su honor en la catedral de Burgos. Es el patr\u00f3n de la ciudad de Salamanca y all\u00ed tiene dedicada una parroquia. Su casa natal en Sahag\u00fan se ha convertido en capilla y su fiesta se celebra hoy, d\u00eda 12 de junio.<\/p>\n<p>*Otros santos del mismo d\u00eda San Basilado,San Cyrano, San Nabor y San Nazario.<br \/>\nM\u00e1rtires.<br \/>\nMemoria-rojo.<br \/>\nCuatro m\u00e1rtires que la Iglesia de Roma asocia.<br \/>\nSan Basilado es un m\u00e1rtir romano, San Nabor y Nazario son dos m\u00e1rtires milaneses, por los cuales en Roma se construy\u00f3 la bas\u00edlica en la Via Aurelia. Es dif\u00edcil establecer la identidad de Cyrano.<\/p>\n","protected":false},"excerpt":{"rendered":"<p>Missel Qvotidien et Vesperal traducci\u00f3n y edici\u00f3n libre www.catolicasmexico.com informaci\u00f3n suplementaria fuente pregunta santoral. Confesor. Fiesta de tercera clase-Blanco. Naci\u00f3 en 1430 en Sn. facundo, Espa\u00f1a. Can\u00f3nigo de la catedral de Burgos, entra a la orden de los Ermitas de Sn Agustin. Es un hombre remarcable por su devoci\u00f3n al Santo Sacrificio de la Misa [&hellip;]<\/p>\n","protected":false},"author":2,"featured_media":3040,"comment_status":"open","ping_status":"open","sticky":false,"template":"","format":"standard","meta":{"spay_email":"","jetpack_publicize_message":"","jetpack_is_tweetstorm":false},"categories":[25,13,197,458],"tags":[463,464],"aioseo_notices":[],"jetpack_featured_media_url":"https:\/\/catolicasmexico.com\/blog\/wp-content\/uploads\/2014\/06\/20140612-142616.jpg","jetpack_publicize_connections":[],"jetpack_shortlink":"https:\/\/wp.me\/p3B5XH-N3","jetpack-related-posts":[{"id":3100,"url":"https:\/\/catolicasmexico.com\/blog\/san-juan-bautista-patron-de-la-provincia-de-quebec\/","url_meta":{"origin":3041,"position":0},"title":"San Juan Bautista patr\u00f3n de la provincia de Quebec.","date":"24 junio 2014","format":false,"excerpt":"Del sitio liturgia de las horas. EL NACIMIENTO DE SAN JUAN BAUTISTA (SOLEMNIDAD). San Juan Bautista, es el \u00fanico santo que se conmemora el d\u00eda de su nacimiento, porque fue santificado en el vientre de su madre por la visita del Salvador. Su nacimiento es motivo de inmensa alegr\u00eda para\u2026","rel":"","context":"En \u00abFe\u00bb","img":{"alt_text":"","src":"https:\/\/i2.wp.com\/catolicasmexico.com\/blog\/wp-content\/uploads\/2014\/06\/20140624-1053491.jpg?resize=350%2C200&ssl=1","width":350,"height":200},"classes":[]},{"id":3081,"url":"https:\/\/catolicasmexico.com\/blog\/paulino-de-nola-santo-obispo-junio-22\/","url_meta":{"origin":3041,"position":1},"title":"Paulino de Nola, Santo Obispo, Junio 22","date":"22 junio 2014","format":false,"excerpt":"Autor: . | Fuente: Corazones.org Paulino de Nola, Santo Obispo y Confesor Nace: 353 en Burdeos, Francia. Su padre era gobernador de familia muy rica. Tuvo como maestros a los mas famosos literatos de su \u00e9poca. Lleg\u00f3 a ser un reconocido abogado con importantes cargos p\u00fablicos en el Imperio Romano,\u2026","rel":"","context":"En \u00abFe\u00bb","img":{"alt_text":"","src":"","width":0,"height":0},"classes":[]},{"id":3227,"url":"https:\/\/catolicasmexico.com\/blog\/san-pio-i-papa-y-martir-142-157\/","url_meta":{"origin":3041,"position":2},"title":"San P\u00edo I Papa y m\u00e1rtir (142-157)","date":"11 julio 2014","format":false,"excerpt":"Del sitio www.magnificat.ca Vacante la Sede Apost\u00f3lica por el martirio del papa San Higinio, fue elegido San P\u00edo, primero de este nombre, natural de Aquilea. Expidi\u00f3 un decreto mandando que todas las iglesias del mundo se conformasen con la tradici\u00f3n apost\u00f3lica, celebrando la Pascua de Resurrecci\u00f3n en el primer domingo\u2026","rel":"","context":"En \u00abFe\u00bb","img":{"alt_text":"","src":"","width":0,"height":0},"classes":[]},{"id":3247,"url":"https:\/\/catolicasmexico.com\/blog\/san-enrique-emperador\/","url_meta":{"origin":3041,"position":3},"title":"San Enrique Emperador.","date":"15 julio 2014","format":false,"excerpt":"Fue un rey y un emperador guerrero, que luch\u00f3 contra los enemigos de la Iglesia, que ayud\u00f3 a la reforma mon\u00e1stica, que distribuy\u00f3 entre los pobres quit\u00e1ndoselo a los ricos. (...) San Enrique naci\u00f3 en Alemania en d\u00eda 6 de mayo del a\u00f1o 973, pero no se sabe si fue\u2026","rel":"","context":"En \u00abSantoral\u00bb","img":{"alt_text":"","src":"https:\/\/i1.wp.com\/catolicasmexico.com\/blog\/wp-content\/uploads\/2014\/07\/20140715-090657.jpg?resize=350%2C200&ssl=1","width":350,"height":200},"classes":[]},{"id":3239,"url":"https:\/\/catolicasmexico.com\/blog\/san-buenaventura-doctor-de-la-iglesia\/","url_meta":{"origin":3041,"position":4},"title":"San Buenaventura, Doctor de la Iglesia.","date":"14 julio 2014","format":false,"excerpt":"Fiesta de tercera clase. Blanco. Naci\u00f3 alrededor del a\u00f1o 1218 en Bagnoregio, en la regi\u00f3n toscana; estudi\u00f3 filosof\u00eda y teolog\u00eda en Par\u00eds y, habiendo obtenido el grado de maestro, ense\u00f1\u00f3 con gran provecho estas mismas asignaturas a sus compa\u00f1eros de la Orden franciscana. Fue elegido ministro general de su Orden,\u2026","rel":"","context":"En \u00abSantoral\u00bb","img":{"alt_text":"","src":"","width":0,"height":0},"classes":[]},{"id":3029,"url":"https:\/\/catolicasmexico.com\/blog\/san-bernabe\/","url_meta":{"origin":3041,"position":5},"title":"San Bernab\u00e9.","date":"11 junio 2014","format":false,"excerpt":"Del sitio www.Catholic.net \u201cJos\u00e9, llamado por los Ap\u00f3stoles Bernab\u00e9, que quiere decir hijo de consolaci\u00f3n, levita, natural de Chipre, ten\u00eda un campo; lo vendi\u00f3 y llev\u00f3 el dinero a los pies de los Ap\u00f3stoles\u201d. As\u00ed nos lo presentan los Hechos de los Ap\u00f3stoles. Antiguas fuentes refieren que Bernab\u00e9, llamado Ap\u00f3stol\u2026","rel":"","context":"En \u00abFe\u00bb","img":{"alt_text":"","src":"","width":0,"height":0},"classes":[]}],"jetpack_likes_enabled":false,"jetpack_sharing_enabled":true,"_links":{"self":[{"href":"https:\/\/catolicasmexico.com\/blog\/wp-json\/wp\/v2\/posts\/3041"}],"collection":[{"href":"https:\/\/catolicasmexico.com\/blog\/wp-json\/wp\/v2\/posts"}],"about":[{"href":"https:\/\/catolicasmexico.com\/blog\/wp-json\/wp\/v2\/types\/post"}],"author":[{"embeddable":true,"href":"https:\/\/catolicasmexico.com\/blog\/wp-json\/wp\/v2\/users\/2"}],"replies":[{"embeddable":true,"href":"https:\/\/catolicasmexico.com\/blog\/wp-json\/wp\/v2\/comments?post=3041"}],"version-history":[{"count":1,"href":"https:\/\/catolicasmexico.com\/blog\/wp-json\/wp\/v2\/posts\/3041\/revisions"}],"predecessor-version":[{"id":3042,"href":"https:\/\/catolicasmexico.com\/blog\/wp-json\/wp\/v2\/posts\/3041\/revisions\/3042"}],"wp:featuredmedia":[{"embeddable":true,"href":"https:\/\/catolicasmexico.com\/blog\/wp-json\/wp\/v2\/media\/3040"}],"wp:attachment":[{"href":"https:\/\/catolicasmexico.com\/blog\/wp-json\/wp\/v2\/media?parent=3041"}],"wp:term":[{"taxonomy":"category","embeddable":true,"href":"https:\/\/catolicasmexico.com\/blog\/wp-json\/wp\/v2\/categories?post=3041"},{"taxonomy":"post_tag","embeddable":true,"href":"https:\/\/catolicasmexico.com\/blog\/wp-json\/wp\/v2\/tags?post=3041"}],"curies":[{"name":"wp","href":"https:\/\/api.w.org\/{rel}","templated":true}]}}