{"id":3038,"date":"2014-06-12T10:20:29","date_gmt":"2014-06-12T15:20:29","guid":{"rendered":"http:\/\/catolicasmexico.com\/blog\/?p=3038"},"modified":"2017-07-21T23:43:19","modified_gmt":"2017-07-22T04:43:19","slug":"los-grupos-de-rock-satanicos","status":"publish","type":"post","link":"https:\/\/catolicasmexico.com\/blog\/los-grupos-de-rock-satanicos\/","title":{"rendered":"Los grupos de rock sat\u00e1nicos."},"content":{"rendered":"<p><a href=\"http:\/\/catolicasmexico.com\/blog\/wp-content\/uploads\/2014\/06\/20140612-113431.jpg\"><img src=\"http:\/\/catolicasmexico.com\/blog\/wp-content\/uploads\/2014\/06\/20140612-113431.jpg\" alt=\"20140612-113431.jpg\" class=\"alignnone size-full\"  \/> <\/a><\/p>\n<p>(&#8230;)<br \/>\nEl grupo Mayhem  fundado por su guitarrista  Aarseth en 1983 con s\u00f3lo quince a\u00f1os de edad se maquillaba macabramente se centra cada vez m\u00e1s en el satanismo y todo lo que es algo morboso y blasfemo. Adopt\u00f3 el seudonimo de \u00abEuronymous\u00bb el cual aparece en la Biblia sat\u00e1nica de Ant\u00f3n Lavey quien lo define como el pr\u00edncipe de los muertos.<\/p>\n<p>\u00ab\u00bb En 1988  Per Yngve Ohlin se uni\u00f3 al grupo con el seud\u00f3nimo de Dead \u00e9l estaba obsesionado con la muerte . Enfermo de esquizofrenia, enterraba su ropa en el cementerio para darle un olor pestilente. Practicaba la automutilaci\u00f3n en los escenario utilizando pedazos de vidrio o de cuchillos de caza. Se suicid\u00f3 a 1os 21 a\u00f1os acuchillandose las mu\u00f1ecas, despu\u00e9s se dio un tiro en la  cabeza, Euronymous se apresur\u00f3 a tomar varias fotos polaroids y a recoger unas pedazos  cr\u00e1neo antes de alertar a la polic\u00eda. Uno de estas fotos tambi\u00e9n  sirvieron para la portada del \u00e1lbum amanecer de los corazones negros.<\/p>\n<p>(&#8230;)<br \/>\nVarg Vikernes es el fundador del grupo metal Burzum.<br \/>\nEn 1991, en los cementerios cementerios hubo muchas profanaciones de tumbas.  Varg Vikernes, es acusado durante un tiempo, pero el testigo se retracta el  06 de junio de 1992, en ,  Noruega la majestuo iglesia de  Fantoft fue quemada. Otra vez, Varg Vikernes se sospecha que el iniciador, pero escapa del enjuiciamiento. Posteriormente, unos 60 capillas e iglesias en noruega ser\u00e1n incendiadas.<\/p>\n<p>Varg Vikernes, es acusado y condenado en 1997 a pagar a la ciudad de Oslo y Megafon un total de 8 millones de coronas. Varg Vikernes y Euronymous, entrevistado, hablan de una organizaci\u00f3n llamada  \u00ablos terroristas sat\u00e1nicos\u00bb. Varg  tambi\u00e9n afirma: \u00abYo apoyo a todos los dictadores: Stalin, Hitler, Caucescu&#8230;\u00bb. Y voy a ser el dictador de Escandinavia. \u00bb<\/p>\n<p>En la noche de 9 de agosto 10, 1993, Euronymous fue asesinado por Varg Vikernes, quien lo apu\u00f1al\u00f3 23 veces.<br \/>\nVarg Vikernes fue condenado a la prisi\u00f3n por 21 a\u00f1os por este asesinato.<\/p>\n<p><a href=\"http:\/\/catolicasmexico.com\/blog\/wp-content\/uploads\/2014\/06\/20140612-113225.jpg\"><img src=\"http:\/\/catolicasmexico.com\/blog\/wp-content\/uploads\/2014\/06\/20140612-113225.jpg\" alt=\"20140612-113225.jpg\" class=\"alignnone size-full\"  \/> <\/a><\/p>\n","protected":false},"excerpt":{"rendered":"<p>(&#8230;) El grupo Mayhem fundado por su guitarrista Aarseth en 1983 con s\u00f3lo quince a\u00f1os de edad se maquillaba macabramente se centra cada vez m\u00e1s en el satanismo y todo lo que es algo morboso y blasfemo. Adopt\u00f3 el seudonimo de \u00abEuronymous\u00bb el cual aparece en la Biblia sat\u00e1nica de Ant\u00f3n Lavey quien lo define [&hellip;]<\/p>\n","protected":false},"author":2,"featured_media":3037,"comment_status":"open","ping_status":"open","sticky":false,"template":"","format":"standard","meta":{"spay_email":"","jetpack_publicize_message":"","jetpack_is_tweetstorm":false},"categories":[335,196],"tags":[],"aioseo_notices":[],"jetpack_featured_media_url":"https:\/\/catolicasmexico.com\/blog\/wp-content\/uploads\/2014\/06\/20140612-113431.jpg","jetpack_publicize_connections":[],"jetpack_shortlink":"https:\/\/wp.me\/p3B5XH-N0","jetpack-related-posts":[{"id":3687,"url":"https:\/\/catolicasmexico.com\/blog\/senti-la-muerte-una-empleada-de-un-abortorio-se-convirtio-en-pro-vida-despues-de-ver-la-cara-de-un-bebe-al-momento-de-ser-abortado\/","url_meta":{"origin":3038,"position":0},"title":"\"Sent\u00ed la muerte\": una empleada de un abortorio se convirti\u00f3 en pro vida despu\u00e9s de ver la cara de un beb\u00e9 al momento de ser abortado.","date":"31 marzo 2015","format":false,"excerpt":"...\"Estaba confundida al mirar los miembros sangrientos del beb\u00e9. Incluso puedo decir que sent\u00ed la presencia del demonio\"... Por Sarah Terzo de LiveActionNews - de Campagne Qu\u00e9bec-Vie, traducci\u00f3n libre para catolicasmexico.com \u00a0 En 2008, el Instituto de investigaci\u00f3n de la poblaci\u00f3n, public\u00f3 el testimonio de una ex directora \u00a0de una\u2026","rel":"","context":"En \u00abAborto\u00bb","img":{"alt_text":"","src":"https:\/\/i1.wp.com\/catolicasmexico.com\/blog\/wp-content\/uploads\/2015\/03\/baby_ultrasound_face_810_500_55_s_c1.jpg?resize=350%2C200&ssl=1","width":350,"height":200},"classes":[]},{"id":3511,"url":"https:\/\/catolicasmexico.com\/blog\/una-verdadera-pesadilla\/","url_meta":{"origin":3038,"position":1},"title":"Una verdadera pesadilla","date":"30 octubre 2015","format":false,"excerpt":"(He aqu\u00ed un art\u00edculo sobre Halloween, escrito un d\u00eda antes de la \u201cfiesta\u201d) Teniendo en cuenta que es s\u00f3lo un d\u00eda antes del \"d\u00eda de fiesta\", creo que es apropiado escribir sobre Halloween. Escribo sobre el tema con el est\u00f3mago revuelto porque Halloween, este a\u00f1o, fue una pesadilla para m\u00ed\u2026","rel":"","context":"En \u00abataques contra la Iglesia Catolica\u00bb","img":{"alt_text":"","src":"https:\/\/i0.wp.com\/catolicasmexico.com\/blog\/wp-content\/uploads\/2015\/10\/Halloween.jpg?resize=350%2C200&ssl=1","width":350,"height":200},"classes":[]},{"id":4488,"url":"https:\/\/catolicasmexico.com\/blog\/no-cabe-duda-de-que-el-aborto-mata-un-ser-humano\/","url_meta":{"origin":3038,"position":2},"title":"\"No cabe duda de que el aborto mata un ser humano\"","date":"17 febrero 2017","format":false,"excerpt":"Por Sarah Terzo (LiveActionNews) - del sitio www.cqv.ca.qc por Dominic Larkin. Traducci\u00f3n al espa\u00f1ol. CM\u00a0 Mir\u00e9 el recipiente que estaba frente a m\u00ed. Vi a un ser humano peque\u00f1o,desnudo flotando en un l\u00edquido sangriento. Cuando se escriben determinados art\u00edculos a los autores se les permite asistir a los abortos. Los\u2026","rel":"","context":"En \u00abAborto\u00bb","img":{"alt_text":"","src":"https:\/\/i0.wp.com\/catolicasmexico.com\/blog\/wp-content\/uploads\/2017\/02\/IMG_1164.png?resize=350%2C200&ssl=1","width":350,"height":200},"classes":[]},{"id":4181,"url":"https:\/\/catolicasmexico.com\/blog\/ex-abortista-describe-el-horror-de-como-se-descuartiza-un-bebe\/","url_meta":{"origin":3038,"position":3},"title":"Ex abortista describe el horror de como se descuartiza un beb\u00e9.\u00a0","date":"8 enero 2016","format":false,"excerpt":"La parte m\u00e1s dif\u00edcil de la operaci\u00f3n es extraer la cabeza del beb\u00e9. A esta edad, el cr\u00e1neo es aproximadamente del tama\u00f1o de una ciruela, y est\u00e1 flotando libremente dentro de la cavidad uterina. Se puede utilizar las pinzas si se han metido los dedos profundamente. Se puede saber que\u2026","rel":"","context":"En \u00abAborto\u00bb","img":{"alt_text":"","src":"https:\/\/i1.wp.com\/catolicasmexico.com\/blog\/wp-content\/uploads\/2016\/01\/IMG_0405.jpg?resize=350%2C200&ssl=1","width":350,"height":200},"classes":[]},{"id":688,"url":"https:\/\/catolicasmexico.com\/blog\/derecho-a-vivir-critica-las-mentiras-del-lobby-del-aborto-en-caso-beatriz\/","url_meta":{"origin":3038,"position":4},"title":"Derecho a Vivir critica las mentiras del lobby del aborto en caso \u201cBeatriz\u201d","date":"3 junio 2013","format":false,"excerpt":"Noticia de ETWN. \u201cBeatriz\u201d nunca quiso aborto: La estafa del lobby de la muerte. Derecho a Vivir critica las mentiras del lobby del aborto en caso \u201cBeatriz\u201d El fallo emitido por la Sala de lo Constitucional de la Corte Suprema de Justicia (CSJ) de El Salvador el 29 de mayo,\u2026","rel":"","context":"En \u00abAborto\u00bb","img":{"alt_text":"","src":"","width":0,"height":0},"classes":[]},{"id":1583,"url":"https:\/\/catolicasmexico.com\/blog\/el-colmo-de-la-perversion-los-padres-deben-dar-a-los-bebes-el-sentido-de-la-sexualidad-desde-su-nacimiento-planned-parenthood\/","url_meta":{"origin":3038,"position":5},"title":"\u00a1El colmo de la perversi\u00f3n!: Los padres deben dar a los beb\u00e9s el sentido de la sexualidad desde su nacimiento: Planned Parenthood","date":"13 agosto 2013","format":false,"excerpt":"(LifeSiteNews.com)Por Kathleen Gilbert. Edici\u00f3n y traducci\u00f3n libre de Alejandro P. para catolicasmexico.com Un programa publicitado como \"audaz, a nivel nacional, como un \"esfuerzo de cambio social\" est\u00e1 siendo lanzado por Planned Parenthood para alterar el di\u00e1logo en la familia sobre la sexualidad y alentar a los padres para facilitar la\u2026","rel":"","context":"En \u00abAborto\u00bb","img":{"alt_text":"","src":"","width":0,"height":0},"classes":[]}],"jetpack_likes_enabled":false,"jetpack_sharing_enabled":true,"_links":{"self":[{"href":"https:\/\/catolicasmexico.com\/blog\/wp-json\/wp\/v2\/posts\/3038"}],"collection":[{"href":"https:\/\/catolicasmexico.com\/blog\/wp-json\/wp\/v2\/posts"}],"about":[{"href":"https:\/\/catolicasmexico.com\/blog\/wp-json\/wp\/v2\/types\/post"}],"author":[{"embeddable":true,"href":"https:\/\/catolicasmexico.com\/blog\/wp-json\/wp\/v2\/users\/2"}],"replies":[{"embeddable":true,"href":"https:\/\/catolicasmexico.com\/blog\/wp-json\/wp\/v2\/comments?post=3038"}],"version-history":[{"count":1,"href":"https:\/\/catolicasmexico.com\/blog\/wp-json\/wp\/v2\/posts\/3038\/revisions"}],"predecessor-version":[{"id":3039,"href":"https:\/\/catolicasmexico.com\/blog\/wp-json\/wp\/v2\/posts\/3038\/revisions\/3039"}],"wp:featuredmedia":[{"embeddable":true,"href":"https:\/\/catolicasmexico.com\/blog\/wp-json\/wp\/v2\/media\/3037"}],"wp:attachment":[{"href":"https:\/\/catolicasmexico.com\/blog\/wp-json\/wp\/v2\/media?parent=3038"}],"wp:term":[{"taxonomy":"category","embeddable":true,"href":"https:\/\/catolicasmexico.com\/blog\/wp-json\/wp\/v2\/categories?post=3038"},{"taxonomy":"post_tag","embeddable":true,"href":"https:\/\/catolicasmexico.com\/blog\/wp-json\/wp\/v2\/tags?post=3038"}],"curies":[{"name":"wp","href":"https:\/\/api.w.org\/{rel}","templated":true}]}}