{"id":3034,"date":"2014-06-11T10:44:58","date_gmt":"2014-06-11T15:44:58","guid":{"rendered":"http:\/\/catolicasmexico.com\/blog\/?p=3034"},"modified":"2014-06-11T10:44:58","modified_gmt":"2014-06-11T15:44:58","slug":"la-pelicula-cristeros-en-francia","status":"publish","type":"post","link":"https:\/\/catolicasmexico.com\/blog\/la-pelicula-cristeros-en-francia\/","title":{"rendered":"La pel\u00edcula \u00abcristeros\u00bb en Francia."},"content":{"rendered":"<p><a href=\"http:\/\/catolicasmexico.com\/blog\/wp-content\/uploads\/2014\/06\/20140611-1159021.jpg\"><img src=\"http:\/\/catolicasmexico.com\/blog\/wp-content\/uploads\/2014\/06\/20140611-1159021.jpg\" alt=\"20140611-115902.jpg\" class=\"alignnone size-full\"  \/> <\/a><\/p>\n<p>Los productores de  la pel\u00edcula de los Cristeros anuncia que en la tercera semana de presentaci\u00f3n, la pel\u00edcula ha tenido m\u00e1s de 55.000 entradas. Todav\u00eda ser\u00e1 proyectada por una cuarta semana en 67 salas de cine en Francia.<\/p>\n<p>Despu\u00e9s de este periodo los productores proponen proyectar la pel\u00edcula en una sala para una o dos funciones. Solo se pide la asistencia de un grupo de treinta personas y contactar al responsable del cine de la ciudad.  Es el mismo procedimiento para cualquier iglesia o escuela privada que desee organizar alguna proyecci\u00f3n de la pel\u00edcula.<\/p>\n","protected":false},"excerpt":{"rendered":"<p>Los productores de la pel\u00edcula de los Cristeros anuncia que en la tercera semana de presentaci\u00f3n, la pel\u00edcula ha tenido m\u00e1s de 55.000 entradas. Todav\u00eda ser\u00e1 proyectada por una cuarta semana en 67 salas de cine en Francia. Despu\u00e9s de este periodo los productores proponen proyectar la pel\u00edcula en una sala para una o dos [&hellip;]<\/p>\n","protected":false},"author":2,"featured_media":3033,"comment_status":"open","ping_status":"open","sticky":false,"template":"","format":"standard","meta":{"spay_email":"","jetpack_publicize_message":"","jetpack_is_tweetstorm":false},"categories":[335,32,25,78,13,197],"tags":[462,461,732],"aioseo_notices":[],"jetpack_featured_media_url":"https:\/\/catolicasmexico.com\/blog\/wp-content\/uploads\/2014\/06\/20140611-1159021.jpg","jetpack_publicize_connections":[],"jetpack_shortlink":"https:\/\/wp.me\/p3B5XH-MW","jetpack-related-posts":[{"id":1703,"url":"https:\/\/catolicasmexico.com\/blog\/los-cristeros-y-su-viril-ideal\/","url_meta":{"origin":3034,"position":0},"title":"LOS CRISTEROS Y SU VIRIL IDEAL","date":"27 agosto 2013","format":false,"excerpt":"Art\u00edculo original de\u00a0http:\/\/radiocristiandad.wordpress.com\u00a0comentario de Alejandro P. para catolicasmexico.com NECESITAMOS QUE \u00c9L REINE Aqu\u00e9l por el que M\u00e9xico luch\u00f3 y muri\u00f3 hace 84 a\u00f1os. Sus enemigos los llamaron \u201cCristeros\u201d por su grito de guerra:\u00a0\u00a1Viva Cristo Rey!\u00a0Ese bendito grito que empez\u00f3 a o\u00edrse en nuestra Patria por primera vez en 1854, cuando\u2026","rel":"","context":"En \u00abFe\u00bb","img":{"alt_text":"","src":"https:\/\/i1.wp.com\/catolicasmexico.com\/blog\/wp-content\/uploads\/2013\/08\/christusrex.jpg?resize=350%2C200&ssl=1","width":350,"height":200},"classes":[]},{"id":3108,"url":"https:\/\/catolicasmexico.com\/blog\/arrestados-en-paris-porque-parecian-ser-cristianos-segun-un-policia\/","url_meta":{"origin":3034,"position":1},"title":"Arrestados en Par\u00eds porque parec\u00edan ser cristianos, seg\u00fan un polic\u00eda.","date":"24 junio 2014","format":false,"excerpt":"Del sitio Nouvelles de France traducci\u00f3n y edici\u00f3n libre www. catolicasmexico.com \u00abUna peque\u00f1a historia para compartir lo que le sucedi\u00f3 a uno de mis hijos, parece ser que fue una acci\u00f3n de christianofobia, por parte de la polic\u00eda de Par\u00eds\u00bb. Mi hijo estaba en Par\u00eds con un amigo. Hablaban tranquilamente\u2026","rel":"","context":"En \u00abataques contra la Iglesia Catolica\u00bb","img":{"alt_text":"","src":"","width":0,"height":0},"classes":[]},{"id":4429,"url":"https:\/\/catolicasmexico.com\/blog\/la-policia-evacuo-la-iglesia-sainte-rita-en-paris-en-plena-misa\/","url_meta":{"origin":3034,"position":2},"title":"\u00a1La polic\u00eda evacu\u00f3 la iglesia Sainte-Rita en Par\u00eds, en plena misa!","date":"3 agosto 2016","format":false,"excerpt":"La iglesia Santa Rita del distrito 15 en Par\u00eds, lista para la demolici\u00f3n, fue violentamente evacuada por el CRS esta ma\u00f1ana del 3 de agosto las autoridades locales, fieles y los sacerdotes que estaban en el edificio con el fin de oponerse a su demolici\u00f3n, fueron desalojados. En la puerta\u2026","rel":"","context":"En \u00abataques contra la Iglesia Catolica\u00bb","img":{"alt_text":"","src":"https:\/\/i0.wp.com\/catolicasmexico.com\/blog\/wp-content\/uploads\/2016\/08\/IMG_0805.jpg?resize=350%2C200&ssl=1","width":350,"height":200},"classes":[]},{"id":2527,"url":"https:\/\/catolicasmexico.com\/blog\/los-italianos-hablan-de-guerra-civil-para-describir-la-situacion-en-francia\/","url_meta":{"origin":3034,"position":3},"title":"Los italianos hablan de guerra civil para describir la situaci\u00f3n en Francia","date":"4 febrero 2014","format":false,"excerpt":"(Foto de la estatua de Jean Lesage por Bouchecl en wikimedia.org, bajo licencia creative commons) Del sitio www.cqv.cq.ca original del sitio de christianophobie.fr del 01 de febrero de 2014 traducci\u00f3n y edici\u00f3n libre www.catolicasmexico.com (El revolucionario Jean Lesage cre\u00f3 un Ministerio de educaci\u00f3n para quitar de las manos de la\u2026","rel":"","context":"En \u00abFrancia\u00bb","img":{"alt_text":"","src":"https:\/\/i2.wp.com\/catolicasmexico.com\/blog\/wp-content\/uploads\/2014\/02\/20140204-1336221.jpg?resize=350%2C200&ssl=1","width":350,"height":200},"classes":[]},{"id":3151,"url":"https:\/\/catolicasmexico.com\/blog\/el-femen-amenazan-con-apropiarse-de-una-iglesia-tras-su-expulsion-de-clichy\/","url_meta":{"origin":3034,"position":4},"title":"Las Femen amenazan con apropiarse de una iglesia tras su expulsi\u00f3n de Clichy.","date":"1 julio 2014","format":false,"excerpt":"Del sitio www.medias-presse-info.com traducci\u00f3n y edici\u00f3n libre www.catolicas mexico.com Inna Shevchenko, presente en el tribunal de Asni\u00e8res para la audiencia de la sentencia, hizo una nueva amenaza contra los cristianos: ' vamos a utilizar una iglesia en Par\u00eds, o bien el Ayuntamiento de Par\u00eds. La Sentencia fue dada por el\u2026","rel":"","context":"En \u00abataques contra la Iglesia Catolica\u00bb","img":{"alt_text":"","src":"https:\/\/i2.wp.com\/catolicasmexico.com\/blog\/wp-content\/uploads\/2014\/07\/20140701-144420.jpg?resize=350%2C200&ssl=1","width":350,"height":200},"classes":[]},{"id":2982,"url":"https:\/\/catolicasmexico.com\/blog\/los-masones-se-quejan-de-la-interferencia-de-la-iglesia-catolica-en-reunion-urgente-este-28-de-mayo\/","url_meta":{"origin":3034,"position":5},"title":"Los masones se quejan de la interferencia de la iglesia cat\u00f3lica en reuni\u00f3n urgente este 28 de mayo.","date":"30 mayo 2014","format":false,"excerpt":"fuente www.medias-presse-traducci\u00f3n y edici\u00f3n libre www.catolicas mexico.com Este mi\u00e9rcoles, 28 de mayo, la logia del gran Oriente de Francia organiz\u00f3 su primer Foro de obediencias mas\u00f3nicas liberal de la Uni\u00f3n Europea. Veintiocho logias se reunieron en Par\u00eds. Los \"lobbys cat\u00f3licos\" en contra del humanismo mas\u00f3nico. Durante el debate, muchos miembros\u2026","rel":"","context":"En \u00abAborto\u00bb","img":{"alt_text":"","src":"","width":0,"height":0},"classes":[]}],"jetpack_likes_enabled":false,"jetpack_sharing_enabled":true,"_links":{"self":[{"href":"https:\/\/catolicasmexico.com\/blog\/wp-json\/wp\/v2\/posts\/3034"}],"collection":[{"href":"https:\/\/catolicasmexico.com\/blog\/wp-json\/wp\/v2\/posts"}],"about":[{"href":"https:\/\/catolicasmexico.com\/blog\/wp-json\/wp\/v2\/types\/post"}],"author":[{"embeddable":true,"href":"https:\/\/catolicasmexico.com\/blog\/wp-json\/wp\/v2\/users\/2"}],"replies":[{"embeddable":true,"href":"https:\/\/catolicasmexico.com\/blog\/wp-json\/wp\/v2\/comments?post=3034"}],"version-history":[{"count":1,"href":"https:\/\/catolicasmexico.com\/blog\/wp-json\/wp\/v2\/posts\/3034\/revisions"}],"predecessor-version":[{"id":3035,"href":"https:\/\/catolicasmexico.com\/blog\/wp-json\/wp\/v2\/posts\/3034\/revisions\/3035"}],"wp:featuredmedia":[{"embeddable":true,"href":"https:\/\/catolicasmexico.com\/blog\/wp-json\/wp\/v2\/media\/3033"}],"wp:attachment":[{"href":"https:\/\/catolicasmexico.com\/blog\/wp-json\/wp\/v2\/media?parent=3034"}],"wp:term":[{"taxonomy":"category","embeddable":true,"href":"https:\/\/catolicasmexico.com\/blog\/wp-json\/wp\/v2\/categories?post=3034"},{"taxonomy":"post_tag","embeddable":true,"href":"https:\/\/catolicasmexico.com\/blog\/wp-json\/wp\/v2\/tags?post=3034"}],"curies":[{"name":"wp","href":"https:\/\/api.w.org\/{rel}","templated":true}]}}