{"id":3019,"date":"2014-06-10T09:37:32","date_gmt":"2014-06-10T14:37:32","guid":{"rendered":"http:\/\/catolicasmexico.com\/blog\/?p=3019"},"modified":"2014-06-10T09:37:32","modified_gmt":"2014-06-10T14:37:32","slug":"israel-legaliza-la-eutanasia","status":"publish","type":"post","link":"https:\/\/catolicasmexico.com\/blog\/israel-legaliza-la-eutanasia\/","title":{"rendered":"Israel legaliza la eutanasia."},"content":{"rendered":"<p><a href=\"http:\/\/catolicasmexico.com\/blog\/wp-content\/uploads\/2014\/06\/20140610-105135.jpg\"><img src=\"http:\/\/catolicasmexico.com\/blog\/wp-content\/uploads\/2014\/06\/20140610-105135.jpg\" alt=\"20140610-105135.jpg\" class=\"alignnone size-full\"  \/> <\/a><\/p>\n<p>Del sitio www.cqv.cq.ca original del sitio www.i24news.tv traducci\u00f3n y edici\u00f3n libre www.catolicasmexico.com<\/p>\n<p>El Comit\u00e9 Ministerial israel\u00ed aprob\u00f3 este domingo el proyecto de ley para el\u00bbsuicidio asistido\u00bb, inform\u00f3 el diario Haaretz. (&#8230;)<\/p>\n<p>El m\u00e9dico que le recetar\u00e1 la dosis letal al paciente, no ser\u00e1 castigado y no tendr\u00e1 ninguna responsabilidad.<\/p>\n<p>Con una receta m\u00e9dica el paciente recibir\u00e1 una inyecci\u00f3n letal que pondr\u00e1 fin a sus d\u00edas. (&#8230;)<\/p>\n","protected":false},"excerpt":{"rendered":"<p>Del sitio www.cqv.cq.ca original del sitio www.i24news.tv traducci\u00f3n y edici\u00f3n libre www.catolicasmexico.com El Comit\u00e9 Ministerial israel\u00ed aprob\u00f3 este domingo el proyecto de ley para el\u00bbsuicidio asistido\u00bb, inform\u00f3 el diario Haaretz. (&#8230;) El m\u00e9dico que le recetar\u00e1 la dosis letal al paciente, no ser\u00e1 castigado y no tendr\u00e1 ninguna responsabilidad. Con una receta m\u00e9dica el paciente [&hellip;]<\/p>\n","protected":false},"author":2,"featured_media":3018,"comment_status":"open","ping_status":"open","sticky":false,"template":"","format":"standard","meta":{"spay_email":"","jetpack_publicize_message":"","jetpack_is_tweetstorm":false},"categories":[10,70],"tags":[88,455,91],"aioseo_notices":[],"jetpack_featured_media_url":"https:\/\/catolicasmexico.com\/blog\/wp-content\/uploads\/2014\/06\/20140610-105135.jpg","jetpack_publicize_connections":[],"jetpack_shortlink":"https:\/\/wp.me\/p3B5XH-MH","jetpack-related-posts":[{"id":1115,"url":"https:\/\/catolicasmexico.com\/blog\/el-comite-de-etica-del-gobierno-de-francia-rechaza-la-legalizacion-del-suicidio-asistido\/","url_meta":{"origin":3019,"position":0},"title":"El Comit\u00e9 de \u00c9tica del gobierno de Francia rechaza la legalizaci\u00f3n del suicidio asistido.","date":"8 julio 2013","format":false,"excerpt":"Por Alex Schadenberg. Traducci\u00f3n y edici\u00f3n libre Alejandro P. de www.catolicasmexico.com Coalici\u00f3n de prevenci\u00f3n de la eutanasia El Comit\u00e9 Consultivo Oficial de \u00c9tica de Francia(CCNE de Francia) ha rechazado la legalizaci\u00f3n del suicidio asistido despu\u00e9s de un voto mayoritario. La Comisi\u00f3n encargada de investigar la cuesti\u00f3n de la eutanasia y\u2026","rel":"","context":"En \u00abEutanasia\u00bb","img":{"alt_text":"","src":"","width":0,"height":0},"classes":[]},{"id":1474,"url":"https:\/\/catolicasmexico.com\/blog\/la-asociacion-medica-mundial-se-opone-a-la-eutanasia\/","url_meta":{"origin":3019,"position":1},"title":"La Asociaci\u00f3n M\u00e9dica Mundial se opone a la eutanasia","date":"1 agosto 2013","format":false,"excerpt":"Por Wesley J. Smith Martes, 30 de julio de 2013 10:35 EST Traducci\u00f3n y edici\u00f3n libre Alejandro P. de www.catolicasmexico.com Las Asociaciones m\u00e9dicas profesionales de todo el mundo se oponen abrumadoramente a la eutanasia y al suicidio asistido. La Asociaci\u00f3n M\u00e9dica Mundial reiter\u00f3 su fuerte compromiso hacia la pr\u00e1ctica \u00e9tica\u2026","rel":"","context":"En \u00abEutanasia\u00bb","img":{"alt_text":"","src":"","width":0,"height":0},"classes":[]},{"id":1252,"url":"https:\/\/catolicasmexico.com\/blog\/error-medico-un-magistrado-italiano-perfectamente-sano-pide-la-eutanasia\/","url_meta":{"origin":3019,"position":2},"title":"Error m\u00e9dico: un magistrado italiano perfectamente sano, pide la eutanasia.","date":"12 julio 2013","format":false,"excerpt":"Del blog de www.cqv.qc.ca del sitio zenit.org Traducci\u00f3n libre www.catolicasmexico.com Un magistrado italiano de 62 que pidi\u00f3 la eutanasia en Suiza, en Basilea, tras el diagn\u00f3stico de una enfermedad incurable: sin embargo, una autopsia revela que \u00e9l estaba en perfecta salud. El hecho tr\u00e1gico relanz\u00f3 el debate sobre la \"eutanasia\"\u2026","rel":"","context":"En \u00abEutanasia\u00bb","img":{"alt_text":"","src":"https:\/\/i1.wp.com\/catolicasmexico.com\/blog\/wp-content\/uploads\/2013\/07\/20130712-115439.jpg?resize=350%2C200&ssl=1","width":350,"height":200},"classes":[]},{"id":413,"url":"https:\/\/catolicasmexico.com\/blog\/marcha-contra-la-eutanasia-en-quebec-canada\/","url_meta":{"origin":3019,"position":3},"title":"Marcha contra la eutanasia en Quebec, Canad\u00e1.","date":"20 mayo 2013","format":false,"excerpt":"Este18 de mayo en la ciudad de Quebec se llevo a cabo la manifestaci\u00f3n \u00a0contra la eutanasia, m\u00e9dicos comprometidos \u00a0con la vida de sus pacientes, familias enteras preocupadas por el futuro de las pr\u00f3ximas generaciones organizaciones pro-vida y ciudadanos en general se dieron cita en \"les plaines d'Abrahaman \"y marcharon\u2026","rel":"","context":"En \u00abEutanasia\u00bb","img":{"alt_text":"","src":"https:\/\/i1.wp.com\/catolicasmexico.com\/blog\/wp-content\/uploads\/2013\/05\/image-32.jpeg?resize=350%2C200&ssl=1","width":350,"height":200},"classes":[]},{"id":3819,"url":"https:\/\/catolicasmexico.com\/blog\/laura-sera-eutanasiada-este-verano-goza-de-perfecta-salud\/","url_meta":{"origin":3019,"position":4},"title":"Laura\" ser\u00e1 eutanasiada este verano. Goza de perfecta salud.","date":"22 junio 2015","format":false,"excerpt":"\"Laura\" ser\u00e1 eutanasiada este verano. Goza de perfecta salud. \"En este momento la psiquiatra le pide que se interne y que deje el teatro. Ah\u00ed sus lesiones autoinfligidas aumentan en intensidad, se golpea contra las paredes. Tiene la impresi\u00f3n de que la posee un monstruo que est\u00e1 tratando de escapar\u2026","rel":"","context":"En \u00abEuropa\u00bb","img":{"alt_text":"","src":"https:\/\/i2.wp.com\/catolicasmexico.com\/blog\/wp-content\/uploads\/2015\/06\/20150622-112808.jpg?resize=350%2C200&ssl=1","width":350,"height":200},"classes":[]},{"id":1050,"url":"https:\/\/catolicasmexico.com\/blog\/el-primer-ministro-de-ontario-kathleen-wynne-considera-la-propuesta-de-eutanasia-de-quebec\/","url_meta":{"origin":3019,"position":5},"title":"El Primer Ministro de Ontario, Kathleen Wynne, considera la propuesta de eutanasia de Quebec","date":"3 julio 2013","format":false,"excerpt":"Del blog de Alex Schadenberg. Traducci\u00f3n y redacci\u00f3n Alejandro P. de www.catolicasmexico.com Kathleen Wynne, Primer Ministro liberal de Ontario, parece considerar propuestas similares a las que Quebec hizo la semana pasada cuando present\u00f3 el proyecto de ley 52, para legalizar la eutanasia en la provincia. \"Necesitamos tener una charla sobre\u2026","rel":"","context":"En \u00abCanada.\u00bb","img":{"alt_text":"","src":"https:\/\/i2.wp.com\/catolicasmexico.com\/blog\/wp-content\/uploads\/2015\/07\/image.jpeg?resize=350%2C200&ssl=1","width":350,"height":200},"classes":[]}],"jetpack_likes_enabled":false,"jetpack_sharing_enabled":true,"_links":{"self":[{"href":"https:\/\/catolicasmexico.com\/blog\/wp-json\/wp\/v2\/posts\/3019"}],"collection":[{"href":"https:\/\/catolicasmexico.com\/blog\/wp-json\/wp\/v2\/posts"}],"about":[{"href":"https:\/\/catolicasmexico.com\/blog\/wp-json\/wp\/v2\/types\/post"}],"author":[{"embeddable":true,"href":"https:\/\/catolicasmexico.com\/blog\/wp-json\/wp\/v2\/users\/2"}],"replies":[{"embeddable":true,"href":"https:\/\/catolicasmexico.com\/blog\/wp-json\/wp\/v2\/comments?post=3019"}],"version-history":[{"count":1,"href":"https:\/\/catolicasmexico.com\/blog\/wp-json\/wp\/v2\/posts\/3019\/revisions"}],"predecessor-version":[{"id":3020,"href":"https:\/\/catolicasmexico.com\/blog\/wp-json\/wp\/v2\/posts\/3019\/revisions\/3020"}],"wp:featuredmedia":[{"embeddable":true,"href":"https:\/\/catolicasmexico.com\/blog\/wp-json\/wp\/v2\/media\/3018"}],"wp:attachment":[{"href":"https:\/\/catolicasmexico.com\/blog\/wp-json\/wp\/v2\/media?parent=3019"}],"wp:term":[{"taxonomy":"category","embeddable":true,"href":"https:\/\/catolicasmexico.com\/blog\/wp-json\/wp\/v2\/categories?post=3019"},{"taxonomy":"post_tag","embeddable":true,"href":"https:\/\/catolicasmexico.com\/blog\/wp-json\/wp\/v2\/tags?post=3019"}],"curies":[{"name":"wp","href":"https:\/\/api.w.org\/{rel}","templated":true}]}}