{"id":3016,"date":"2014-06-10T09:11:49","date_gmt":"2014-06-10T14:11:49","guid":{"rendered":"http:\/\/catolicasmexico.com\/blog\/?p=3016"},"modified":"2014-06-10T09:11:49","modified_gmt":"2014-06-10T14:11:49","slug":"el-10-de-junio-recordamos-al-beato-eduardo-poppe-presbitero","status":"publish","type":"post","link":"https:\/\/catolicasmexico.com\/blog\/el-10-de-junio-recordamos-al-beato-eduardo-poppe-presbitero\/","title":{"rendered":"El 10 de junio recordamos al beato Eduardo Poppe, presb\u00edtero."},"content":{"rendered":"<p><a href=\"http:\/\/catolicasmexico.com\/blog\/wp-content\/uploads\/2014\/06\/20140610-102434.jpg\"><img src=\"http:\/\/catolicasmexico.com\/blog\/wp-content\/uploads\/2014\/06\/20140610-102434.jpg\" alt=\"20140610-102434.jpg\" class=\"alignnone size-full\"  \/> <\/a><\/p>\n<p>Del sitio www.escatholico.net<\/p>\n<p>Martirologio Romano: En la ciudad de Moerzeke-les-Termonde, cerca de Gante, en B\u00e9lgica, , que con sus escritos y su predicaci\u00f3n propag\u00f3 por Flandes, en tiempos dif\u00edciles, la formaci\u00f3n cristiana y la devoci\u00f3n a la Eucarist\u00eda (1924).<\/p>\n<p>Etimol\u00f3gicamente: Juan = Dios es misericordioso, es de origen hebreo.<\/p>\n<p>Naci\u00f3 en Moerzeke, B\u00e9lgica, en el seno de una familia muy devota el 18 de Diciembre de 1890. En mayo de 1909 ingresa en el seminario de San Nicol\u00e1s, en Waas, donde se distingue por su gran deseo de \u00ab&#8230;realizar del modo m\u00e1s perfecto la voluntad de Dios\u00bb. En septiembre de 1910 es llamado al ej\u00e9rcito y ah\u00ed inicia sus estudios de filosof\u00eda. Al estallar la Primera Guerra Mundial (1914-1918) es reclutado como enfermero, donde da muestras de caridad hasta el grado de enfermar de fatiga. Estando en el ej\u00e9rcito recibe la orden sacerdotal en 1916 e inicia su labor pastoral como vice-p\u00e1rroco de la iglesia de Santa Coleta (Gante), ubicada en un barrio obrero. Ah\u00ed da muestra de ejemplar virtud al atender y socorrer a pobres, marginados, moribundos y ni\u00f1os. Su fortaleza espiritual la adquiere al pasar mucho tiempo ante el Sagrario.<\/p>\n<p>Al final de la Primera Guerra Mundial, por motivos de salud, se vio obligado a dejar su parroquia, traslad\u00e1ndose a la zona rural, donde fue capell\u00e1n de una comunidad religiosa. Se dedic\u00f3 a la contemplaci\u00f3n, al estudio, a predicar en la regi\u00f3n de Flandes y a escribir ensayos contra el marxismo, el materialismo y la secularizaci\u00f3n. <\/p>\n<p>Fue creador de m\u00e9todos apost\u00f3licos de vanguardia, asimismo, promovi\u00f3 asociaciones sacerdotales, de seglares, de renovaci\u00f3n lit\u00fargica y de catequesis, entre otras. Forma un Circulo del Catecismo, as\u00ed como una Liga de Comuni\u00f3n. Confesor y predicador incansable, exclam\u00f3, ante la pregunta de un sacerdote al verle frente al altar: \u00ab&#8230;le estoy haciendo compa\u00f1\u00eda a Nuestro Se\u00f1or. Me encuentro demasiado cansado para hablarle, as\u00ed que estoy descansando a su lado\u00bb.<\/p>\n<p>De gran influencia en su vida sacerdotal, fue la visita que realiz\u00f3 en 1920 a la tumba de Santa Teresita del Ni\u00f1o Jes\u00fas, la carmelita de Lisieux, de esta religiosa aprendi\u00f3 a profundizar su vida espiritual. En 1922 viaja a Leopoldsburgo, en donde se encarg\u00f3 de los cl\u00e9rigos de todo el pa\u00eds que realizaban el servicio militar. Extenuado, muere debido a los continuos ayunos y penitencias, as\u00ed como por su ardua labor catequ\u00e9tica. <\/p>\n<p>Juan Pablo II 1o beatifica el 3 de octubre de 1999, afirmando que el Beato Eduardo Poppe: \u00ab&#8230;consagr\u00f3 su vida a Cristo en el ministerio sacerdotal. Se convierte hoy en modelo para los sacerdotes.<\/p>\n","protected":false},"excerpt":{"rendered":"<p>Del sitio www.escatholico.net Martirologio Romano: En la ciudad de Moerzeke-les-Termonde, cerca de Gante, en B\u00e9lgica, , que con sus escritos y su predicaci\u00f3n propag\u00f3 por Flandes, en tiempos dif\u00edciles, la formaci\u00f3n cristiana y la devoci\u00f3n a la Eucarist\u00eda (1924). Etimol\u00f3gicamente: Juan = Dios es misericordioso, es de origen hebreo. Naci\u00f3 en Moerzeke, B\u00e9lgica, en el [&hellip;]<\/p>\n","protected":false},"author":2,"featured_media":3014,"comment_status":"open","ping_status":"open","sticky":false,"template":"","format":"standard","meta":{"spay_email":"","jetpack_publicize_message":"","jetpack_is_tweetstorm":false},"categories":[25,13,197],"tags":[453,218,454],"aioseo_notices":[],"jetpack_featured_media_url":"https:\/\/catolicasmexico.com\/blog\/wp-content\/uploads\/2014\/06\/20140610-102434.jpg","jetpack_publicize_connections":[],"jetpack_shortlink":"https:\/\/wp.me\/p3B5XH-ME","jetpack-related-posts":[{"id":2509,"url":"https:\/\/catolicasmexico.com\/blog\/la-asamblea-parlamentaria-del-consejo-europeo-dice-no-a-la-eutanasia-de-ninos-en-belgica\/","url_meta":{"origin":3016,"position":0},"title":"La Asamblea Parlamentaria del Consejo Europeo dice no a la eutanasia de ni\u00f1os en B\u00e9lgica.","date":"3 febrero 2014","format":false,"excerpt":"Del sitio www.cqv.cq.ca original del sitio presse.info del 31de enero de 2014: traducci\u00f3n y edici\u00f3n libre www.catolicas mexico.com As\u00ed pues teniendo en cuenta que: -el Comit\u00e9 de ministros le da la bienvenida al apartado 9 (c) de recomendaci\u00f3n 1418 (1999) de la Asamblea parlamentaria, para \u00abanimar a los Estados miembros\u2026","rel":"","context":"En \u00abEutanasia\u00bb","img":{"alt_text":"","src":"https:\/\/i2.wp.com\/catolicasmexico.com\/blog\/wp-content\/uploads\/2014\/02\/20140203-094118.jpg?resize=350%2C200&ssl=1","width":350,"height":200},"classes":[]},{"id":940,"url":"https:\/\/catolicasmexico.com\/blog\/la-eutanasia-infantil-en-belgica-y-los-paises-bajos-70-anos-despues-del-regimen-nazi\/","url_meta":{"origin":3016,"position":1},"title":"La eutanasia infantil en B\u00e9lgica y los Pa\u00edses Bajos 70 a\u00f1os despu\u00e9s del r\u00e9gimen Nazi","date":"21 junio 2013","format":false,"excerpt":"POR PETER SAUNDERS \u00a0 18 De junio del 2013 (PJSaunders) - La semana pasada B\u00e9lgica y Holanda han tomado pasos importantes para la legalizacion de la eutanasia para los ni\u00f1os. \u00a0 Seg\u00fan los informes, un acuerdo se ha formado entre los miembros del Parlamento Federal belga en apoyo a la\u2026","rel":"","context":"En \u00abEutanasia\u00bb","img":{"alt_text":"","src":"https:\/\/i1.wp.com\/catolicasmexico.com\/blog\/wp-content\/uploads\/2013\/06\/Karl_Brandt_SS-Arzt.jpg?resize=350%2C200&ssl=1","width":350,"height":200},"classes":[]},{"id":2656,"url":"https:\/\/catolicasmexico.com\/blog\/el-rey-belga-renuncio-a-su-deber-de-proteger-a-sus-conciudadanos\/","url_meta":{"origin":3016,"position":2},"title":"El Rey belga \"renunci\u00f3\" a su deber de proteger a sus conciudadanos.","date":"3 marzo 2014","format":false,"excerpt":"(...)Del sitio www.cqv.cq.ca original del sitio lalibre.be traducci\u00f3n y edici\u00f3n libre www.catolicas mexico.com Es un hecho: este domingo, el rey Philippe de B\u00e9lgica firm\u00f3 la ley sobre la extensi\u00f3n de la eutanasia para los menores de edad. Este fue el \u00faltimo paso que se esperaba en el proceso de la\u2026","rel":"","context":"En \u00abEutanasia\u00bb","img":{"alt_text":"","src":"","width":0,"height":0},"classes":[]},{"id":5065,"url":"https:\/\/catolicasmexico.com\/blog\/bebes-recien-nacidos-en-belgica-y-paises-bajos-son-asesinados\/","url_meta":{"origin":3016,"position":3},"title":"Beb\u00e9s recien nacidos en B\u00e9lgica y pa\u00edses Bajos son asesinados.","date":"5 octubre 2021","format":false,"excerpt":"Los beb\u00e9s reci\u00e9n nacidos son asesinados en B\u00e9lgica y Pa\u00edses Bajos, pero los pro-muerte no lo llaman infanticidio.Publicado por Augustin Hamilton el 10\/01\/2021 21:14 Por Jonathon Van Maren - Traducido por Campaigne Qu\u00e9bec-Vie - Foto: Rawpixel.com\/AdobeStock 27 de septiembre de 2021 (LifeSiteNews) - Durante d\u00e9cadas, los activistas pro-vida advirtieron que\u2026","rel":"","context":"En \u00abAborto\u00bb","img":{"alt_text":"","src":"https:\/\/i0.wp.com\/catolicasmexico.com\/blog\/wp-content\/uploads\/2021\/10\/Bebe-pieds-hopital-rawpixel-com-adobestock.jpg?resize=350%2C200&ssl=1","width":350,"height":200},"classes":[]},{"id":3819,"url":"https:\/\/catolicasmexico.com\/blog\/laura-sera-eutanasiada-este-verano-goza-de-perfecta-salud\/","url_meta":{"origin":3016,"position":4},"title":"Laura\" ser\u00e1 eutanasiada este verano. Goza de perfecta salud.","date":"22 junio 2015","format":false,"excerpt":"\"Laura\" ser\u00e1 eutanasiada este verano. Goza de perfecta salud. \"En este momento la psiquiatra le pide que se interne y que deje el teatro. Ah\u00ed sus lesiones autoinfligidas aumentan en intensidad, se golpea contra las paredes. Tiene la impresi\u00f3n de que la posee un monstruo que est\u00e1 tratando de escapar\u2026","rel":"","context":"En \u00abEuropa\u00bb","img":{"alt_text":"","src":"https:\/\/i2.wp.com\/catolicasmexico.com\/blog\/wp-content\/uploads\/2015\/06\/20150622-112808.jpg?resize=350%2C200&ssl=1","width":350,"height":200},"classes":[]},{"id":2599,"url":"https:\/\/catolicasmexico.com\/blog\/belgica-aprueba-la-eutanasia-a-ninos-en-cualquier-edad-con-capacidad-de-discernimiento-y-aun-quiere-ampliarla-mas\/","url_meta":{"origin":3016,"position":5},"title":"B\u00e9lgica aprueba la eutanasia a ni\u00f1os en cualquier edad con \"capacidad de discernimiento\" y a\u00fan quiere ampliarla m\u00e1s.","date":"14 febrero 2014","format":false,"excerpt":"Traducci\u00f3n de Helena Faccia Serrano, Alcal\u00e1 de Henares Articulo de Religi\u00f3n en libertad edici\u00f3n www.catolicasmexico.com Con 86 votos a favor, 44 en contra y 12 abstenciones, la c\u00e1mara de los diputados en B\u00e9lgica ha votado este 13 de febrero el \u00abproyecto de ley que modifica la ley del 28 de\u2026","rel":"","context":"En \u00abEutanasia\u00bb","img":{"alt_text":"","src":"","width":0,"height":0},"classes":[]}],"jetpack_likes_enabled":false,"jetpack_sharing_enabled":true,"_links":{"self":[{"href":"https:\/\/catolicasmexico.com\/blog\/wp-json\/wp\/v2\/posts\/3016"}],"collection":[{"href":"https:\/\/catolicasmexico.com\/blog\/wp-json\/wp\/v2\/posts"}],"about":[{"href":"https:\/\/catolicasmexico.com\/blog\/wp-json\/wp\/v2\/types\/post"}],"author":[{"embeddable":true,"href":"https:\/\/catolicasmexico.com\/blog\/wp-json\/wp\/v2\/users\/2"}],"replies":[{"embeddable":true,"href":"https:\/\/catolicasmexico.com\/blog\/wp-json\/wp\/v2\/comments?post=3016"}],"version-history":[{"count":1,"href":"https:\/\/catolicasmexico.com\/blog\/wp-json\/wp\/v2\/posts\/3016\/revisions"}],"predecessor-version":[{"id":3017,"href":"https:\/\/catolicasmexico.com\/blog\/wp-json\/wp\/v2\/posts\/3016\/revisions\/3017"}],"wp:featuredmedia":[{"embeddable":true,"href":"https:\/\/catolicasmexico.com\/blog\/wp-json\/wp\/v2\/media\/3014"}],"wp:attachment":[{"href":"https:\/\/catolicasmexico.com\/blog\/wp-json\/wp\/v2\/media?parent=3016"}],"wp:term":[{"taxonomy":"category","embeddable":true,"href":"https:\/\/catolicasmexico.com\/blog\/wp-json\/wp\/v2\/categories?post=3016"},{"taxonomy":"post_tag","embeddable":true,"href":"https:\/\/catolicasmexico.com\/blog\/wp-json\/wp\/v2\/tags?post=3016"}],"curies":[{"name":"wp","href":"https:\/\/api.w.org\/{rel}","templated":true}]}}