{"id":3012,"date":"2014-06-09T06:20:42","date_gmt":"2014-06-09T11:20:42","guid":{"rendered":"http:\/\/catolicasmexico.com\/blog\/?p=3012"},"modified":"2014-06-09T06:20:42","modified_gmt":"2014-06-09T11:20:42","slug":"oracion-a-la-santa-faz-de-cristo-de-santa-teresita-del-nino-jesus","status":"publish","type":"post","link":"https:\/\/catolicasmexico.com\/blog\/oracion-a-la-santa-faz-de-cristo-de-santa-teresita-del-nino-jesus\/","title":{"rendered":"ORACI\u00d3N A LA SANTA FAZ DE CRISTO (de Santa Teresita del Ni\u00f1o Jes\u00fas)"},"content":{"rendered":"<p><a href=\"http:\/\/catolicasmexico.com\/blog\/wp-content\/uploads\/2014\/06\/20140609-073316.jpg\"><img src=\"http:\/\/catolicasmexico.com\/blog\/wp-content\/uploads\/2014\/06\/20140609-073316.jpg\" alt=\"20140609-073316.jpg\" class=\"alignnone size-full\"  \/> <\/a><\/p>\n<p>Del sitio www.catolicidad.com<\/p>\n<p>\u201c\u00a1Jes\u00fas! Tu imagen inefable es el astro que gu\u00eda mis pasos. T\u00fa lo sabes bien. Tu dulce rostro es aqu\u00ed en la tierra mi para\u00edso. Mi amor descubre los encantos de tus ojos embellecidos por el llanto.<\/p>\n<p>Cuando contemplo tus dolores sonr\u00edo a trav\u00e9s de mis l\u00e1grimas. Deseo vivir ignorada y solitaria para consolar tu belleza; esa belleza que se oculta en tu Faz bajo el misterio del dolor y que tan fuertemente me atrae a Ti.<\/p>\n<p>Tu faz es mi sola patria; ella es mi reino de amor, mi prado risue\u00f1o, mi dulce sol de cada d\u00eda. Ella es el lirio del valle, cuyo perfume misterioso consuela mi afligida alma y le hace gustar la paz de los cielos.<\/p>\n<p>Ella es mi reposo, mi dulzura y mi melodiosa lira. Tu rostro, dulce Salvador, es el divino ramillete de mirra que yo quiero guardar en mi coraz\u00f3n. Tu Faz es mi sola riqueza, no quiero nada fuera de ella. Jes\u00fas yo me asemejar\u00e9 a Ti, y oculta entre los pliegues del velo de la Ver\u00f3nica, atravesar\u00e9 la vida desapercibida de las criaturas.<\/p>\n<p>Deja en mi la divina impresi\u00f3n de tus besos, llenos de dulzura, y pronto llegar\u00e9 a ser santa y atraer\u00e9 a Ti todos los corazones. Cuando tus labios adorados impriman en m\u00ed el beso eterno, haz que me abrase de amor, y que este amor levante en el campo de la Iglesia una hermosa cosecha de almas santas\u201d.<\/p>\n","protected":false},"excerpt":{"rendered":"<p>Del sitio www.catolicidad.com \u201c\u00a1Jes\u00fas! Tu imagen inefable es el astro que gu\u00eda mis pasos. T\u00fa lo sabes bien. Tu dulce rostro es aqu\u00ed en la tierra mi para\u00edso. Mi amor descubre los encantos de tus ojos embellecidos por el llanto. Cuando contemplo tus dolores sonr\u00edo a trav\u00e9s de mis l\u00e1grimas. Deseo vivir ignorada y solitaria [&hellip;]<\/p>\n","protected":false},"author":2,"featured_media":3011,"comment_status":"open","ping_status":"open","sticky":false,"template":"","format":"standard","meta":{"spay_email":"","jetpack_publicize_message":"","jetpack_is_tweetstorm":false},"categories":[25,13,197],"tags":[134,452],"aioseo_notices":[],"jetpack_featured_media_url":"https:\/\/catolicasmexico.com\/blog\/wp-content\/uploads\/2014\/06\/20140609-073316.jpg","jetpack_publicize_connections":[],"jetpack_shortlink":"https:\/\/wp.me\/p3B5XH-MA","jetpack-related-posts":[{"id":4427,"url":"https:\/\/catolicasmexico.com\/blog\/via-crucis-en-compania-del-sacratisimo-corazon-de-jesus\/","url_meta":{"origin":3012,"position":0},"title":"Via crucis en compa\u00f1\u00eda del Sacrat\u00edsimo Coraz\u00f3n de Jes\u00fas.\u00a0","date":"29 julio 2016","format":false,"excerpt":"\u00a0Indulgencia Plenaria. Despu\u00e9s de la lectura en cada estaci\u00f3n se reza un Padre Nuestro, un Ave Mar\u00eda y un Gloria. Al terminar se rezan 5 Padre Nuestro, Ave Mar\u00eda y gloria en honor de las llagas de Nuestro Se\u00f1or. Por \u00faltimo se rezan por las intenciones del Santo Padre.\u00a0 +Primer\u2026","rel":"","context":"En \u00abOraciones\u00bb","img":{"alt_text":"","src":"https:\/\/i2.wp.com\/catolicasmexico.com\/blog\/wp-content\/uploads\/2016\/09\/IMG_0832.jpg?resize=350%2C200&ssl=1","width":350,"height":200},"classes":[]},{"id":4128,"url":"https:\/\/catolicasmexico.com\/blog\/trisagios-a-la-santma-trinidad-y-al-sagrado-corazon-de-jesus-con-el-ejercicio-del-via-crucis\/","url_meta":{"origin":3012,"position":1},"title":"Trisagios  a La  Santma. Trinidad  y al  Sagrado Coraz\u00f3n  de  Jes\u00fas .  Con el ejercicio del Via-Crucis","date":"17 diciembre 2015","format":false,"excerpt":"\u00a0 TRISAGIOS A LA SANTMA. TRINIDAD, Y AL SAGRADO CORAZON DE JESUS. CON EL EJERCICIO DEL VIA-CRUCIS. \u00a0 \u00a0 \u2756 \u00a0 \u00a0 TRISAGIO PARA ALABAR A LA SANTISIMA TRINIDAD. \u00a0 Vers.\u00a0\u00a0\u00a0 Domine labia mea aperies. Resp. Et os meum anuntiabit laudem tuam. Vers. Deus in adjutorium meum intende. Resp. Domime\u2026","rel":"","context":"En \u00abOraciones\u00bb","img":{"alt_text":"","src":"https:\/\/i2.wp.com\/catolicasmexico.com\/blog\/wp-content\/uploads\/2015\/12\/trisagios.png?resize=350%2C200&ssl=1","width":350,"height":200},"classes":[]},{"id":4236,"url":"https:\/\/catolicasmexico.com\/blog\/hermoso-via-crucis-para-rezar-en-este-tiempo-de-cuaresma\/","url_meta":{"origin":3012,"position":2},"title":"Hermoso Via Crucis para rezar en este tiempo de Cuaresma.","date":"10 febrero 2016","format":false,"excerpt":"VIA-CRUCIS. OFRECIMIENTO. DULCISIMO JESUS m\u00edo, que por mi amor quisisteis caminar fatigado, y afligido con el pesado madero de la Santa Cruz, en memoria, y reverencia de lo que por mi padecisteis en este \u00e1spero camino, os ofrezco los pasos que en \u00e9l diere, unidos con vuestros infinitos merecimientos, y\u2026","rel":"","context":"En \u00abOraciones\u00bb","img":{"alt_text":"","src":"https:\/\/i2.wp.com\/catolicasmexico.com\/blog\/wp-content\/uploads\/2016\/02\/IMG_0106.jpg?resize=350%2C200&ssl=1","width":350,"height":200},"classes":[]},{"id":4188,"url":"https:\/\/catolicasmexico.com\/blog\/trisagio-al-sagrado-corazon-de-jesus\/","url_meta":{"origin":3012,"position":3},"title":"Trisagio al Sagrado Coraz\u00f3n de Jes\u00fas.","date":"14 enero 2016","format":false,"excerpt":"TRISAGIO AL SAGRADO CORAZON DE JESUS. \u2756 CREO en Dios, espero en Dios, amo a Dios sobre todas las cosas. Bendito adorado y tiernamente amado sea el dulc\u00edsimo coraz\u00f3n de JESUS, ahora y siempre y por infinitos siglos de los siglos Am\u00e9n. Dirigid sagrado coraz\u00f3n mis expresiones, y ellas publicar\u00e1n\u2026","rel":"","context":"En \u00abOraciones\u00bb","img":{"alt_text":"","src":"https:\/\/i1.wp.com\/catolicasmexico.com\/blog\/wp-content\/uploads\/2016\/01\/IMG_0244.jpg?resize=350%2C200&ssl=1","width":350,"height":200},"classes":[]},{"id":5044,"url":"https:\/\/catolicasmexico.com\/blog\/novena-a-nuestra-senora-de-la-salette\/","url_meta":{"origin":3012,"position":4},"title":"Novena a Nuestra Se\u00f1ora de la Salette.","date":"11 septiembre 2021","format":false,"excerpt":"Se aconseja rezarla del dia 11 al 19 de cada mes. Para la conversi\u00f3n de los pecadores. Para el perd\u00f3n de las blasfemias. Para la protecci\u00f3n de la Santa Iglesia. PRIMER DIA. Postrandome a vuestros pies, \u00a1oh tierna Madre! os pido (Aqui se dice lo que se desea obtener en\u2026","rel":"","context":"En \u00abNovenas\u00bb","img":{"alt_text":"","src":"https:\/\/i0.wp.com\/catolicasmexico.com\/blog\/wp-content\/uploads\/2021\/09\/salette-virgin4.jpg?resize=350%2C200&ssl=1","width":350,"height":200},"classes":[]},{"id":3543,"url":"https:\/\/catolicasmexico.com\/blog\/oracion-del-anima-sola-para-alcanzar-el-remedio-de-alguna-gran-necesidad\/","url_meta":{"origin":3012,"position":5},"title":"Oraci\u00f3n del Anima Sola. Para alcanzar el remedio de alguna gran necesidad.","date":"17 noviembre 2014","format":false,"excerpt":"\u00a1Oh Se\u00f1or! \u00a1Cu\u00e1ntas son las gracias que necesitamos, con toda verdad puede decirse que nuestra necesidad es universal. Ahora Se\u00f1or buscando para con Vuestra Divina Majestad, intercesores que am\u00e1is sobre manera El Anima Sola; tan empe\u00f1ada en Vuestro Favor como grata a vuestros ojos. De lo profundo de su c\u00e1rcel\u2026","rel":"","context":"En \u00abOraciones\u00bb","img":{"alt_text":"","src":"","width":0,"height":0},"classes":[]}],"jetpack_likes_enabled":false,"jetpack_sharing_enabled":true,"_links":{"self":[{"href":"https:\/\/catolicasmexico.com\/blog\/wp-json\/wp\/v2\/posts\/3012"}],"collection":[{"href":"https:\/\/catolicasmexico.com\/blog\/wp-json\/wp\/v2\/posts"}],"about":[{"href":"https:\/\/catolicasmexico.com\/blog\/wp-json\/wp\/v2\/types\/post"}],"author":[{"embeddable":true,"href":"https:\/\/catolicasmexico.com\/blog\/wp-json\/wp\/v2\/users\/2"}],"replies":[{"embeddable":true,"href":"https:\/\/catolicasmexico.com\/blog\/wp-json\/wp\/v2\/comments?post=3012"}],"version-history":[{"count":1,"href":"https:\/\/catolicasmexico.com\/blog\/wp-json\/wp\/v2\/posts\/3012\/revisions"}],"predecessor-version":[{"id":3013,"href":"https:\/\/catolicasmexico.com\/blog\/wp-json\/wp\/v2\/posts\/3012\/revisions\/3013"}],"wp:featuredmedia":[{"embeddable":true,"href":"https:\/\/catolicasmexico.com\/blog\/wp-json\/wp\/v2\/media\/3011"}],"wp:attachment":[{"href":"https:\/\/catolicasmexico.com\/blog\/wp-json\/wp\/v2\/media?parent=3012"}],"wp:term":[{"taxonomy":"category","embeddable":true,"href":"https:\/\/catolicasmexico.com\/blog\/wp-json\/wp\/v2\/categories?post=3012"},{"taxonomy":"post_tag","embeddable":true,"href":"https:\/\/catolicasmexico.com\/blog\/wp-json\/wp\/v2\/tags?post=3012"}],"curies":[{"name":"wp","href":"https:\/\/api.w.org\/{rel}","templated":true}]}}