{"id":2824,"date":"2014-04-14T15:51:43","date_gmt":"2014-04-14T20:51:43","guid":{"rendered":"http:\/\/catolicasmexico.com\/blog\/?p=2824"},"modified":"2014-04-14T15:51:43","modified_gmt":"2014-04-14T20:51:43","slug":"eeuu-arzobispo-pide-oracion-y-accion-urgente-para-bloquear-ley-de-aborto-en-colorado","status":"publish","type":"post","link":"https:\/\/catolicasmexico.com\/blog\/eeuu-arzobispo-pide-oracion-y-accion-urgente-para-bloquear-ley-de-aborto-en-colorado\/","title":{"rendered":"EEUU: Arzobispo pide oraci\u00f3n y acci\u00f3n urgente para bloquear ley de aborto en Colorado"},"content":{"rendered":"<p><a href=\"http:\/\/catolicasmexico.com\/blog\/wp-content\/uploads\/2014\/04\/20140414-144947.jpg\"><img src=\"http:\/\/catolicasmexico.com\/blog\/wp-content\/uploads\/2014\/04\/20140414-144947.jpg\" alt=\"20140414-144947.jpg\" class=\"alignnone size-full\"  \/> <\/a><\/p>\n<p>Mons. Samuel Aquila<\/p>\n<p>DENVER, 12 Abr. 14 \/ 02:44 pm (ACI).- El Arzobispo de Denver (Estados Unidos), Mons. Samuel Aquila, hizo un llamado a la oraci\u00f3n y acci\u00f3n urgente de los cat\u00f3licos en el estado de Colorado para frenar la aprobaci\u00f3n del proyecto de ley SB175, que busca insertar el \u201cderecho al aborto\u201d dentro de la legislaci\u00f3n estatal.<\/p>\n<p>\u201cEsta propuesta quiere legalizar la cultura de la muerte e ignorar lo que la ciencia dice\u201d, advirti\u00f3 el Prelado, que luego alent\u00f3 a los fieles a contactar a los medios de comunicaci\u00f3n y expresarse en redes sociales sobre este proyecto, que ser\u00e1 votado en el senado estatal en los pr\u00f3ximos d\u00edas.<\/p>\n<p>\u201c\u00a1D\u00edganles que est\u00e1n decepcionando al pueblo de Colorado al permitir que esta propuesta pase sin un aut\u00e9ntico debate p\u00fablico!\u201d, alent\u00f3.<\/p>\n<p>A continuaci\u00f3n, la carta completa del Arzobispo de Denver, Mons. Samuel Aquila:<\/p>\n<p>Estimados hermanos y hermanas:<\/p>\n<p>A trav\u00e9s de la presente, me dirijo a ustedes el d\u00eda de hoy con una importante solicitud. Entiendo que los fines de semana son ocupados para todos pero les quiero pedir 10 minutos de su tiempo durante este fin de semana para que oren por una intenci\u00f3n muy importante, y para que tomen acci\u00f3n. Al final de esta carta les propongo c\u00f3mo hacerlo.<\/p>\n<p>En caso de que no se hayan enterado, la pr\u00f3xima semana se debatir\u00e1 en el Senado del Estado de Colorado una propuesta de ley bastante preocupante. La propuesta de ley 175 (abreviada SB175 en ingl\u00e9s), promocionada como la \u201cley de libertad a la salud reproductiva\u201d, fue aprobada en uno de los comit\u00e9s del senado el pasado jueves por mayor\u00eda partidista. Les agradezco a todos los que acudieron a la audiencia a mostrar su oposici\u00f3n a esta propuesta.<\/p>\n<p>Dicha propuesta de ley consiste en ser una pieza central y dominante de la legislaci\u00f3n que b\u00e1sicamente eliminar\u00eda todo esfuerzo por aprobar legislaci\u00f3n que afirmara el derecho a la vida en Colorado por siempre.  Pero lo que es m\u00e1s, busca a\u00f1adir  el \u201cderecho al aborto\u201d en las leyes de Colorado. Las organizaciones en contra de la vida, como NARAL y ThinkProgress, han elogiado esta propuesta defini\u00e9ndola como \u201cambiciosa\u201d y \u201cla primera en su clase\u201d en el pa\u00eds. Esta propuesta quiere legalizar la cultura de la muerte e ignorar lo que la ciencia dice.<\/p>\n<p>De aprobarse, esta propuesta impedir\u00eda a los legisladores aprobar leyes en las que se requieren ultrasonidos, las cuales, como todos sabemos \u2013espec\u00edficamente gracias al trabajo realizado por la iniciativa de ultrasonido de los Caballeros de Col\u00f3n aqu\u00ed en Colorado\u00ad\u2013, han hecho tanto bien a las madres al proveerles crucial informaci\u00f3n sobre su embarazo, y por consiguiente, salvado las vidas de un sinn\u00famero de ni\u00f1os de una muerte inminente.<\/p>\n<p>As\u00ed mismo, impedir\u00eda regulaciones de sentido com\u00fan, tales como un periodo espera (antes de un aborto), restricciones en p\u00edldoras abortivas (espec\u00edficamente a menores de edad), y pol\u00edticas de notificaci\u00f3n a los padres. Los promotores de esta propuesta de ley est\u00e1n buscando que el \u201cderecho al aborto\u201d sea otorgado a ni\u00f1as de hasta 10 o 11 a\u00f1os de edad o sin el consentimiento, gu\u00eda o apoyo de sus padres.  Los padres de familia son vistos como que no tienen lugar en la direcci\u00f3n moral de sus propios hijos.<\/p>\n<p>Justo este pasado 11 de abril, el Papa Francisco mostro su firme apoyo a que los padres de familia decidan la educaci\u00f3n moral y religiosa de sus hijos, al tiempo que manifest\u00f3 su rechazo a \u201ccualquier tipo de experimento educacional con los ni\u00f1os\u201d. <\/p>\n<p>Acentu\u00f3 que \u201clos horrores de la manipulaci\u00f3n educativa que hemos vivido en las grandes dictaduras genocidas del siglo XX no han desaparecido; conservan su actualidad bajo ropajes diversos y propuestas que, con pretensi\u00f3n de modernidad, fuerzan a caminar a ni\u00f1os y j\u00f3venes por el camino dictatorial del \u2018pensamiento \u00fanico\u2019\u201d.<\/p>\n<p>Precisamente esta propuesta de ley proteger\u00eda ese \u201cpensamiento \u00fanico\u201d del cual el Papa Francisco nos previene y que socava la libertad de la conciencia de la persona de promover la dignidad de la vida humana y del ni\u00f1o no nacido.<\/p>\n<p>Finalmente, esta propuesta eliminar\u00eda los c\u00f3digos de salud que regulan las cl\u00ednicas de aborto, las cuales son catalogadas por los activistas en favor del aborto como \u201cmolestas\u201d. \u00bfRecuerdan el caso de Kermit Gosnell en Philadelphia, con esas horribles im\u00e1genes e historias de mujeres al borde de la muerte sobre la mesa de los abortistas? \u00a1As\u00ed es como las cl\u00ednicas de aborto se mirar\u00e1n si no existen regulaciones! \u00a1Esta propuesta de ley no es buena para las mujeres y las ni\u00f1as de colorado!<\/p>\n<p>Es por ello que estoy implorando a toda persona de buena voluntad a que le dedique 10 minutos de oraci\u00f3n este fin de semana. Pidan al Se\u00f1or por Su intersecci\u00f3n a nombre de las vidas inocentes en Colorado. Tambi\u00e9n pidan por nuestros pol\u00edticos, con posturas a favor y en contra, en especial por aquellos que trabajan incansablemente y en la mayor\u00eda de los casos, sin reconocimiento alguno, en promover legislaci\u00f3n que afirma el derecho la vida en el capitolio estatal.<\/p>\n<p>Pero por favor no se detengan ah\u00ed. Al final de su oraci\u00f3n preg\u00fantele al Se\u00f1or que es lo \u00c9l que quiere de ustedes. Han sido llamados a ser levadura del bien y por la vida en nuestra sociedad.<\/p>\n<p>He aqu\u00ed algunas maneras concretas como pueden tomar acci\u00f3n este fin de semana:<\/p>\n<p>Contacten a su senador. Ser\u00eda un bello testimonio de parte del pueblo de Colorado que apoya y respeta la vida, si cada senador de Colorado se despertara al lunes con cientos de correos electr\u00f3nicos y mensajes dici\u00e9ndole que se oponga a la propuesta de ley SB175.<\/p>\n<p>Para saber m\u00e1s sobre esta propuesta u obtener la informaci\u00f3n de su senador, por favor comun\u00edquense con Colorado Catholic Conference (Confederaci\u00f3n Cat\u00f3lica de Colorado), por tel\u00e9fono al 303-894-8808 o en internet al sitio: www.cocatholicconference.org.<\/p>\n<p>Contacten a los medios de comunicaci\u00f3n. Ll\u00e1menle a las televisoras, estaciones de radio y peri\u00f3dicos. P\u00eddanles que cubran como noticia esta propuesta de ley. \u00a1D\u00edganles que est\u00e1n decepcionando al pueblo de Colorado al permitir que esta propuesta pase sin un aut\u00e9ntico debata p\u00fablico!<\/p>\n<p>Pasen la voz. Sobre todos en las redes sociales. Si est\u00e1n activos en Facebook Twitter u otras redes sociales, ayuden a pasar la voz. Inviten a otros que quiz\u00e1 no recibieron esta carta a que se unan en oraci\u00f3n y acci\u00f3n.<\/p>\n<p>Sean personas de esperanza. Entiendo que muchos de ustedes han perdido su confianza en los pol\u00edticos, pero recuerden que la desesperanza no viene de Dios, sino del maligno. Satan\u00e1s busca confundir y desalentar. Pero el Papa Francisco en su homil\u00eda del 11 de abril nos recuerda que \u201cel diablo existe. \u00a1Tambi\u00e9n en el siglo XXI! Y no debemos ser ingenuos, \u00a1eh! Debemos aprender del Evangelio c\u00f3mo se hace para luchar contra \u00e9l\u201d.<\/p>\n<p>Los cristianos somos personas de esperanza. Toda acci\u00f3n que tomemos en defensa de la vida tiene un significado, sobre todo si viene como respuesta de nuestra oraci\u00f3n y el Evangelio.<\/p>\n<p>Concluyo con esta reflexi\u00f3n sobre la importancia del testimonio cristiano en nuestros tiempos. Recuerden que el Concilio Vaticano II nos llam\u00f3 a todos los cat\u00f3licos a ser levadura en la sociedad y a contribuir, \u201cdesde dentro, a la santificaci\u00f3n del mundo\u201d: \u201cPor tanto, de manera singular, a ellos corresponde iluminar y ordenar las realidades temporales a las que est\u00e1n estrechamente vinculados, de tal modo que sin cesar se realicen y progresen conforme a Cristo y sean para la gloria del Creador y del Redentor\u201d. (LG, 31).<\/p>\n<p>Mis hermanos obispos de Colorado y un servidor hemos enviado una carta conjunta a todos los senadores del estado. Ahora les pido a todos ustedes poner su granito de arena en la santificaci\u00f3n de nuestra sociedad. Tomemos juntos una posici\u00f3n de entrega y con sentido, a favor de la vida aqu\u00ed en Colorado.<\/p>\n<p>Qu\u00e9 el Se\u00f1or los bendiga a cada uno de ustedes en abundancia.<\/p>\n<p>Mons. Samuel J. Aquila<\/p>\n<p>Arzobispo de Denver<\/p>\n","protected":false},"excerpt":{"rendered":"<p>Mons. Samuel Aquila DENVER, 12 Abr. 14 \/ 02:44 pm (ACI).- El Arzobispo de Denver (Estados Unidos), Mons. Samuel Aquila, hizo un llamado a la oraci\u00f3n y acci\u00f3n urgente de los cat\u00f3licos en el estado de Colorado para frenar la aprobaci\u00f3n del proyecto de ley SB175, que busca insertar el \u201cderecho al aborto\u201d dentro de [&hellip;]<\/p>\n","protected":false},"author":2,"featured_media":2823,"comment_status":"open","ping_status":"open","sticky":false,"template":"","format":"standard","meta":{"spay_email":"","jetpack_publicize_message":"","jetpack_is_tweetstorm":false},"categories":[9,72,70],"tags":[718,362,76,51,377],"aioseo_notices":[],"jetpack_featured_media_url":"https:\/\/catolicasmexico.com\/blog\/wp-content\/uploads\/2014\/04\/20140414-144947.jpg","jetpack_publicize_connections":[],"jetpack_shortlink":"https:\/\/wp.me\/p3B5XH-Jy","jetpack-related-posts":[{"id":2836,"url":"https:\/\/catolicasmexico.com\/blog\/estados-unidos-proyecto-de-ley-abortista-anularia-toda-ley-pro-vida-en-colorado\/","url_meta":{"origin":2824,"position":0},"title":"Estados Unidos: Proyecto de ley abortista anular\u00eda toda ley pro-vida en Colorado","date":"21 abril 2014","format":false,"excerpt":"Imagen referencial. Foto: Suparna Sinha (CC-BY-SA-2.0) DENVER, 16 Abr. 14 \/ 10:16 pm (ACI\/EWTN Noticias).- Un comit\u00e9 del Senado de Colorado aprob\u00f3 un proyecto de ley que prohibir\u00eda a futuro la aprobaci\u00f3n de cualquier ley pro-vida en el estado, desatando una ola de cr\u00edticas. La propuesta de ley 175 establece\u2026","rel":"","context":"En \u00abAborto\u00bb","img":{"alt_text":"","src":"https:\/\/i2.wp.com\/catolicasmexico.com\/blog\/wp-content\/uploads\/2014\/04\/20140421-115712.jpg?resize=350%2C200&ssl=1","width":350,"height":200},"classes":[]},{"id":2849,"url":"https:\/\/catolicasmexico.com\/blog\/triunfo-provida-en-colorado-dan-marcha-atras-al-proyecto-de-ley-175\/","url_meta":{"origin":2824,"position":1},"title":"Triunfo provida en Colorado dan marcha atr\u00e1s al proyecto de ley 175","date":"22 abril 2014","format":false,"excerpt":"Del sitio www.cqv.cq.ca traduccion y edici\u00f3n libre www.catolicas mexico.com Los ciudadanos de Colorado llenos de fe inundaron a los senadores del estado de Colorado con llamadas telef\u00f3nicas y correos electr\u00f3nicos para que votan contra el proyecto de ley 175. Una semana de ayuno y oraciones ayudaron a darle fuerza a\u2026","rel":"","context":"En \u00abAborto\u00bb","img":{"alt_text":"","src":"","width":0,"height":0},"classes":[]},{"id":1278,"url":"https:\/\/catolicasmexico.com\/blog\/texas-limita-el-aborto-radio-canada-lamenta-el-progreso-de-estas-leyes-en-todas-partes-de-los-estados-unidos\/","url_meta":{"origin":2824,"position":2},"title":"Texas limita el aborto, Radio-Canada lamenta el progreso de estas leyes  en todas partes de los Estados Unidos","date":"15 julio 2013","format":false,"excerpt":"Del blog www.qcv.qc.ca del sitio Radio-Canada del 13 de julio de 2013. Traducci\u00f3n y edici\u00f3n libre www.catolicasmexico.com El Senado de Texas aprob\u00f3 el s\u00e1bado uno de los proyectos de ley m\u00e1s restrictivos de los Estados Unidos en materia de aborto. El texto proh\u00edbe abortos despu\u00e9s de 20 semanas de embarazo,\u2026","rel":"","context":"En \u00abAborto\u00bb","img":{"alt_text":"","src":"","width":0,"height":0},"classes":[]},{"id":2804,"url":"https:\/\/catolicasmexico.com\/blog\/triunfo-pro-vida-en-eeuu\/","url_meta":{"origin":2824,"position":3},"title":"Triunfo pro vida en EEUU","date":"3 abril 2014","format":false,"excerpt":"Marzo 27, fuente La voz de Houston. AUSTIN - Un tribunal federal de apelaciones ha confirmado las nuevas restricciones al aborto que han causado el cierre de muchas cl\u00ednicas que brindan este servicio en Texas. La Corte Federal de Quinto Circuito, con sede en Nueva Orleans, determin\u00f3 el jueves revocar\u2026","rel":"","context":"En \u00abAborto\u00bb","img":{"alt_text":"","src":"","width":0,"height":0},"classes":[]},{"id":2070,"url":"https:\/\/catolicasmexico.com\/blog\/texas-prohibe-el-aborto-a-partir-de-20-semanas-de-gestacion\/","url_meta":{"origin":2824,"position":4},"title":"Texas  prohibe el aborto a partir de 20 semanas de gestaci\u00f3n.","date":"15 noviembre 2013","format":false,"excerpt":"EE.UU.-(AGENCIALAVOZ)Desde el pasado 1 de noviembre entro en vigencia la nueva ley que restringe el aborto en el estado de Texas. La legislaci\u00f3n declara ilegal practicar abortos en el estado a partir de la semana 20 del embarazo, porque considera que entonces el feto ya puede sufrir dolor, ordena que\u2026","rel":"","context":"En \u00abAborto\u00bb","img":{"alt_text":"","src":"https:\/\/i1.wp.com\/catolicasmexico.com\/blog\/wp-content\/uploads\/2013\/11\/20131115-121216.jpg?resize=350%2C200&ssl=1","width":350,"height":200},"classes":[]},{"id":2095,"url":"https:\/\/catolicasmexico.com\/blog\/buenas-noticias-la-corte-suprema-respalda-las-restricciones-del-aborto-en-texas\/","url_meta":{"origin":2824,"position":5},"title":"\u00a1 Buenas noticias! La Corte Suprema respalda las restricciones del aborto en Texas","date":"21 noviembre 2013","format":false,"excerpt":"(Foto: anja_johnson en flickr.com de Creative Commons) Del sitio www.cqv.cq.ca original traducci\u00f3n y edici\u00f3n libre www.catolicasmexico.com El martes, 19 de noviembre, la Corte Suprema de los Estados Unidos se neg\u00f3 a suspender la aplicaci\u00f3n de la ley que restringe el acceso al aborto, aprobada en julio pasado por el Parlamento\u2026","rel":"","context":"En \u00abAborto\u00bb","img":{"alt_text":"","src":"","width":0,"height":0},"classes":[]}],"jetpack_likes_enabled":false,"jetpack_sharing_enabled":true,"_links":{"self":[{"href":"https:\/\/catolicasmexico.com\/blog\/wp-json\/wp\/v2\/posts\/2824"}],"collection":[{"href":"https:\/\/catolicasmexico.com\/blog\/wp-json\/wp\/v2\/posts"}],"about":[{"href":"https:\/\/catolicasmexico.com\/blog\/wp-json\/wp\/v2\/types\/post"}],"author":[{"embeddable":true,"href":"https:\/\/catolicasmexico.com\/blog\/wp-json\/wp\/v2\/users\/2"}],"replies":[{"embeddable":true,"href":"https:\/\/catolicasmexico.com\/blog\/wp-json\/wp\/v2\/comments?post=2824"}],"version-history":[{"count":1,"href":"https:\/\/catolicasmexico.com\/blog\/wp-json\/wp\/v2\/posts\/2824\/revisions"}],"predecessor-version":[{"id":2825,"href":"https:\/\/catolicasmexico.com\/blog\/wp-json\/wp\/v2\/posts\/2824\/revisions\/2825"}],"wp:featuredmedia":[{"embeddable":true,"href":"https:\/\/catolicasmexico.com\/blog\/wp-json\/wp\/v2\/media\/2823"}],"wp:attachment":[{"href":"https:\/\/catolicasmexico.com\/blog\/wp-json\/wp\/v2\/media?parent=2824"}],"wp:term":[{"taxonomy":"category","embeddable":true,"href":"https:\/\/catolicasmexico.com\/blog\/wp-json\/wp\/v2\/categories?post=2824"},{"taxonomy":"post_tag","embeddable":true,"href":"https:\/\/catolicasmexico.com\/blog\/wp-json\/wp\/v2\/tags?post=2824"}],"curies":[{"name":"wp","href":"https:\/\/api.w.org\/{rel}","templated":true}]}}