{"id":2790,"date":"2014-03-31T15:45:54","date_gmt":"2014-03-31T21:45:54","guid":{"rendered":"http:\/\/catolicasmexico.com\/blog\/?p=2790"},"modified":"2014-03-31T15:45:54","modified_gmt":"2014-03-31T21:45:54","slug":"268-ninos-salvados-del-aborto","status":"publish","type":"post","link":"https:\/\/catolicasmexico.com\/blog\/268-ninos-salvados-del-aborto\/","title":{"rendered":"268 ni\u00f1os salvados del aborto."},"content":{"rendered":"<p><a href=\"http:\/\/catolicasmexico.com\/blog\/wp-content\/uploads\/2014\/03\/20140331-175701.jpg\"><img src=\"http:\/\/catolicasmexico.com\/blog\/wp-content\/uploads\/2014\/03\/20140331-175701.jpg\" alt=\"20140331-175701.jpg\" class=\"alignnone size-full\"  \/> <\/a><\/p>\n<p>Esta es la buena noticia del d\u00eda! Ni el viento ni la nieve han podido detener al grupo de gente que reza frente a las cl\u00ednicas de aborto alrededor del mundo,en el vig\u00e9simo segundo d\u00eda de Cuaresma de la campa\u00f1a de 40 d\u00edas por la vida que fue lanzada el mi\u00e9rcoles de ceniza , 268 ni\u00f1os nonatos se han salvado del aborto a trav\u00e9s de la presencia silenciosa y las vigilias de oraci\u00f3n frente a 253 cl\u00ednicas de aborto en todo el mundo, gracias a los \u00abconsejeros \u00bb que ofrecen a las mam\u00e1s que est\u00e1n pensando en el aborto  soluciones concretas  para que renuncien a esta terrible decisi\u00f3n, tambi\u00e9n se debe agradecer a la gente que ayuna y ora  por las intenciones de los 40 d\u00edas por la vida (&#8230;)<br \/>\n\u00a1Alabado sea Dios!<\/p>\n","protected":false},"excerpt":{"rendered":"<p>Esta es la buena noticia del d\u00eda! Ni el viento ni la nieve han podido detener al grupo de gente que reza frente a las cl\u00ednicas de aborto alrededor del mundo,en el vig\u00e9simo segundo d\u00eda de Cuaresma de la campa\u00f1a de 40 d\u00edas por la vida que fue lanzada el mi\u00e9rcoles de ceniza , 268 [&hellip;]<\/p>\n","protected":false},"author":2,"featured_media":2789,"comment_status":"open","ping_status":"open","sticky":false,"template":"","format":"standard","meta":{"spay_email":"","jetpack_publicize_message":"","jetpack_is_tweetstorm":false},"categories":[8,9,14,26],"tags":[195,268],"aioseo_notices":[],"jetpack_featured_media_url":"https:\/\/catolicasmexico.com\/blog\/wp-content\/uploads\/2014\/03\/20140331-175701.jpg","jetpack_publicize_connections":[],"jetpack_shortlink":"https:\/\/wp.me\/p3B5XH-J0","jetpack-related-posts":[{"id":3824,"url":"https:\/\/catolicasmexico.com\/blog\/las-clinicas-de-aborto-han-solicitado-una-orden-judicial-para-silenciar-a-manifestantes-pacificos\/","url_meta":{"origin":2790,"position":0},"title":"Las Cl\u00ednicas de aborto han solicitado una orden judicial para silenciar a manifestantes pac\u00edficos.","date":"26 junio 2015","format":false,"excerpt":"Las Cl\u00ednicas de aborto de Montreal (Morgentaler, Femina y l\u2019Alternative) han solicitado una orden judicial para evitar la presencia de manifestantes pro-vida en las cercan\u00edas de sus locales. La integridad del humano no est\u00e1 protegida de la misma manera en todos los pa\u00edses. En algunos pa\u00edses, bajo el pretexto de\u2026","rel":"","context":"En \u00ab40 D\u00edas por la vida\u00bb","img":{"alt_text":"","src":"https:\/\/i1.wp.com\/catolicasmexico.com\/blog\/wp-content\/uploads\/2015\/06\/20150626-115055.jpg?resize=350%2C200&ssl=1","width":350,"height":200},"classes":[]},{"id":4055,"url":"https:\/\/catolicasmexico.com\/blog\/el-poder-de-la-oracion-celebran-la-clausura-de-un-centro-de-aborto-con-27-anos-de-existencia\/","url_meta":{"origin":2790,"position":1},"title":"\u00a1EL PODER DE LA ORACION!... Celebran la clausura de un centro de aborto con 27 a\u00f1os de existencia.","date":"26 octubre 2015","format":false,"excerpt":"Noticia de www.lifesnews.com traduccion y edici\u00f3n libre CM En Virginia una comunidad celebra una victoria esta semana; algunos pensaban que este centro de aborto que permaneci\u00f3 abierto por 27 a\u00f1os nunca iba a cerrar. Gracias a Dios los l\u00edderes locales de la vigilia de 40 d\u00edas por la vida en\u2026","rel":"","context":"En \u00ab40 D\u00edas por la vida\u00bb","img":{"alt_text":"","src":"https:\/\/i2.wp.com\/catolicasmexico.com\/blog\/wp-content\/uploads\/2015\/10\/IMG_0321.png?resize=350%2C200&ssl=1","width":350,"height":200},"classes":[]},{"id":2839,"url":"https:\/\/catolicasmexico.com\/blog\/marcha-por-la-vida-en-colombia-este-17-de-mayo\/","url_meta":{"origin":2790,"position":2},"title":"Marcha por la vida en Colombia este 17 de mayo.","date":"21 abril 2014","format":false,"excerpt":"Colombia: Anuncian Marcha por la Vida a ocho a\u00f1os de despenalizaci\u00f3n del aborto BOGOT\u00c1, 21 Abr. 14 \/ 03:40 am (ACI\/EWTN Noticias).- Las organizaciones defensoras de la vida en Colombia anunciaron para el 17 de mayo la realizaci\u00f3n de la 8 Marcha por la Vida, conmemorando los 8 a\u00f1os de\u2026","rel":"","context":"En \u00abAborto\u00bb","img":{"alt_text":"","src":"https:\/\/i1.wp.com\/catolicasmexico.com\/blog\/wp-content\/uploads\/2014\/04\/20140421-120317.jpg?resize=350%2C200&ssl=1","width":350,"height":200},"classes":[]},{"id":1883,"url":"https:\/\/catolicasmexico.com\/blog\/comunidad-hispanoamericana-los-40-dias-por-la-vida-comienzan-manana\/","url_meta":{"origin":2790,"position":3},"title":"Comunidad hispanoamericana ...\u00a1 Los 40 d\u00edas por la vida comienzan ma\u00f1ana!","date":"23 septiembre 2013","format":false,"excerpt":"Redacci\u00f3n: Alejandra Mu\u00f1oz. Reconociendo que con Dios todas las cosas son posibles, este oto\u00f1o, nuestra comunidad se est\u00e1 uniendo a cientos de otras comunidades a trav\u00e9s de todo el mundo para la movilizaci\u00f3n pro-vida m\u00e1s grande de la historia . 40 D\u00edas por la Vida es una campa\u00f1a pro-vida pac\u00edfica\u2026","rel":"","context":"En \u00ab40 D\u00edas por la vida\u00bb","img":{"alt_text":"","src":"https:\/\/i1.wp.com\/catolicasmexico.com\/blog\/wp-content\/uploads\/2013\/09\/20130923-192224.jpg?resize=350%2C200&ssl=1","width":350,"height":200},"classes":[]},{"id":2677,"url":"https:\/\/catolicasmexico.com\/blog\/las-pro-muerte-universitarias-invitan-a-perturbar-el-evento-pacifista-40-dias-por-la-vida-blasfemas-violencia-y-pic-nic-vegetariano-en-el-menu\/","url_meta":{"origin":2790,"position":4},"title":"Las pro-muerte universitarias invitan a perturbar el evento pacifista 40 d\u00edas por la vida, blasfemas, violencia y pic-nic vegetariano en el men\u00fa.","date":"7 marzo 2014","format":false,"excerpt":"Como bien es sabido el d\u00eda de ma\u00f1ana se celebrara el d\u00eda internacional de la mujer y un grupo de feministas del UQAM, ha convocado v\u00eda mail a todos los pro muerte de Montreal y sus alrededores, con el objetivo ( como cada a\u00f1o) de bloquear la vigilia de oraci\u00f3n\u2026","rel":"","context":"En \u00ab40 D\u00edas por la vida\u00bb","img":{"alt_text":"","src":"https:\/\/i2.wp.com\/catolicasmexico.com\/blog\/wp-content\/uploads\/2014\/03\/20140308-115458.jpg?resize=350%2C200&ssl=1","width":350,"height":200},"classes":[]},{"id":4046,"url":"https:\/\/catolicasmexico.com\/blog\/un-abortorio-llama-a-la-policia-por-el-disturbio-que-los-bebes-de-los-activistas-de-la-vigilia-causaban\/","url_meta":{"origin":2790,"position":5},"title":"Un abortorio llama a la polic\u00eda por el \"disturbio\" que los beb\u00e9s de los activistas de la vigilia causaban","date":"4 noviembre 2015","format":false,"excerpt":"\u00bfLa gente a menudo se pregunta si la vigilia de oraci\u00f3n deber\u00eda ser una actividad familiar \u2013 es decir, deber\u00eda usted traer a sus ni\u00f1os? Por supuesto, hay lugares donde la vigilia es en una acera estrecha delante de una carretera de alto tr\u00e1fico, por lo que siempre se debe\u2026","rel":"","context":"En \u00ab40 D\u00edas por la vida\u00bb","img":{"alt_text":"","src":"https:\/\/i1.wp.com\/catolicasmexico.com\/blog\/wp-content\/uploads\/2015\/10\/40daysforlife14.png?resize=350%2C200&ssl=1","width":350,"height":200},"classes":[]}],"jetpack_likes_enabled":false,"jetpack_sharing_enabled":true,"_links":{"self":[{"href":"https:\/\/catolicasmexico.com\/blog\/wp-json\/wp\/v2\/posts\/2790"}],"collection":[{"href":"https:\/\/catolicasmexico.com\/blog\/wp-json\/wp\/v2\/posts"}],"about":[{"href":"https:\/\/catolicasmexico.com\/blog\/wp-json\/wp\/v2\/types\/post"}],"author":[{"embeddable":true,"href":"https:\/\/catolicasmexico.com\/blog\/wp-json\/wp\/v2\/users\/2"}],"replies":[{"embeddable":true,"href":"https:\/\/catolicasmexico.com\/blog\/wp-json\/wp\/v2\/comments?post=2790"}],"version-history":[{"count":1,"href":"https:\/\/catolicasmexico.com\/blog\/wp-json\/wp\/v2\/posts\/2790\/revisions"}],"predecessor-version":[{"id":2791,"href":"https:\/\/catolicasmexico.com\/blog\/wp-json\/wp\/v2\/posts\/2790\/revisions\/2791"}],"wp:featuredmedia":[{"embeddable":true,"href":"https:\/\/catolicasmexico.com\/blog\/wp-json\/wp\/v2\/media\/2789"}],"wp:attachment":[{"href":"https:\/\/catolicasmexico.com\/blog\/wp-json\/wp\/v2\/media?parent=2790"}],"wp:term":[{"taxonomy":"category","embeddable":true,"href":"https:\/\/catolicasmexico.com\/blog\/wp-json\/wp\/v2\/categories?post=2790"},{"taxonomy":"post_tag","embeddable":true,"href":"https:\/\/catolicasmexico.com\/blog\/wp-json\/wp\/v2\/tags?post=2790"}],"curies":[{"name":"wp","href":"https:\/\/api.w.org\/{rel}","templated":true}]}}