{"id":2614,"date":"2014-02-19T10:52:15","date_gmt":"2014-02-19T16:52:15","guid":{"rendered":"http:\/\/catolicasmexico.com\/blog\/?p=2614"},"modified":"2014-02-19T10:52:17","modified_gmt":"2014-02-19T16:52:17","slug":"el-aborto-no-es-derecho-de-la-mujer-precisa-ministro-gallardon","status":"publish","type":"post","link":"https:\/\/catolicasmexico.com\/blog\/el-aborto-no-es-derecho-de-la-mujer-precisa-ministro-gallardon\/","title":{"rendered":"El Aborto no es derecho de la mujer, precisa Ministro Gallard\u00f3n"},"content":{"rendered":"<p><a href=\"http:\/\/catolicasmexico.com\/blog\/wp-content\/uploads\/2014\/02\/20140219-120041.jpg\"><img src=\"http:\/\/catolicasmexico.com\/blog\/wp-content\/uploads\/2014\/02\/20140219-120041.jpg\" alt=\"20140219-120041.jpg\" class=\"alignnone size-full\"  \/> <\/a><\/p>\n<p>MADRID, 19 Feb. 14 \/ 08:02 am (ACI\/Europa Press).- El ministro de Justicia, Alberto Ruiz Gallard\u00f3n, ha dado la raz\u00f3n al senador de la Entesa, Carlos Mart\u00ed, y ha asegurado en el Sendado, durante la sesi\u00f3n de control al Gobierno, que, efectivamente, su reforma no reconoce el aborto como un derecho de la mujer.<\/p>\n<p>\u00abUsted dice que nuestro proyecto no considera el aborto como un derecho y es verdad, y dice que eso es imponer nuestra moral. Eso es lo que hemos tenido en Espa\u00f1a vigente durante 8 a\u00f1os de Gobierno del Partido Popular y 17 de Gobierno socialista, eso es lo que ha estado vigente hasta el a\u00f1o 2009, la ley que no consideraba el aborto como un derecho sino como un il\u00edcito despenalizado\u00bb, ha explicado el ministro.<\/p>\n<p>El senador de la Entesa preguntaba al titular de Justicia si la reforma de la legislaci\u00f3n emprendida por su departamento dar\u00e1 libertad a las mujeres para decidir sobre su maternidad. \u00abNo ha contestado porque la respuesta es &#8216;no'\u00bb, ha zanjado el interpelante.<\/p>\n<p>El ministro ha asegurado, adem\u00e1s, que \u00abni el Tribunal Constitucional ni la mayor\u00eda de la sociedad espa\u00f1ola\u00bb apoya el aborto libre en los tres primeros meses y medio de gestaci\u00f3n, como hace la actual legislaci\u00f3n, al permitir el aborto libre en las primeras 14 semanas.<br \/>\n(&#8230;)<\/p>\n","protected":false},"excerpt":{"rendered":"<p>MADRID, 19 Feb. 14 \/ 08:02 am (ACI\/Europa Press).- El ministro de Justicia, Alberto Ruiz Gallard\u00f3n, ha dado la raz\u00f3n al senador de la Entesa, Carlos Mart\u00ed, y ha asegurado en el Sendado, durante la sesi\u00f3n de control al Gobierno, que, efectivamente, su reforma no reconoce el aborto como un derecho de la mujer. \u00abUsted [&hellip;]<\/p>\n","protected":false},"author":2,"featured_media":2612,"comment_status":"open","ping_status":"open","sticky":false,"template":"","format":"standard","meta":{"spay_email":"","jetpack_publicize_message":"","jetpack_is_tweetstorm":false},"categories":[9,63,70],"tags":[718,728,77],"aioseo_notices":[],"jetpack_featured_media_url":"https:\/\/catolicasmexico.com\/blog\/wp-content\/uploads\/2014\/02\/20140219-120041.jpg","jetpack_publicize_connections":[],"jetpack_shortlink":"https:\/\/wp.me\/p3B5XH-Ga","jetpack-related-posts":[{"id":875,"url":"https:\/\/catolicasmexico.com\/blog\/ayudemos-a-borrar-el-aborto-en-espana\/","url_meta":{"origin":2614,"position":0},"title":"\u00a1Ayudemos a borrar el aborto en Espa\u00f1a!","date":"17 junio 2013","format":false,"excerpt":"Mensaje de hazte Oir: Hace ya dos meses que iniciamos la campa\u00f1a \u00abBorra el aborto\u00bb para obligar al ministro Gallard\u00f3n a que, de una vez por todas, cumpliese con el compromiso de la reforma de la ley del aborto, y que la nueva ley fuese lo m\u00e1s cercana posible a\u2026","rel":"","context":"En \u00abAborto\u00bb","img":{"alt_text":"","src":"","width":0,"height":0},"classes":[]},{"id":109,"url":"https:\/\/catolicasmexico.com\/blog\/espana-pais-pionero-en-europa-en-el-camino-de-la-proteccion-de-la-vida-y-la-maternidad\/","url_meta":{"origin":2614,"position":1},"title":"ESPA\u00d1A, PA\u00cdS PIONERO EN EUROPA EN EL CAMINO DE LA PROTECCI\u00d3N DE LA VIDA Y LA MATERNIDAD","date":"29 abril 2013","format":false,"excerpt":"\u00a0 El debate del aborto ha pasado, al fin, de la calle, al estrado pol\u00edtico. El ministro de Justicia, Alberto Ru\u00edz Gallard\u00f3n ha realizado el \u00falitmo anuncio previo, - al menos eso se espera y se respira en el ambiente -, a la tramitaci\u00f3n de la esperada reforma de la\u2026","rel":"","context":"En \u00abAborto\u00bb","img":{"alt_text":"","src":"https:\/\/i0.wp.com\/catolicasmexico.com\/blog\/wp-content\/uploads\/2013\/04\/file0001539132912.jpg?resize=350%2C200&ssl=1","width":350,"height":200},"classes":[]},{"id":896,"url":"https:\/\/catolicasmexico.com\/blog\/repudian-asedio-de-promotores-del-aborto-a-catedral-de-santiago-de-compostela-promovido-por-el-psoe\/","url_meta":{"origin":2614,"position":2},"title":"Repudian asedio de promotores del aborto a Catedral de Santiago de Compostela promovido por el PSOE","date":"18 junio 2013","format":false,"excerpt":"REDACCI\u00d3N CENTRAL, 17 Jun. 13 \/ 12:42 pm (ACI\/EWTN Noticias).- Miguel Vidal, portavoz de la plataforma M\u00e1s Libres, que defiende la libertad religiosa y de expresi\u00f3n en Europa, critic\u00f3 el \"totalitarismo\" expuesto por los grupos que asediaron el 16 de junio la Catedral de Santiago de Compostela (Espa\u00f1a) defendiendo el\u2026","rel":"","context":"En \u00abEspa\u00f1a\u00bb","img":{"alt_text":"","src":"","width":0,"height":0},"classes":[]},{"id":815,"url":"https:\/\/catolicasmexico.com\/blog\/ministro-critica-que-menores-puedan-abortar-en-edad-en-que-no-pueden-comprar-alcohol\/","url_meta":{"origin":2614,"position":3},"title":"Ministro critica que menores puedan abortar en edad en que no pueden comprar alcohol","date":"12 junio 2013","format":false,"excerpt":"MADRID, 12 Jun. 13 \/ 11:42 am (ACI\/Europa Press).- El ministro de Justicia, Alberto Ru\u00edz-Gallard\u00f3n, ha preguntado a la n\u00famero dos del PSOE, Elena Valenciano, si le parece razonable que una menor, que no puede comprar alcohol o tabaco y, en muchas comunidades aut\u00f3nomas, no puede hacerse un 'piercing' o\u2026","rel":"","context":"En \u00abAborto\u00bb","img":{"alt_text":"","src":"","width":0,"height":0},"classes":[]},{"id":235,"url":"https:\/\/catolicasmexico.com\/blog\/la-polemica-esta-servida-una-mujer-crucificada-protagoniza-una-campana-socialista-contra-la-reforma-de-la-ley-del-aborto\/","url_meta":{"origin":2614,"position":4},"title":"La pol\u00e9mica est\u00e1 servida: una mujer crucificada protagoniza una campa\u00f1a socialista contra la reforma de la ley del aborto","date":"10 mayo 2013","format":false,"excerpt":"Diariocr\u00edtico\/Agencias\u00a010\/05\/2013 Xuventudes Socialistas de Galicia (XSG) ha presentado este viernes una campa\u00f1a --que se realizar\u00e1 a trav\u00e9s de las redes sociales-- contra la reforma de la Ley de Salud Sexual y Reproductiva e Interrupci\u00f3n Voluntaria del Embarazo--, que \"es una bofetada de Gallard\u00f3n a los derechos de todas las mujeres\"\u2026","rel":"","context":"En \u00abAborto\u00bb","img":{"alt_text":"","src":"https:\/\/i0.wp.com\/catolicasmexico.com\/blog\/wp-content\/uploads\/2013\/05\/237717.jpg?resize=350%2C200&ssl=1","width":350,"height":200},"classes":[]},{"id":2416,"url":"https:\/\/catolicasmexico.com\/blog\/los-provida-40-000-los-abortistas-200-exito-mediatico-espanol-de-la-marcha-por-la-vida-en-paris-rel\/","url_meta":{"origin":2614,"position":5},"title":"Los provida, 40.000; los abortistas, 200: \u00e9xito medi\u00e1tico espa\u00f1ol de la Marcha por la Vida en Par\u00eds - ReL","date":"20 enero 2014","format":false,"excerpt":"Articulo de religi\u00f3n en libertad. La Marcha por la Vida del domingo 19 de enero en Par\u00eds (la explicamos con detalle aqu\u00ed) fue la m\u00e1s numerosa desde que se volvieron a convocar estos actos en 2005, con unos 40.000 manifestantes que salieron de la plaza Denfert-Rochereau (la polic\u00eda, despu\u00e9s de\u2026","rel":"","context":"En \u00abAborto\u00bb","img":{"alt_text":"","src":"https:\/\/i0.wp.com\/catolicasmexico.com\/blog\/wp-content\/uploads\/2014\/01\/20140120-1858201.jpg?resize=350%2C200&ssl=1","width":350,"height":200},"classes":[]}],"jetpack_likes_enabled":false,"jetpack_sharing_enabled":true,"_links":{"self":[{"href":"https:\/\/catolicasmexico.com\/blog\/wp-json\/wp\/v2\/posts\/2614"}],"collection":[{"href":"https:\/\/catolicasmexico.com\/blog\/wp-json\/wp\/v2\/posts"}],"about":[{"href":"https:\/\/catolicasmexico.com\/blog\/wp-json\/wp\/v2\/types\/post"}],"author":[{"embeddable":true,"href":"https:\/\/catolicasmexico.com\/blog\/wp-json\/wp\/v2\/users\/2"}],"replies":[{"embeddable":true,"href":"https:\/\/catolicasmexico.com\/blog\/wp-json\/wp\/v2\/comments?post=2614"}],"version-history":[{"count":1,"href":"https:\/\/catolicasmexico.com\/blog\/wp-json\/wp\/v2\/posts\/2614\/revisions"}],"predecessor-version":[{"id":2615,"href":"https:\/\/catolicasmexico.com\/blog\/wp-json\/wp\/v2\/posts\/2614\/revisions\/2615"}],"wp:featuredmedia":[{"embeddable":true,"href":"https:\/\/catolicasmexico.com\/blog\/wp-json\/wp\/v2\/media\/2612"}],"wp:attachment":[{"href":"https:\/\/catolicasmexico.com\/blog\/wp-json\/wp\/v2\/media?parent=2614"}],"wp:term":[{"taxonomy":"category","embeddable":true,"href":"https:\/\/catolicasmexico.com\/blog\/wp-json\/wp\/v2\/categories?post=2614"},{"taxonomy":"post_tag","embeddable":true,"href":"https:\/\/catolicasmexico.com\/blog\/wp-json\/wp\/v2\/tags?post=2614"}],"curies":[{"name":"wp","href":"https:\/\/api.w.org\/{rel}","templated":true}]}}