{"id":2561,"date":"2014-02-10T18:09:38","date_gmt":"2014-02-11T00:09:38","guid":{"rendered":"http:\/\/catolicasmexico.com\/blog\/?p=2561"},"modified":"2014-02-10T18:16:54","modified_gmt":"2014-02-11T00:16:54","slug":"pederastia-violaciones-prostitucion-genocidio-trafico-de-drogas-y-la-mayor-corrupcion-mundial-eso-es-naciones-unidas","status":"publish","type":"post","link":"https:\/\/catolicasmexico.com\/blog\/pederastia-violaciones-prostitucion-genocidio-trafico-de-drogas-y-la-mayor-corrupcion-mundial-eso-es-naciones-unidas\/","title":{"rendered":"Pederastia, violaciones, prostituci\u00f3n, genocidio, tr\u00e1fico de drogas y la mayor corrupci\u00f3n mundial. \u00a1Eso es Naciones Unidas!"},"content":{"rendered":"<p><a href=\"http:\/\/catolicasmexico.com\/blog\/wp-content\/uploads\/2014\/02\/20140210-191532.jpg\"><img src=\"http:\/\/catolicasmexico.com\/blog\/wp-content\/uploads\/2014\/02\/20140210-191532.jpg\" alt=\"20140210-191532.jpg\" class=\"alignnone size-full\"  \/> <\/a><\/p>\n<p>No a la pederastia y las violaciones de ni\u00f1os de la ONU<br \/>\nDespues de leer el informe de la ONU sobre los supuestos abusos dentro de la iglesia, presentamos este articulo de hazteoir.org. Consideramos que la ONU deber\u00eda comenzar por hacer una limpieza a fondo y aclarar todos los casos de abuso, corrupci\u00f3n y prostituci\u00f3n que hay en esta organizaci\u00f3n antes de lanzar recomendaciones y acusaciones absurdas y sin fundamento. Si quieres firmar esta petici\u00f3n b\u00fascala en nuestro muro de Facebook o en el sitio de hazte oir.org<br \/>\nLIMPIAR LA ONU DE CORRUPTOS<\/p>\n<p>Pederastia, violaciones, prostituci\u00f3n, genocidio, tr\u00e1fico de drogas y la mayor corrupci\u00f3n mundial. \u00a1Eso es Naciones Unidas!<\/p>\n<p>La ONU fue acusada de \u201cviolar ni\u00f1os\u201d en Hait\u00ed y Liberia. Las acusaciones de violaciones, pedofilia y prostituci\u00f3n se sucedieron en 2006. Seg\u00fan la BBC, \u201cni\u00f1os en Hait\u00ed y Liberia han sido v\u00edctimas de casos de violaci\u00f3n y prostituci\u00f3n por parte de las fuerzas de paz de las Naciones Unidas que est\u00e1n en esos pa\u00edses\u201d<br \/>\n(1).Existe un video en el que miembros de la ONU violan o intentan violar a un ni\u00f1o haitiano<br \/>\n(2). \u201cLa Red Nacional de Defensa de los Derechos Humanos de Hait\u00ed afirm\u00f3 que el joven fue sodomizado dos veces, adem\u00e1s de ser golpeado\u201d.<br \/>\nLos cascos azules cometen abusos sexuales en Congo<br \/>\n(3) en 2003 Miembros de la ONU son acusados de violaciones y abusos sexuales a ni\u00f1as en Sud\u00e1n, en 2005 (4).Cuarenta alumnos del prestigioso colegio alem\u00e1n Odenwald, de la UNESCO, denuncian abusos sexuales y pr\u00e1cticas s\u00e1dicas contra los alumnos. Los profesores utilizaban a los ni\u00f1os como \u00absirvientes sexuales\u00bb durante los fines de semana.<br \/>\n(5)La agencia brit\u00e1nica Reuters denuncia<br \/>\n(6)\u201cEl abuso sexual de ni\u00f1os por trabajadores humanitarios y fuerzas de paz es com\u00fan\u201d.<br \/>\n\u201cLas acusaciones de abuso sexual por parte de fuerzas de paz de las Naciones Unidas y trabajadores humanitarios en todo el mundo han aumentado en los \u00faltimos a\u00f1os.\u201d<br \/>\n\u201cEl estudio muestra un amplio rango de explotaci\u00f3n y abuso: ni\u00f1os intercambiando sexo por comida, sexo forzado, abuso sexual verbal, prostituci\u00f3n infantil, pornograf\u00eda infantil, esclavitud sexual, ataque sexual y tr\u00e1fico de ni\u00f1os.\u201d<br \/>\n\u201cDe los 38 grupos, 20 identificaron a las fuerzas de paz de la ONU como los posibles sospechosos [de abusos sexuales]\u201d.<br \/>\nReuters recoge el testimonio de \u201cun muchacho de 14 a\u00f1os que trabaja en un campo de las fuerzas de paz en Costa de Marfil\u201d. Este ni\u00f1o dice:<\/p>\n<p>\u201cNos piden especialmente ni\u00f1as de nuestra edad. Generalmente son entre ocho y 10 hombres que comparten a dos o tres ni\u00f1as. Cuando sugiero una chica m\u00e1s grande, ellos dicen que quieren una ni\u00f1a peque\u00f1a\u201d. (7)<br \/>\nPero los delitos de Naciones Unidas no se limitan a la pederastia, las violaciones y la prostituci\u00f3n con ni\u00f1os. La ONU es tambi\u00e9n el territorio m\u00e1s corrupto del mundo. <\/p>\n<p>El programa \u201cpetr\u00f3leo por alimentos\u201d fue la tapadera para el inmenso enriquecimiento ilegal de la familia del secretario general de la ONU, Kofi Annan. Seg\u00fan las investigaciones publicadas por el periodista Eric Frattini en su libro ONU, Historia de la Corrupci\u00f3n,  \u201cel programa termin\u00f3 convirti\u00e9ndose en una org\u00eda de corrupci\u00f3n, en la que las comisiones, mordidas y sobornos estaban a la orden del d\u00eda y en la que (\u2026)  funcionarios de Naciones Unidas (\u2026) se embolsaron aut\u00e9nticas fortunas\u201d. (7)<\/p>\n<p>Los cascos azules recibieron en 1988 el premio Nobel de la Paz, dotado entonces con  dos millones de coronas noruegas. La ONU dijo que destinar\u00eda esa suma a ayudar a los familiares de cascos azules muertos. Nunca m\u00e1s se supo del dinero.<\/p>\n<p>Si Kofi Annan es recordado por el \u201ckofigate\u201d, otros secretarios generales de la ONU no se quedan atr\u00e1s. Al actual, Ban Ki-moon, se le ha relacionado siempre con la secta m\u00e1s peligrosa del mundo, seg\u00fan todos los expertos, la secta Moon.<\/p>\n<p>Otro de sus antecesores, el austr\u00edaco Kurt Waldheim, ocup\u00f3 la secretar\u00eda general a pesar de su oscuro pasado nazi. Waldheim firm\u00f3 parte de una divisi\u00f3n paramilitar del Partido Nazi antes de la guerra mundial y durante en conflicto desarroll\u00f3 una misi\u00f3n de oficial coordinador del ej\u00e9rcito nazi en Grecia. La ocupaci\u00f3n hitleriana de aquel pa\u00eds supuso una de las m\u00e1s sangrientas y se cometieron innumerables cr\u00edmenes de guerra y contra la humanidad. Waldheim fue declarado persona no grata en varios pa\u00edses.<\/p>\n<p>Sobre la ONU pende la sospecha de no haber querido evitar el genocidio de varios millones de personas en diferentes partes del globo, y la acusaci\u00f3n de que nunca investiga a fondo los cr\u00edmenes que comete, sus violaciones de ni\u00f1os en pa\u00edses del tercer mundo y tambi\u00e9n en colegios europeos, sus pr\u00e1cticas de prostituci\u00f3n, de violaciones y de corrupci\u00f3n y atropello a los derechos m\u00e1s elementales.<\/p>\n<p>Y nunca se ha escuchado a sus secretarios generales pedir perd\u00f3n por los muchos cr\u00edmenes de su organizaci\u00f3n.<\/p>\n<p>&#8212;&#8212;-<\/p>\n<p>(1) Acusaciones de pederastia en Hait\u00ed y Liberia<\/p>\n<p>(2) La BBC informa del video de una violaci\u00f3n &#8211; La Red Nacional de Defensa de los Derechos Humanos de Hait\u00ed afirm\u00f3 que el joven fue sodomizado dos veces, adem\u00e1s de ser golpeado <\/p>\n<p>(3) Abusos sexuales en Congo<\/p>\n<p>(4) Violaciones de ni\u00f1as en Sud\u00e1n<\/p>\n<p>(5) Abuso sexual en el colegio alem\u00e1n Odenwald: En La Vanguardia &#8211; En InfoCat\u00f3lica &#8211; En El Pa\u00eds &#8211; En Periodista Digital<\/p>\n<p>(6) La informaci\u00f3n de Reuters<\/p>\n<p>(7) La peligrosa corte de Annan<\/p>\n","protected":false},"excerpt":{"rendered":"<p>No a la pederastia y las violaciones de ni\u00f1os de la ONU Despues de leer el informe de la ONU sobre los supuestos abusos dentro de la iglesia, presentamos este articulo de hazteoir.org. Consideramos que la ONU deber\u00eda comenzar por hacer una limpieza a fondo y aclarar todos los casos de abuso, corrupci\u00f3n y prostituci\u00f3n [&hellip;]<\/p>\n","protected":false},"author":2,"featured_media":2560,"comment_status":"open","ping_status":"open","sticky":false,"template":"","format":"standard","meta":{"spay_email":"","jetpack_publicize_message":"","jetpack_is_tweetstorm":false},"categories":[95],"tags":[219,105],"aioseo_notices":[],"jetpack_featured_media_url":"https:\/\/catolicasmexico.com\/blog\/wp-content\/uploads\/2014\/02\/20140210-191532.jpg","jetpack_publicize_connections":[],"jetpack_shortlink":"https:\/\/wp.me\/p3B5XH-Fj","jetpack-related-posts":[{"id":4330,"url":"https:\/\/catolicasmexico.com\/blog\/la-onu-quiere-imponer-un-impuesto-a-nivel-mundial\/","url_meta":{"origin":2561,"position":0},"title":"LA ONU QUIERE IMPONER UN IMPUESTO A NIVEL MUNDIAL.","date":"29 marzo 2016","format":false,"excerpt":"Un grupo de alto nivel de Naciones Unidas acaba de publicar su informe que se dar\u00e1 a conocer en la Cumbre Mundial de ayuda humanitaria que se llevar\u00e1 a cabo en mayo en Estambul. El impuesto mundial para las Naciones Unidas fue una de sus prioridades. El impuesto mundial tambi\u00e9n\u2026","rel":"","context":"En \u00abAborto\u00bb","img":{"alt_text":"","src":"https:\/\/i2.wp.com\/catolicasmexico.com\/blog\/wp-content\/uploads\/2016\/03\/IMG_0501.jpg?resize=350%2C200&ssl=1","width":350,"height":200},"classes":[]},{"id":4217,"url":"https:\/\/catolicasmexico.com\/blog\/la-onu-prepara-un-impuesto-mundial\/","url_meta":{"origin":2561,"position":1},"title":"La ONU prepara un impuesto mundial.","date":"26 enero 2016","format":false,"excerpt":"\u00a0 \u00a0 \u00a0 \u00a0 \u00a0 \u00a0 \u00a0 \u00a0 \u00a0 LifeNews C-FAM Traducci\u00f3n libre para catolicasmexico.com 22 de enero de 2016, Susan Yoshihara de C-FAM informa que durante un panel oficial de la ONU se ha emitido su informe final y parte de sus propuestas incluyen un impuesto global que ser\u00eda\u2026","rel":"","context":"En \u00abAborto\u00bb","img":{"alt_text":"","src":"https:\/\/i1.wp.com\/catolicasmexico.com\/blog\/wp-content\/uploads\/2016\/01\/un-flag-flying-pole-blue-sky-behind-it6082.jpg?resize=350%2C200&ssl=1","width":350,"height":200},"classes":[]},{"id":2074,"url":"https:\/\/catolicasmexico.com\/blog\/ninos-huerfanos-por-el-tifon-son-victimas-de-traficantes-y-pedofilos-en-filipinas\/","url_meta":{"origin":2561,"position":2},"title":"Ni\u00f1os hu\u00e9rfanos por el tif\u00f3n son v\u00edctimas de traficantes y ped\u00f3filos en Filipinas","date":"18 noviembre 2013","format":false,"excerpt":"FILIPINAS.-(AGENCIALAVOZ) Ya se les llama \u00ablos hu\u00e9rfanos Yolanda\u00bb. Son miles de ni\u00f1os que se quedaron hu\u00e9rfanos despu\u00e9s de la tormenta que azot\u00f3 la provincia de Leyte y deambulan entre los escombros, en busca de alguien que cuide de ellos. \u00abEstos ni\u00f1os son las v\u00edctimas principales de los \u2018chacales\u2019 que los\u2026","rel":"","context":"En \u00abPedofilia\u00bb","img":{"alt_text":"","src":"","width":0,"height":0},"classes":[]},{"id":2908,"url":"https:\/\/catolicasmexico.com\/blog\/onu-apoya-iniciativa-de-ley-proabortista-necesitamos-tu-firma\/","url_meta":{"origin":2561,"position":3},"title":"ONU apoya iniciativa de ley proabortista, necesitamos tu firma.","date":"12 mayo 2014","format":false,"excerpt":"para firmar la petici\u00f3n en contra de esta iniciativa de ley,click aqui comparte a tus contactos, que sepa el gobernador de guerrero que no estamos de acuerdo con esta iniciativa de ley, ni con la agenda abortista de la ONU. articulo de yoinfuyo.com Alto Comisionado de las Naciones Unidas para\u2026","rel":"","context":"En \u00abAborto\u00bb","img":{"alt_text":"","src":"https:\/\/i2.wp.com\/catolicasmexico.com\/blog\/wp-content\/uploads\/2014\/05\/20140512-201036.jpg?resize=350%2C200&ssl=1","width":350,"height":200},"classes":[]},{"id":2030,"url":"https:\/\/catolicasmexico.com\/blog\/paises-declaran-la-no-existencia-del-derecho-al-aborto-o-a-la-homosexualidad\/","url_meta":{"origin":2561,"position":4},"title":"Pa\u00edses declaran la no existencia del derecho al aborto o a la homosexualidad","date":"6 noviembre 2013","format":false,"excerpt":"Art\u00edculo de ForumVida. Rusia, Etiop\u00eda, Polonia y otros tomaron los micr\u00f3fonos en una reuni\u00f3n (transmitida en vivo v\u00eda Internet desde la sede de la ONU) para dejar claro que el aborto y la homosexualidad no son derechos humanos internacionales. Los diplom\u00e1ticos criticaron especialmente a la oficina de derechos humanos de\u2026","rel":"","context":"En \u00abAborto\u00bb","img":{"alt_text":"","src":"https:\/\/i1.wp.com\/catolicasmexico.com\/blog\/wp-content\/uploads\/2013\/11\/20131106-180029.jpg?resize=350%2C200&ssl=1","width":350,"height":200},"classes":[]},{"id":2659,"url":"https:\/\/catolicasmexico.com\/blog\/defendamos-a-la-iglesia-catolica-de-la-comision-de-naciones-unidas-que-pide-que-cambie-su-doctrina-sobre-el-aborto\/","url_meta":{"origin":2561,"position":5},"title":"Defendamos a la Iglesia Cat\u00f3lica de la Comisi\u00f3n de Naciones Unidas que pide que cambie su doctrina sobre el aborto.","date":"4 marzo 2014","format":false,"excerpt":"Hemos recibido esta informaci\u00f3n: 03 de marzo de 2014 Queridos amigos, Estoy fuera de m\u00ed. Hoy, una Comisi\u00f3n de las Naciones Unidas orden\u00f3 a la iglesia cat\u00f3lica que permita que los ni\u00f1os tengan relaciones y que cambie su doctrina sobre la anticoncepci\u00f3n. El Comit\u00e9 tambi\u00e9n pidi\u00f3 a la iglesia que\u2026","rel":"","context":"En \u00abAborto\u00bb","img":{"alt_text":"","src":"","width":0,"height":0},"classes":[]}],"jetpack_likes_enabled":false,"jetpack_sharing_enabled":true,"_links":{"self":[{"href":"https:\/\/catolicasmexico.com\/blog\/wp-json\/wp\/v2\/posts\/2561"}],"collection":[{"href":"https:\/\/catolicasmexico.com\/blog\/wp-json\/wp\/v2\/posts"}],"about":[{"href":"https:\/\/catolicasmexico.com\/blog\/wp-json\/wp\/v2\/types\/post"}],"author":[{"embeddable":true,"href":"https:\/\/catolicasmexico.com\/blog\/wp-json\/wp\/v2\/users\/2"}],"replies":[{"embeddable":true,"href":"https:\/\/catolicasmexico.com\/blog\/wp-json\/wp\/v2\/comments?post=2561"}],"version-history":[{"count":2,"href":"https:\/\/catolicasmexico.com\/blog\/wp-json\/wp\/v2\/posts\/2561\/revisions"}],"predecessor-version":[{"id":2563,"href":"https:\/\/catolicasmexico.com\/blog\/wp-json\/wp\/v2\/posts\/2561\/revisions\/2563"}],"wp:featuredmedia":[{"embeddable":true,"href":"https:\/\/catolicasmexico.com\/blog\/wp-json\/wp\/v2\/media\/2560"}],"wp:attachment":[{"href":"https:\/\/catolicasmexico.com\/blog\/wp-json\/wp\/v2\/media?parent=2561"}],"wp:term":[{"taxonomy":"category","embeddable":true,"href":"https:\/\/catolicasmexico.com\/blog\/wp-json\/wp\/v2\/categories?post=2561"},{"taxonomy":"post_tag","embeddable":true,"href":"https:\/\/catolicasmexico.com\/blog\/wp-json\/wp\/v2\/tags?post=2561"}],"curies":[{"name":"wp","href":"https:\/\/api.w.org\/{rel}","templated":true}]}}