{"id":2301,"date":"2013-12-30T16:34:50","date_gmt":"2013-12-30T22:34:50","guid":{"rendered":"http:\/\/catolicasmexico.com\/blog\/?p=2301"},"modified":"2014-02-07T21:55:34","modified_gmt":"2014-02-08T03:55:34","slug":"novena-al-sagrado-corazon","status":"publish","type":"post","link":"https:\/\/catolicasmexico.com\/blog\/novena-al-sagrado-corazon\/","title":{"rendered":"NOVENA AL SAGRADO CORAZON"},"content":{"rendered":"<p><a href=\"http:\/\/catolicasmexico.com\/blog\/wp-content\/uploads\/2014\/01\/20140109-1331062.jpg\"><img class=\"alignnone size-full\" alt=\"20140109-133106.jpg\" src=\"http:\/\/catolicasmexico.com\/blog\/wp-content\/uploads\/2014\/01\/20140109-1331062.jpg\"  \/> <\/a><\/p>\n<p><strong>NOVENA AL SAGRADO CORAZ\u00d3N<\/strong><\/p>\n<p>Oh Se\u00f1or Jes\u00fas, a tu Sagrado Coraz\u00f3n yo conf\u00edo esta intenci\u00f3n&#8230;&#8230;&#8230;&#8230; Solo m\u00edrame, entonces has conmigo lo que tu Coraz\u00f3n indique. Deja que tu Sagrado Coraz\u00f3n decida&#8230; Yo conf\u00edo en ti&#8230; Me abandono en tu Misericordia, Se\u00f1or Jes\u00fas! Ella no me fallar\u00e1. Sagrado Coraz\u00f3n de Jes\u00fas, en ti conf\u00edo. Sagrado Coraz\u00f3n de Jes\u00fas, creo en tu amor por mi. Sagrado Coraz\u00f3n de Jes\u00fas, que venga tu Reino. Oh Sagrado Coraz\u00f3n de Jes\u00fas, te he pedido por tantos favores, pero con ansias te imploro por esta petici\u00f3n. T\u00f3mala, ponla en tu abierto y roto coraz\u00f3n, y cuando el Padre Eterno la mire, cubierta por tu Preciosa Sangre, no podr\u00e1 rehusarla. Ya no sera mas mi oraci\u00f3n, sino la tuya, Oh Jes\u00fas. Oh Sagrado Coraz\u00f3n de Jes\u00fas, pongo toda mi confianza en Ti. Nunca permitas que me confunda&#8230; Am\u00e9n<\/p>\n<p>Jes\u00fas, T\u00fa dijiste: Pidan y recibir\u00e1n, busquen y hallar\u00e1n, llamen y se les abrir\u00e1. Aqu\u00ed estoy de rodillas delante de Ti, lleno de fe viva y confianza en las promesas que hizo tu Sagrado Coraz\u00f3n a Santa Margarita Mar\u00eda. Vengo a pedirte esta gracia <em>(Mencione el favor que desea). <\/em>Amad\u00edsimo Jes\u00fas, creo firmemente que me puedes conceder la gracia que te pido, aunque sea preciso un milagro. Si T\u00fa quieres se cumplir\u00e1 mi deseo. Reconozco que soy muy indigno de tus favores, pero eso no me quita la confianza en Ti. T\u00fa eres Dios misericordioso, que no rechaza mi coraz\u00f3n contrito. Tiende sobre m\u00ed tu mirada de misericordia, te suplico, y tu bondadoso Coraz\u00f3n hallar\u00e1 en mis miserias y debilidades motivo para concederme lo que pido. Sagrado Coraz\u00f3n, cualquiera que sea tu decisi\u00f3n sobre lo que pido, nunca dejar\u00e9 de amarte, alabarte y servirte. Mu\u00e9strate propicio, Jes\u00fas, y acepta este acto de perfecta sumisi\u00f3n a los designios de tu adorable Coraz\u00f3n, designios que sinceramente deseo se cumplan en m\u00ed y en todas las criaturas por siempre.Conc\u00e9deme la gracia que te pido humildemente por intercesi\u00f3n del Inmaculado Coraz\u00f3n de tu Madre Dolorosa. Me has confiado a ella como hijo suyo y sus oraciones lo pueden todo contigo. Am\u00e9n.<\/p>\n<p>&nbsp;<\/p>\n<p><strong>EL DETENTE o SALVAGUARDIA DEL SAGRADO CORAZ\u00d3N<\/strong><strong><\/strong><\/p>\n<p>El \u00abdetente\u00bb es un peque\u00f1o emblema que se lleva sobre el pecho, con la imagen del Sagrado Coraz\u00f3n. Es propio de quien ama llevar consigo un signo de su amado, as\u00ed el \u00abdetente\u00bb es signo de nuestro amor al Sagrado Coraz\u00f3n de Jes\u00fas y de nuestra confianza en su protecci\u00f3n contra las acechanzas del maligno. Le decimos \u00abdetente\u00bb, en nombre de Jes\u00fas, al demonio y a toda maldad. Se le conoce tambi\u00e9n como el \u201cPeque\u00f1o Escapulario del Sagrado Coraz\u00f3n\u201d, aunque no es, en el sentido estricto de la palabra, un escapulario. Origen: Proviene de Santa Margarita Mar\u00eda Alacoque, como lo atestigua una carta dirigida por ella a la Madre Saumaise el 2 de Marzo de 1686 en la que le dice: \u201c\u00c9l (Jes\u00fas) desea que usted mande a hacer unas placas de cobre con la imagen de su Sagrado Coraz\u00f3n para que todos aquellos que quisieran ofrecerle un homenaje las pongan en sus casas, y unas peque\u00f1as para llevarlas puestas.\u201d (Vida y Obras, vol. II, p.306, nota). Ella misma llevaba una sobre su pecho, debajo del h\u00e1bito e invitaba a sus novicias a hacer lo mismo. Hizo muchas de estas im\u00e1genes y recomendaba que su uso era muy agradable al Sagrado Coraz\u00f3n. El detente y la plaga de Marsellas Fue especialmente en el a\u00f1o 1720, durante una terrible plaga en Marsellas, Francia (Cf. Hamon, op.cit., vol. III, p. 431) que este peque\u00f1o escapulario, o como se le llam\u00f3 \u201cSalvaguardia,\u201d se difundi\u00f3 entre todos los fieles. Este \u201cDetente\u201d consist\u00eda en un pedazo de tela blanca en la cual la imagen del Sagrado Coraz\u00f3n era bordada, con la leyenda \u201cOh Coraz\u00f3n de Jes\u00fas, abismo de amor y misericordia, en ti conf\u00edo\u201d (Las palabras: \u201cDetente, el Coraz\u00f3n de Jes\u00fas est\u00e1 aqu\u00ed\u201d corresponden a un per\u00edodo posterior. Hamon, ibid.,Nota). La forma que hoy tiene el detente fue dada por la Venerable Ana Magdalena R\u00e9muzat, a quien el Se\u00f1or le hab\u00eda dejado saber de antemano el da\u00f1o que iba a causar la plaga y tambi\u00e9n el maravilloso auxilio que la ciudad encontrar\u00eda en la devoci\u00f3n a Su Sagrado Coraz\u00f3n. Ella hizo, con la ayuda de sus hermanas en religi\u00f3n, miles de estos emblemas y los repartieron por toda la ciudad y alrededores. La historia nos relata que poco despu\u00e9s la plaga ces\u00f3. (Cf. Hamon, op. cit., vol III, p.425; Beringer, op. cit., vol I, n. 953, p. 520). Entre los regalos que el Papa Bendicto XIV, en el 1748, envi\u00f3 a la princesa Polaca Mary Lczinska con la ocasi\u00f3n de su matrimonio con el Rey de Francia Luis XV, hab\u00edan, de acuerdo a las memorias de ese tiempo, \u201cmuchos escudos del Sagrado Coraz\u00f3n hechos de taffeta roja y bordados en oro.\u201d (De Franciosi, s.j., La d\u00e9votion au Sacr\u00e9-Coeur de J\u00e9sus, p. 289). En el tiempo de la Revoluci\u00f3n Francesa se desat\u00f3 una violenta persecuci\u00f3n contra la Iglesia. Estos escapularios se tuvieron por \u201cla manifestaci\u00f3n viva del fanatismo\u201d y como evidencia de hostilidad al r\u00e9gimen revolucionario. Durante el juicio de la reina Mar\u00eda Antonieta, se produjo en su contra, como evidencia, un pedazo de papel muy fino que se encontr\u00f3 entre sus pertenencias, en el que la imagen del Sagrado Coraz\u00f3n estaba dibujada, con la llaga, la cruz y la corona de espinas, y con la leyenda: \u201cSagrado Coraz\u00f3n de Jes\u00fas, ten misericordia de nosotros.\u201d (Ibid., p. 290). El uso del detente se extendi\u00f3 grandemente, especialmente desde el 1866, durante los estragos producidos por la epidemia del c\u00f3lera de Amiens, Roubaix, Cairo y otras partes. Su influencia beneficiosa se hizo evidente. Despu\u00e9s de la guerra Franco-Alemana los \u201cSalvaguardia\u201d probaron ser en mas de una ocasi\u00f3n, un escudo que protegi\u00f3 a muchos soldados franceses de las balas enemigas. (Cf. Messager du Coeur de J\u00e9sus, vol. XIX, p. 180). Indulgencia El Papa P\u00edo IX le concedi\u00f3 en el a\u00f1o 1872, una indulgencia de 100 d\u00edas una vez al d\u00eda a todos los fieles que usaran alrededor de sus cuellos este emblema piadoso y rezaran un Padre Nuestro, Ave Mar\u00eda y Gloria. (Preces et pia opera, n. 219). En un breve de fecha 20 de Junio de 1873 encontramos la respuesta a dos preguntas en referencia al Detente: 1. Como no es un escapulario en el sentido estricto de la palabra, sino mas bien un escudo o emblema del Sagrado Coraz\u00f3n, las reglas generales para el escapulario propiamente llamado, no son aplicable a \u00e9l. As\u00ed que no necesita ni una bendici\u00f3n especial, ni una ceremonia o inscripci\u00f3n. Es suficiente con usarlo para que cuelgue en el cuello. 2. La leyenda \u201cDetente, el Coraz\u00f3n de Jes\u00fas est\u00e1 aqu\u00ed\u201d no es requerido. (Beringer, op. cit., n. 953; Preces et pia opera, n. 219.)<\/p>\n<p>&nbsp;<\/p>\n","protected":false},"excerpt":{"rendered":"<p>NOVENA AL SAGRADO CORAZ\u00d3N Oh Se\u00f1or Jes\u00fas, a tu Sagrado Coraz\u00f3n yo conf\u00edo esta intenci\u00f3n&#8230;&#8230;&#8230;&#8230; Solo m\u00edrame, entonces has conmigo lo que tu Coraz\u00f3n indique. Deja que tu Sagrado Coraz\u00f3n decida&#8230; Yo conf\u00edo en ti&#8230; Me abandono en tu Misericordia, Se\u00f1or Jes\u00fas! Ella no me fallar\u00e1. Sagrado Coraz\u00f3n de Jes\u00fas, en ti conf\u00edo. Sagrado Coraz\u00f3n [&hellip;]<\/p>\n","protected":false},"author":1,"featured_media":2346,"comment_status":"open","ping_status":"open","sticky":false,"template":"","format":"standard","meta":{"spay_email":"","jetpack_publicize_message":"","jetpack_is_tweetstorm":false},"categories":[259],"tags":[],"aioseo_notices":[],"jetpack_featured_media_url":"https:\/\/catolicasmexico.com\/blog\/wp-content\/uploads\/2014\/01\/20140109-1331062.jpg","jetpack_publicize_connections":[],"jetpack_shortlink":"https:\/\/wp.me\/p3B5XH-B7","jetpack-related-posts":[{"id":2530,"url":"https:\/\/catolicasmexico.com\/blog\/novena-del-padre-pio-al-sagrado-corazon-de-jesus\/","url_meta":{"origin":2301,"position":0},"title":"NOVENA DEL PADRE PIO AL SAGRADO CORAZ\u00d3N DE JES\u00daS","date":"7 febrero 2014","format":false,"excerpt":"Recitada diariamente por San P\u00edo de Pietrelchina por todos aquellos que le solicitaban sus oraciones 1.- Oh Jes\u00fas m\u00edo, hab\u00e9is dicho: \u201cEn verdad os digo, pedid y recibir\u00e9is; buscad y encontrar\u00e9is; llamad y se os abrir\u00e1.\u201d He aqu\u00ed que llamo busco y pido la gracia de....................... Padre Nuestro, Ave Mar\u00eda,\u2026","rel":"","context":"En \u00abNovenas\u00bb","img":{"alt_text":"","src":"","width":0,"height":0},"classes":[]},{"id":3583,"url":"https:\/\/catolicasmexico.com\/blog\/el-dia-12-a-las-12-del-dia-mexico-sera-consagrado-al-sagrado-corazon-de-jesus-y-al-inmaculado-corazon-de-maria\/","url_meta":{"origin":2301,"position":1},"title":"El d\u00eda 12 a las 12 del d\u00eda Mexico ser\u00e1 consagrado al Sagrado Coraz\u00f3n de Jes\u00fas y al inmaculado Coraz\u00f3n de Maria  .","date":"10 diciembre 2014","format":false,"excerpt":"gloria. Consagraci\u00f3n al Inmaculado Coraz\u00f3n de Mar\u00eda. Madre de Dios y Madre Nuestra, a tu Coraz\u00f3n lnmaculado nos consagramos, en acto de entrega total al Se\u00f1or. Par ti seremos llevados a Cristo y con El y par El seremos llevados al Padre. Caminaremos a Ia luz de Ia fe, \"Consagraci\u00f3n\u2026","rel":"","context":"En \u00abFe\u00bb","img":{"alt_text":"","src":"https:\/\/i2.wp.com\/catolicasmexico.com\/blog\/wp-content\/uploads\/2014\/12\/IMG_0113.jpg?resize=350%2C200&ssl=1","width":350,"height":200},"classes":[]},{"id":2297,"url":"https:\/\/catolicasmexico.com\/blog\/oracion-al-corazon-traspasado-de-jesus\/","url_meta":{"origin":2301,"position":2},"title":"Oraci\u00f3n al coraz\u00f3n traspasado de Jes\u00fas","date":"30 diciembre 2013","format":false,"excerpt":"Oh mi amad\u00edsimo y gentil Jes\u00fas, deseo con todos los afectos de mi coraz\u00f3n, que todas las criaturas te alaben, honren y glorifiquen eternamente por la sagrada llaga de Tu costado. Yo deposito y encierro en la llaga abierta de Tu Coraz\u00f3n, mi coraz\u00f3n y todos mis sentimientos, pensamientos, deseos,\u2026","rel":"","context":"En \u00abOraciones\u00bb","img":{"alt_text":"","src":"","width":0,"height":0},"classes":[]},{"id":3006,"url":"https:\/\/catolicasmexico.com\/blog\/devocion-al-sagrado-corazon-de-jesus-hoy-viernes-primero-buen-momento-para-iniciar\/","url_meta":{"origin":2301,"position":3},"title":"Devoci\u00f3n al Sagrado Coraz\u00f3n de Jes\u00fas, hoy viernes primero buen momento para iniciar.","date":"6 junio 2014","format":false,"excerpt":"Sagrado Coraz\u00f3n de Jes\u00fas, or\u00edgen y promesas La difusi\u00f3n de la devoci\u00f3n al Sagrado Coraz\u00f3n de Jes\u00fas se debe a santa Margarita de Alacoque a quien Jes\u00fas se le apareci\u00f3 con estas palabras: \"Mira este coraz\u00f3n m\u00edo, que a pesar de consumirse en amor abrasador por los hombres, no recibe\u2026","rel":"","context":"En \u00abFe\u00bb","img":{"alt_text":"","src":"https:\/\/i1.wp.com\/catolicasmexico.com\/blog\/wp-content\/uploads\/2014\/06\/20140606-122102.jpg?resize=350%2C200&ssl=1","width":350,"height":200},"classes":[]},{"id":4806,"url":"https:\/\/catolicasmexico.com\/blog\/oracion-al-sagrado-corazon-de-jesus\/","url_meta":{"origin":2301,"position":4},"title":"Oraci\u00f3n al Sagrado Coraz\u00f3n de Jes\u00fas .","date":"19 octubre 2018","format":false,"excerpt":"Oraciones para necesidades diversas por Santa Margarita Mar\u00eda. Hazme sentir oh amable Coraz\u00f3n! Vuestro soberano poder y a todos los corazones, capaces de amaros; a mis padres, a mis amigos y a todas las personas que se encomendaron a mis oraciones o que rezaron por m\u00ed y por quien tenga\u2026","rel":"","context":"En \u00abOraciones\u00bb","img":{"alt_text":"","src":"https:\/\/i2.wp.com\/catolicasmexico.com\/blog\/wp-content\/uploads\/2014\/12\/IMG_0113.jpg?resize=350%2C200&ssl=1","width":350,"height":200},"classes":[]},{"id":2303,"url":"https:\/\/catolicasmexico.com\/blog\/letanias-al-sagrado-corazon-de-jesus\/","url_meta":{"origin":2301,"position":5},"title":"LETAN\u00cdAS AL SAGRADO CORAZ\u00d3N DE JES\u00daS","date":"30 diciembre 2013","format":false,"excerpt":"Se\u00f1or, ten piedad de nosotros. Cristo, ten piedad de nosotros. Se\u00f1or, ten piedad de nosotros. Cristo, \u00f3yenos. Cristo, esc\u00fachanos. (A las siguientes invocaciones se responde: \"TEN PIEDAD DE NOSOTROS\") Dios, Padre Celestial, -... Dios Hijo, Redentor del mundo, -... Dios, Esp\u00edritu Santo, -... Sant\u00edsima Trinidad, que eres un solo Dios...-\u2026","rel":"","context":"En \u00abLetanias\u00bb","img":{"alt_text":"","src":"https:\/\/i2.wp.com\/catolicasmexico.com\/blog\/wp-content\/uploads\/2014\/01\/20140109-132708.jpg?resize=350%2C200&ssl=1","width":350,"height":200},"classes":[]}],"jetpack_likes_enabled":false,"jetpack_sharing_enabled":true,"_links":{"self":[{"href":"https:\/\/catolicasmexico.com\/blog\/wp-json\/wp\/v2\/posts\/2301"}],"collection":[{"href":"https:\/\/catolicasmexico.com\/blog\/wp-json\/wp\/v2\/posts"}],"about":[{"href":"https:\/\/catolicasmexico.com\/blog\/wp-json\/wp\/v2\/types\/post"}],"author":[{"embeddable":true,"href":"https:\/\/catolicasmexico.com\/blog\/wp-json\/wp\/v2\/users\/1"}],"replies":[{"embeddable":true,"href":"https:\/\/catolicasmexico.com\/blog\/wp-json\/wp\/v2\/comments?post=2301"}],"version-history":[{"count":5,"href":"https:\/\/catolicasmexico.com\/blog\/wp-json\/wp\/v2\/posts\/2301\/revisions"}],"predecessor-version":[{"id":2534,"href":"https:\/\/catolicasmexico.com\/blog\/wp-json\/wp\/v2\/posts\/2301\/revisions\/2534"}],"wp:featuredmedia":[{"embeddable":true,"href":"https:\/\/catolicasmexico.com\/blog\/wp-json\/wp\/v2\/media\/2346"}],"wp:attachment":[{"href":"https:\/\/catolicasmexico.com\/blog\/wp-json\/wp\/v2\/media?parent=2301"}],"wp:term":[{"taxonomy":"category","embeddable":true,"href":"https:\/\/catolicasmexico.com\/blog\/wp-json\/wp\/v2\/categories?post=2301"},{"taxonomy":"post_tag","embeddable":true,"href":"https:\/\/catolicasmexico.com\/blog\/wp-json\/wp\/v2\/tags?post=2301"}],"curies":[{"name":"wp","href":"https:\/\/api.w.org\/{rel}","templated":true}]}}