{"id":2257,"date":"2013-12-21T15:18:17","date_gmt":"2013-12-21T21:18:17","guid":{"rendered":"http:\/\/catolicasmexico.com\/blog\/?p=2257"},"modified":"2013-12-30T00:25:53","modified_gmt":"2013-12-30T06:25:53","slug":"mary-wagner-pasara-navidad-en-la-carcel-por-haber-ofrecido-ayuda-a-las-mujeres-embarazadas-que-pensaban-abortar","status":"publish","type":"post","link":"https:\/\/catolicasmexico.com\/blog\/mary-wagner-pasara-navidad-en-la-carcel-por-haber-ofrecido-ayuda-a-las-mujeres-embarazadas-que-pensaban-abortar\/","title":{"rendered":"Mary Wagner: pasar\u00e1 Navidad en la c\u00e1rcel por haber ofrecido ayuda a las mujeres embarazadas que pensaban abortar."},"content":{"rendered":"<p><a href=\"http:\/\/catolicasmexico.com\/blog\/wp-content\/uploads\/2013\/12\/20131221-164451.jpg\"><img src=\"http:\/\/catolicasmexico.com\/blog\/wp-content\/uploads\/2013\/12\/20131221-164451.jpg\" alt=\"20131221-164451.jpg\" class=\"alignnone size-full\"  \/> <\/a><\/p>\n<p>Del sitio www.cqv.cq.ca original del sitio LifeSiteNews traducci\u00f3n y edici\u00f3n libre www.catolicas mexico.com<\/p>\n<p>Mary Wagner est\u00e1 en prisi\u00f3n desde el 15 de agosto del 2012 por hablar con las mujeres que se presentaban en una cl\u00ednica de aborto cerca de Toronto.  ha sido el sexto arresto desde que comenz\u00f3 su campa\u00f1a por la vida en marzo del 2010. Desde ese momento, ella pas\u00f3 casi tres a\u00f1os tras las rejas. Marie estar\u00e1 en la c\u00e1rcel en Navidad de este a\u00f1o. Para apoyar sus esfuerzos, unos amigos han organizado una campa\u00f1a para enviarle tarjetas de Navidad y cartas . (\u2026)Llendo a la c\u00e1rcel, Marie defiende nuestro derecho de continuar con el trabajo crucial para salvar a los ni\u00f1os por nacer. Su campa\u00f1a no es algo que la mayor\u00eda de nosotros estamos llamada a realizar ya que la mayor\u00eda de nosotros no somos capaces de hacerlo debido a  nuestros compromisos familiares, pero merece todo nuestro apoyo. Es un momento dif\u00edcil del a\u00f1o para estar lejos de la familia y a\u00fan m\u00e1s dif\u00edcil es estar en la c\u00e1rcel por una causa justa. Lo menos que podemos es hacerle saber que est\u00e1 en nuestros pensamientos y en nuestras oraciones en esta \u00e9poca de Navidad.<\/p>\n<p>La direcci\u00f3n de Mar\u00eda es el siguiente: Mary Wagner, centro Vanier para mujeres PO Box 1040, 655 Martin St Milton Ontario L9T 5E6.<br \/>\nPara asegurarse que las cartas lleguen a buen puerto, por favor:<br \/>\n1. No Hacer uso tarjetas pl\u00e1sticas, medallas, sellos o pegatinas en tu tarjeta.<\/p>\n<p>2. Ponga la direcci\u00f3n del remitente en el exterior as\u00ed como en el interior del sobre.<\/p>\n<p>3. No discuta sobre el funcionamiento interno de la prisi\u00f3n.<\/p>\n<p>4. Recuerde que el correo es examinado y que el guardia leer\u00e1 todo, incluso lo que es considerado como confidencial.<\/p>\n","protected":false},"excerpt":{"rendered":"<p>Del sitio www.cqv.cq.ca original del sitio LifeSiteNews traducci\u00f3n y edici\u00f3n libre www.catolicas mexico.com Mary Wagner est\u00e1 en prisi\u00f3n desde el 15 de agosto del 2012 por hablar con las mujeres que se presentaban en una cl\u00ednica de aborto cerca de Toronto. ha sido el sexto arresto desde que comenz\u00f3 su campa\u00f1a por la vida en [&hellip;]<\/p>\n","protected":false},"author":2,"featured_media":2261,"comment_status":"open","ping_status":"open","sticky":false,"template":"","format":"standard","meta":{"spay_email":"","jetpack_publicize_message":"","jetpack_is_tweetstorm":false},"categories":[9,84,70],"tags":[59,253],"aioseo_notices":[],"jetpack_featured_media_url":"https:\/\/catolicasmexico.com\/blog\/wp-content\/uploads\/2013\/12\/20131221-164451.jpg","jetpack_publicize_connections":[],"jetpack_shortlink":"https:\/\/wp.me\/p3B5XH-Ap","jetpack-related-posts":[{"id":3766,"url":"https:\/\/catolicasmexico.com\/blog\/25-000-marchan-por-la-vida-en-el-parlamento-de-canada\/","url_meta":{"origin":2257,"position":0},"title":"25 000 marchan por la vida en el Parlamento de Canad\u00e1","date":"18 mayo 2015","format":false,"excerpt":"14 de mayo, 2015 (LifeSiteNews) - Cuarenta y seis a\u00f1os despu\u00e9s de que Canad\u00e1 legaliz\u00f3 la matanza de ni\u00f1os en el vientre, casi 25.000 personas se manifestaron en el Parlamento en Ottawa con un mensaje a los canadienses y particularmente a los miembros del parlamento: \"Que la vida gane!\" Organizado\u2026","rel":"","context":"En \u00abAborto\u00bb","img":{"alt_text":"","src":"https:\/\/i1.wp.com\/catolicasmexico.com\/blog\/wp-content\/uploads\/2015\/05\/20150518-103341.jpg?resize=350%2C200&ssl=1","width":350,"height":200},"classes":[]},{"id":3755,"url":"https:\/\/catolicasmexico.com\/blog\/diez-meses-de-prision-en-canada-por-intentar-salvar-vidas-la-ley-canadiense-permite-abortos-a-la-demanda-hasta-el-nacimiento-por-lo-tanto-la-vispera-de-su-nacimiento-un-nino-en-canada-puede-ser-as\/","url_meta":{"origin":2257,"position":1},"title":"Diez meses de prisi\u00f3n en Canad\u00e1 por intentar salvar vidas. La Ley canadiense permite abortos a la demanda hasta el nacimiento. Por lo tanto, la v\u00edspera de su nacimiento, un ni\u00f1o en Canad\u00e1 puede ser asesinado legalmente en una \"cl\u00ednica\"","date":"12 mayo 2015","format":false,"excerpt":"La canadiense Mary Wagner, quien ya hab\u00eda pasado 134 d\u00edas bajo custodia tras ser detenida ,el 23 de diciembre por introducirse en una cl\u00ednica para disuadir a las mujeres de un aborto, fue condenada el 5 de mayo por un tribunal en Toronto a 10 meses de prisi\u00f3n y le\u2026","rel":"","context":"En \u00abAborto\u00bb","img":{"alt_text":"","src":"https:\/\/i0.wp.com\/catolicasmexico.com\/blog\/wp-content\/uploads\/2015\/05\/20150512-105632.jpg?resize=350%2C200&ssl=1","width":350,"height":200},"classes":[]},{"id":766,"url":"https:\/\/catolicasmexico.com\/blog\/correspondencia-entre-una-quebequense-sorprendida-y-una-colaboradora-de-la-campana-quebec-vida\/","url_meta":{"origin":2257,"position":2},"title":"Correspondencia entre una quebequense sorprendida y una colaboradora de la Campa\u00f1a Quebec-Vida.","date":"7 junio 2013","format":false,"excerpt":"Publicado por Georges Buscemi en Campagne Qu\u00e9bec-Vie, Jueves 06\/04\/2013 - 09:40 Resumido y traducido del franc\u00e9s por Elizabeth de la Teja Bosch para www.catolicasmexico.com Comentario de Elizabeth de la teja . \"Creo que ilustra bastante bien en qu\u00e9 punto est\u00e1 la opini\u00f3n p\u00fablica en Quebec con respecto al tema del\u2026","rel":"","context":"En \u00abAborto\u00bb","img":{"alt_text":"","src":"","width":0,"height":0},"classes":[]},{"id":1867,"url":"https:\/\/catolicasmexico.com\/blog\/el-gobierno-frances-propone-procesar-a-los-sitios-web-pro-vida-que-proporcionan-ambigua-informacion-acerca-del-aborto-el-gobierno\/","url_meta":{"origin":2257,"position":3},"title":"El gobierno franc\u00e9s propone: Procesar a los sitios web pro-vida que proporcionan \u201cambigua\u201d informaci\u00f3n acerca del aborto: El gobierno","date":"20 septiembre 2013","format":false,"excerpt":"Del sitio Lifesitenews. Traducci\u00f3n y edici\u00f3n libre Monica Y.A. De www.catolicasmexico.com (Pronto seremos perseguidos por defender el derecho a la vida...) Paris, Francia, 17 de septiembre de 2013 (LifeSiteNews.com) - El gobierno franc\u00e9s deber\u00eda crear un sitio web oficial para ofrecer a las mujeres informaci\u00f3n \"correcta\" sobre el aborto, y\u2026","rel":"","context":"En \u00abAborto\u00bb","img":{"alt_text":"","src":"","width":0,"height":0},"classes":[]},{"id":1048,"url":"https:\/\/catolicasmexico.com\/blog\/sin-ninguna-duda-las-primeras-feministas-eran-provida\/","url_meta":{"origin":2257,"position":4},"title":"Sin ninguna duda las primeras feministas eran provida.","date":"4 julio 2013","format":false,"excerpt":"Del blog de LifeNews. Traducci\u00f3n Monica Y.A. de wwwcatolicasmexico.com Edici\u00f3n libre Alejandro P. de www.catolicasmexico.com \"El aborto es la m\u00e1xima explotaci\u00f3n para las mujeres.\" - Alice Paul Los objetivos del feminismo fueron el derecho a votar, la educaci\u00f3n y el divorcio. Ninguno de ellos demandaba el derecho al aborto -\u2026","rel":"","context":"En \u00abAborto\u00bb","img":{"alt_text":"","src":"","width":0,"height":0},"classes":[]},{"id":235,"url":"https:\/\/catolicasmexico.com\/blog\/la-polemica-esta-servida-una-mujer-crucificada-protagoniza-una-campana-socialista-contra-la-reforma-de-la-ley-del-aborto\/","url_meta":{"origin":2257,"position":5},"title":"La pol\u00e9mica est\u00e1 servida: una mujer crucificada protagoniza una campa\u00f1a socialista contra la reforma de la ley del aborto","date":"10 mayo 2013","format":false,"excerpt":"Diariocr\u00edtico\/Agencias\u00a010\/05\/2013 Xuventudes Socialistas de Galicia (XSG) ha presentado este viernes una campa\u00f1a --que se realizar\u00e1 a trav\u00e9s de las redes sociales-- contra la reforma de la Ley de Salud Sexual y Reproductiva e Interrupci\u00f3n Voluntaria del Embarazo--, que \"es una bofetada de Gallard\u00f3n a los derechos de todas las mujeres\"\u2026","rel":"","context":"En \u00abAborto\u00bb","img":{"alt_text":"","src":"https:\/\/i0.wp.com\/catolicasmexico.com\/blog\/wp-content\/uploads\/2013\/05\/237717.jpg?resize=350%2C200&ssl=1","width":350,"height":200},"classes":[]}],"jetpack_likes_enabled":false,"jetpack_sharing_enabled":true,"_links":{"self":[{"href":"https:\/\/catolicasmexico.com\/blog\/wp-json\/wp\/v2\/posts\/2257"}],"collection":[{"href":"https:\/\/catolicasmexico.com\/blog\/wp-json\/wp\/v2\/posts"}],"about":[{"href":"https:\/\/catolicasmexico.com\/blog\/wp-json\/wp\/v2\/types\/post"}],"author":[{"embeddable":true,"href":"https:\/\/catolicasmexico.com\/blog\/wp-json\/wp\/v2\/users\/2"}],"replies":[{"embeddable":true,"href":"https:\/\/catolicasmexico.com\/blog\/wp-json\/wp\/v2\/comments?post=2257"}],"version-history":[{"count":5,"href":"https:\/\/catolicasmexico.com\/blog\/wp-json\/wp\/v2\/posts\/2257\/revisions"}],"predecessor-version":[{"id":2274,"href":"https:\/\/catolicasmexico.com\/blog\/wp-json\/wp\/v2\/posts\/2257\/revisions\/2274"}],"wp:featuredmedia":[{"embeddable":true,"href":"https:\/\/catolicasmexico.com\/blog\/wp-json\/wp\/v2\/media\/2261"}],"wp:attachment":[{"href":"https:\/\/catolicasmexico.com\/blog\/wp-json\/wp\/v2\/media?parent=2257"}],"wp:term":[{"taxonomy":"category","embeddable":true,"href":"https:\/\/catolicasmexico.com\/blog\/wp-json\/wp\/v2\/categories?post=2257"},{"taxonomy":"post_tag","embeddable":true,"href":"https:\/\/catolicasmexico.com\/blog\/wp-json\/wp\/v2\/tags?post=2257"}],"curies":[{"name":"wp","href":"https:\/\/api.w.org\/{rel}","templated":true}]}}