{"id":1954,"date":"2013-10-07T18:05:42","date_gmt":"2013-10-07T23:05:42","guid":{"rendered":"http:\/\/catolicasmexico.com\/blog\/?p=1954"},"modified":"2013-10-07T18:05:45","modified_gmt":"2013-10-07T23:05:45","slug":"mexico-anunciamos-el-encuentro-de-vida-en-puebla","status":"publish","type":"post","link":"https:\/\/catolicasmexico.com\/blog\/mexico-anunciamos-el-encuentro-de-vida-en-puebla\/","title":{"rendered":"M\u00e9xico : Anunciamos el Encuentro de vida en Puebla."},"content":{"rendered":"<p><a href=\"http:\/\/catolicasmexico.com\/blog\/wp-content\/uploads\/2013\/10\/20131007-190832.jpg\"><img src=\"http:\/\/catolicasmexico.com\/blog\/wp-content\/uploads\/2013\/10\/20131007-190832.jpg\" alt=\"20131007-190832.jpg\" class=\"alignnone size-full\"  \/> <\/a><\/p>\n","protected":false},"excerpt":{"rendered":"","protected":false},"author":2,"featured_media":1953,"comment_status":"open","ping_status":"open","sticky":false,"template":"","format":"standard","meta":{"spay_email":"","jetpack_publicize_message":"","jetpack_is_tweetstorm":false},"categories":[25,13,14,26],"tags":[727,207],"aioseo_notices":[],"jetpack_featured_media_url":"https:\/\/catolicasmexico.com\/blog\/wp-content\/uploads\/2013\/10\/20131007-190832.jpg","jetpack_publicize_connections":[],"jetpack_shortlink":"https:\/\/wp.me\/p3B5XH-vw","jetpack-related-posts":[{"id":2881,"url":"https:\/\/catolicasmexico.com\/blog\/gran-marcha-provida-en-la-ciudad-de-puebla-mexico\/","url_meta":{"origin":1954,"position":0},"title":"Gran marcha provida en la ciudad de Puebla, Mexico.","date":"6 mayo 2014","format":false,"excerpt":"El movimiento de amor San Juan Diego de Italia, La Fundaci\u00f3n Santa Faz de Jesucristo A.C y el movimiento Maria por la vida invita a todos los cat\u00f3licos que est\u00e9n comprometidos con la vida a la marcha por la vida que se llevar\u00e1 a cabo este 17 de mayo a\u2026","rel":"","context":"En \u00abAborto\u00bb","img":{"alt_text":"","src":"https:\/\/i2.wp.com\/catolicasmexico.com\/blog\/wp-content\/uploads\/2014\/05\/20140506-102419.jpg?resize=350%2C200&ssl=1","width":350,"height":200},"classes":[]},{"id":2185,"url":"https:\/\/catolicasmexico.com\/blog\/que-mexico-viva\/","url_meta":{"origin":1954,"position":1},"title":"\u00a1Que M\u00e9xico...Viva!","date":"5 diciembre 2013","format":false,"excerpt":"Los invitamos al evento provida en la ciudad de Puebla de los Angeles.","rel":"","context":"En \u00abAborto\u00bb","img":{"alt_text":"","src":"https:\/\/i1.wp.com\/catolicasmexico.com\/blog\/wp-content\/uploads\/2013\/12\/20131205-203200.jpg?resize=350%2C200&ssl=1","width":350,"height":200},"classes":[]},{"id":2369,"url":"https:\/\/catolicasmexico.com\/blog\/nuevo-trailer-de-pro-vida-documental-sobre-la-lucha-por-la-vida-y-la-familia-en-america-central\/","url_meta":{"origin":1954,"position":2},"title":"Nuevo tr\u00e1iler del documental pro vida sobre la lucha por la vida y la familia en Am\u00e9rica Central","date":"14 enero 2014","format":false,"excerpt":"Del sitio http:\/\/www.lifesitenews.com\/ 8 De enero del 2014 (HLI) - Un tr\u00e1iler de la pel\u00edcula y varios clips de preestreno del documental pro vida producido por Human Life International: \"Centroam\u00e9rica y M\u00e9xico: lucha por la vida, la fe y la familia\" ya est\u00e1n disponibles en YouTube. La pel\u00edcula se estrena\u2026","rel":"","context":"En \u00abAborto\u00bb","img":{"alt_text":"","src":"https:\/\/i0.wp.com\/catolicasmexico.com\/blog\/wp-content\/uploads\/2014\/01\/Documentary-Mexico.png?resize=350%2C200&ssl=1","width":350,"height":200},"classes":[]},{"id":1889,"url":"https:\/\/catolicasmexico.com\/blog\/mexico-este-sabado-28-de-septiembre-gran-marcha-en-contra-del-aborto-en-puebla\/","url_meta":{"origin":1954,"position":3},"title":"M\u00e9xico: Este s\u00e1bado 28 de Septiembre Gran Marcha en contra del aborto en puebla","date":"25 septiembre 2013","format":false,"excerpt":"El pr\u00f3ximo S\u00e1bado 28 de septiembre de 2013 se llevar\u00e1 a cabo en la ciudad de Puebla, M\u00e9xico, una marcha en contra del aborto y su legalizaci\u00f3n en el Estado. Dicha marcha partir\u00e1 de cuatro puntos de la ciudad, que son: El Gallito, frente al Templo de Nuestra se\u00f1ora de\u2026","rel":"","context":"En \u00abAborto\u00bb","img":{"alt_text":"","src":"","width":0,"height":0},"classes":[]},{"id":2208,"url":"https:\/\/catolicasmexico.com\/blog\/en-puebla-que-mexico-viva\/","url_meta":{"origin":1954,"position":4},"title":"En Puebla...\u00a1Que M\u00e9xico..Viva!","date":"10 diciembre 2013","format":false,"excerpt":"Este s\u00e1bado se llevo a cabo el Festival de la vida en Puebla, agradecemos a la Arquidi\u00f3cesis de Puebla, a los Sacerdotes participantes, a la pastoral familiar, a los grupos de oraci\u00f3n ,a los coordinadores y a mucha gente de convicci\u00f3n que no se detuvo ante las adversidades y el\u2026","rel":"","context":"En \u00abAborto\u00bb","img":{"alt_text":"","src":"https:\/\/i2.wp.com\/catolicasmexico.com\/blog\/wp-content\/uploads\/2013\/12\/20131210-142515.jpg?resize=350%2C200&ssl=1","width":350,"height":200},"classes":[]},{"id":893,"url":"https:\/\/catolicasmexico.com\/blog\/anuncian-primer-congreso-de-sacerdotes-y-seminaristas-por-la-vida-en-mexico\/","url_meta":{"origin":1954,"position":5},"title":"Anuncian primer Congreso de sacerdotes y seminaristas por la vida en M\u00e9xico","date":"18 junio 2013","format":false,"excerpt":"M\u00c9XICO D.F., 17 Jun. 13 \/ 06:07 pm (ACI\/EWTN Noticias).- Con el fin de brindar a los presb\u00edteros y seminaristas herramientas en la defensa de la vida y unificar esfuerzos entre ellos y los laicos, se realizar\u00e1 en M\u00e9xico el I Congreso \u201cLa Nueva Evangelizaci\u00f3n por la vida y la\u2026","rel":"","context":"En \u00abIglesia cat\u00f3lica\u00bb","img":{"alt_text":"","src":"","width":0,"height":0},"classes":[]}],"jetpack_likes_enabled":false,"jetpack_sharing_enabled":true,"_links":{"self":[{"href":"https:\/\/catolicasmexico.com\/blog\/wp-json\/wp\/v2\/posts\/1954"}],"collection":[{"href":"https:\/\/catolicasmexico.com\/blog\/wp-json\/wp\/v2\/posts"}],"about":[{"href":"https:\/\/catolicasmexico.com\/blog\/wp-json\/wp\/v2\/types\/post"}],"author":[{"embeddable":true,"href":"https:\/\/catolicasmexico.com\/blog\/wp-json\/wp\/v2\/users\/2"}],"replies":[{"embeddable":true,"href":"https:\/\/catolicasmexico.com\/blog\/wp-json\/wp\/v2\/comments?post=1954"}],"version-history":[{"count":1,"href":"https:\/\/catolicasmexico.com\/blog\/wp-json\/wp\/v2\/posts\/1954\/revisions"}],"predecessor-version":[{"id":1955,"href":"https:\/\/catolicasmexico.com\/blog\/wp-json\/wp\/v2\/posts\/1954\/revisions\/1955"}],"wp:featuredmedia":[{"embeddable":true,"href":"https:\/\/catolicasmexico.com\/blog\/wp-json\/wp\/v2\/media\/1953"}],"wp:attachment":[{"href":"https:\/\/catolicasmexico.com\/blog\/wp-json\/wp\/v2\/media?parent=1954"}],"wp:term":[{"taxonomy":"category","embeddable":true,"href":"https:\/\/catolicasmexico.com\/blog\/wp-json\/wp\/v2\/categories?post=1954"},{"taxonomy":"post_tag","embeddable":true,"href":"https:\/\/catolicasmexico.com\/blog\/wp-json\/wp\/v2\/tags?post=1954"}],"curies":[{"name":"wp","href":"https:\/\/api.w.org\/{rel}","templated":true}]}}