{"id":1947,"date":"2013-10-06T19:11:15","date_gmt":"2013-10-07T00:11:15","guid":{"rendered":"http:\/\/catolicasmexico.com\/blog\/?p=1947"},"modified":"2013-10-07T18:11:13","modified_gmt":"2013-10-07T23:11:13","slug":"asi-es-como-nuestro-querido-papa-juan-pablo-ii-respondio-a-la-acusacion-de-su-obsesion-por-el-aborto","status":"publish","type":"post","link":"https:\/\/catolicasmexico.com\/blog\/asi-es-como-nuestro-querido-papa-juan-pablo-ii-respondio-a-la-acusacion-de-su-obsesion-por-el-aborto\/","title":{"rendered":"As\u00ed es como Nuestro Querido Papa Juan Pablo II respondi\u00f3 a la acusaci\u00f3n de su \u00abobsesi\u00f3n\u00bb por el aborto."},"content":{"rendered":"<p><a href=\"http:\/\/catolicasmexico.com\/blog\/wp-content\/uploads\/2013\/10\/20131007-191428.jpg\"><img src=\"http:\/\/catolicasmexico.com\/blog\/wp-content\/uploads\/2013\/10\/20131007-191428.jpg\" alt=\"20131007-191428.jpg\" class=\"alignnone size-full\"  \/> <\/a><\/p>\n<p>Art\u00edculo de LifeSiteNews.<br \/>\nTraduccion y edici\u00f3n libre Monica Y.A. de www.catolicasmexico.com<\/p>\n<p>En la entrevista de 1994  el Papa Juan Pablo respondi\u00f3 a la acusaci\u00f3n de estar \u201cobsesionado\u201d por el aborto. (&#8230;)<\/p>\n<p>En el cap\u00edtulo titulado La defensa de toda vida, Messori pregunt\u00f3: \u00abSu condena repetida de toda legalizaci\u00f3n del aborto se ha definido como \u201cobsesiva\u201d por ciertas facciones culturales y pol\u00edticas que sostienen que las \u201crazones humanitarias\u201d est\u00e1n de su lado &#8211; del lado que han llevado a los gobiernos a legalizar el aborto.<\/p>\n<p>El Papa Juan Pablo II respondi\u00f3:<\/p>\n<p>\u00abPara el hombre, el derecho a la vida es un derecho fundamental. sin embargo, una parte de la cultura contempor\u00e1nea ha querido negar ese derecho, convirti\u00e9ndolo en un derecho \u00abinc\u00f3modo\u00bb, que tiene que ser defendido. Pero no hay ning\u00fan otro derecho que afecta tan de cerca la existencia misma de la persona.<\/p>\n<p>El derecho a la vida significa el derecho a nacer y luego seguir viviendo hasta que uno muera de forma natural: \u00abEn toda mi vida, tengo el derecho a vivir\u00bb La cuesti\u00f3n de los ni\u00f1os concebidos y no nacidos es un problema especialmente delicado y claro. La legalizaci\u00f3n de la interrupci\u00f3n del embarazo no es otra cosa que la autorizaci\u00f3n dada a un adulto, con la aprobaci\u00f3n de una ley establecida, a tomar la vida de los ni\u00f1os a\u00fan no nacidos que son incapaces de defenderse.\u00bb<\/p>\n<p>Es dif\u00edcil imaginar una situaci\u00f3n m\u00e1s injusta, y es muy dif\u00edcil hablar de la obsesi\u00f3n de un asunto como \u00e9ste, en el que se trata de un imperativo fundamental de toda buena conciencia &#8211; la defensa del derecho a la vida de un inocente y ser humano indefenso.<\/p>\n<p>Por lo tanto, debo repetir que no acepto categ\u00f3ricamente toda acusaci\u00f3n o sospecha sobre una supuesta \u00abobsesi\u00f3n\u00bb del Papa con este tema. Se trata de un problema de gran importancia, en la que todos nosotros debemos mostrar la m\u00e1xima responsabilidad y vigilancia. No podemos permitirnos formas de permisivismo, que llevan directamente a la violaci\u00f3n de los derechos humanos, as\u00ed como a la destrucci\u00f3n completa de los valores que son fundamentales no s\u00f3lo para la vida de las personas y las familias, sino para la misma sociedad.<\/p>\n","protected":false},"excerpt":{"rendered":"<p>Art\u00edculo de LifeSiteNews. Traduccion y edici\u00f3n libre Monica Y.A. de www.catolicasmexico.com En la entrevista de 1994 el Papa Juan Pablo respondi\u00f3 a la acusaci\u00f3n de estar \u201cobsesionado\u201d por el aborto. (&#8230;) En el cap\u00edtulo titulado La defensa de toda vida, Messori pregunt\u00f3: \u00abSu condena repetida de toda legalizaci\u00f3n del aborto se ha definido como \u201cobsesiva\u201d [&hellip;]<\/p>\n","protected":false},"author":2,"featured_media":1956,"comment_status":"open","ping_status":"open","sticky":false,"template":"","format":"standard","meta":{"spay_email":"","jetpack_publicize_message":"","jetpack_is_tweetstorm":false},"categories":[9,13,197],"tags":[718,206],"aioseo_notices":[],"jetpack_featured_media_url":"https:\/\/catolicasmexico.com\/blog\/wp-content\/uploads\/2013\/10\/20131007-191428.jpg","jetpack_publicize_connections":[],"jetpack_shortlink":"https:\/\/wp.me\/p3B5XH-vp","jetpack-related-posts":[{"id":2774,"url":"https:\/\/catolicasmexico.com\/blog\/hillary-campeona-mundial-del-aborto-y-candidata-a-la-casa-blanca\/","url_meta":{"origin":1947,"position":0},"title":"Hillary, campeona mundial del aborto y candidata a la Casa Blanca","date":"24 marzo 2014","format":false,"excerpt":"21\/03\/2014> en Enormes minucias Articulo de Hispanidad por Eulogio L\u00f3pez. Ocurri\u00f3 en 1994, Conferencia Internacional sobre poblaci\u00f3n de El Cairo. Primer intento del NOM para imponer el aborto obligatorio en el mundo. Luchan el ecologista, y tambi\u00e9n abortista, vicepresidente de los Estados Unidos, Al Gore, y el Vaticano, representado por\u2026","rel":"","context":"En \u00abAborto\u00bb","img":{"alt_text":"","src":"https:\/\/i0.wp.com\/catolicasmexico.com\/blog\/wp-content\/uploads\/2014\/03\/20140324-120923.jpg?resize=350%2C200&ssl=1","width":350,"height":200},"classes":[]},{"id":402,"url":"https:\/\/catolicasmexico.com\/blog\/el-vaticano-ofrecera-conferencia-mundial-provida-y-misa-papal\/","url_meta":{"origin":1947,"position":1},"title":"El Vaticano ofrecer\u00e1 conferencia mundial provida y misa papal","date":"20 mayo 2013","format":false,"excerpt":"Por Austin Ruse ROMA, 17 de mayo (C-FAM) Los provida contuvieron el aliento el d\u00eda en el que el mundo recibi\u00f3 al nuevo Papa. No cuestionaban sus credenciales a favor de la vida, pero se preguntaban si su discurso ser\u00eda en\u00e9rgico. Pronto surgi\u00f3 una vieja cita y las inquietudes se\u2026","rel":"","context":"En \u00abAborto\u00bb","img":{"alt_text":"","src":"https:\/\/i2.wp.com\/catolicasmexico.com\/blog\/wp-content\/uploads\/2013\/05\/image-30.jpeg?resize=350%2C200&ssl=1","width":350,"height":200},"classes":[]},{"id":3360,"url":"https:\/\/catolicasmexico.com\/blog\/san-juan-pablo-ii-y-su-poema-de-amor\/","url_meta":{"origin":1947,"position":2},"title":"San Juan Pablo II y su Poema de Amor","date":"27 agosto 2014","format":false,"excerpt":"Articulo escrito por Alejandra Mu\u00f1oz. Al estar presente en una Misa por la Vida que presidio el Obispo de mi di\u00f3cesis, al finalizar tuve la oportunidad de platicar con \u00e9l, acababa de regresar de Roma donde estuvo presente en la canonizaci\u00f3n de Juan Pablo II, y al enterarme que hab\u00eda\u2026","rel":"","context":"En \u00abAborto\u00bb","img":{"alt_text":"","src":"","width":0,"height":0},"classes":[]},{"id":3336,"url":"https:\/\/catolicasmexico.com\/blog\/en-una-mano-el-rosario-y-en-la-otra\/","url_meta":{"origin":1947,"position":3},"title":"En una mano El Rosario, y en la otra\u2026","date":"16 agosto 2014","format":false,"excerpt":"Art\u00edculo de Alejandra Mu\u00f1oz. Hace unos d\u00edas en un programa norteamericano entrevistaron a Abby Jonhson, quien trabajara por 8 a\u00f1os como directora de una \u201ccl\u00ednica abortiva\u201d que pertenece a la cadena m\u00e1s lucrativa de abortos en los Estados Unidos, ella cuenta como durante todos estos a\u00f1os vivi\u00f3 convencida de que\u2026","rel":"","context":"En \u00abAborto\u00bb","img":{"alt_text":"","src":"https:\/\/i1.wp.com\/catolicasmexico.com\/blog\/wp-content\/uploads\/2014\/08\/20140816-131619.jpg?resize=350%2C200&ssl=1","width":350,"height":200},"classes":[]},{"id":2178,"url":"https:\/\/catolicasmexico.com\/blog\/quien-dice-que-el-diablo-no-existelas-feministas-pro-aborto-agreden-sexualmente-a-los-hombres-en-oracion-que-defendian-la-catedral\/","url_meta":{"origin":1947,"position":4},"title":"\u00bfQui\u00e9n dice que el diablo no existe?Las Feministas Pro-aborto agreden sexualmente a los hombres en oraci\u00f3n que defend\u00edan la catedral.","date":"5 diciembre 2013","format":false,"excerpt":"\u00a0 Del sitio www.cqv.qc.ca por Sof\u00eda V\u00e1zquez-Mellado, traducido por www.catolicasmexico.com Buenos Aires, 02 de diciembre de 2013 (LifeSiteNews.com) - extremadamente impactantes las secuencias del video filmado en la ciudad de San Juan en Argentina, que muestra una multitud de feministas, durante una reciente manifestaci\u00f3n , atacando y agrediendo sexualmente a\u2026","rel":"","context":"En \u00abAborto\u00bb","img":{"alt_text":"","src":"https:\/\/i2.wp.com\/catolicasmexico.com\/blog\/wp-content\/uploads\/2013\/12\/20131205-201311.jpg?resize=350%2C200&ssl=1","width":350,"height":200},"classes":[]},{"id":2567,"url":"https:\/\/catolicasmexico.com\/blog\/julian-cruzalta-falso-sacerdote-promotor-del-aborto-fue-desenmascarado\/","url_meta":{"origin":1947,"position":5},"title":"Juli\u00e1n Cruzalta, falso sacerdote promotor del aborto fue desenmascarado.","date":"11 febrero 2014","format":false,"excerpt":"M\u00c9XICO D.F., 31 Ene. 14 \/ 10:17 am (ACI).- Esta vez fue el turno de la Arquidi\u00f3cesis mexicana de Durango de desenmascarar al falso sacerdote, promotor del aborto y miembro del lobby gay, Juli\u00e1n Cruzalta, que hace unos d\u00edas dio una conferencia para promover la agenda anti-vida de la autodenominada\u2026","rel":"","context":"En \u00abAborto\u00bb","img":{"alt_text":"","src":"https:\/\/i0.wp.com\/catolicasmexico.com\/blog\/wp-content\/uploads\/2014\/02\/20140211-182757.jpg?resize=350%2C200&ssl=1","width":350,"height":200},"classes":[]}],"jetpack_likes_enabled":false,"jetpack_sharing_enabled":true,"_links":{"self":[{"href":"https:\/\/catolicasmexico.com\/blog\/wp-json\/wp\/v2\/posts\/1947"}],"collection":[{"href":"https:\/\/catolicasmexico.com\/blog\/wp-json\/wp\/v2\/posts"}],"about":[{"href":"https:\/\/catolicasmexico.com\/blog\/wp-json\/wp\/v2\/types\/post"}],"author":[{"embeddable":true,"href":"https:\/\/catolicasmexico.com\/blog\/wp-json\/wp\/v2\/users\/2"}],"replies":[{"embeddable":true,"href":"https:\/\/catolicasmexico.com\/blog\/wp-json\/wp\/v2\/comments?post=1947"}],"version-history":[{"count":2,"href":"https:\/\/catolicasmexico.com\/blog\/wp-json\/wp\/v2\/posts\/1947\/revisions"}],"predecessor-version":[{"id":1957,"href":"https:\/\/catolicasmexico.com\/blog\/wp-json\/wp\/v2\/posts\/1947\/revisions\/1957"}],"wp:featuredmedia":[{"embeddable":true,"href":"https:\/\/catolicasmexico.com\/blog\/wp-json\/wp\/v2\/media\/1956"}],"wp:attachment":[{"href":"https:\/\/catolicasmexico.com\/blog\/wp-json\/wp\/v2\/media?parent=1947"}],"wp:term":[{"taxonomy":"category","embeddable":true,"href":"https:\/\/catolicasmexico.com\/blog\/wp-json\/wp\/v2\/categories?post=1947"},{"taxonomy":"post_tag","embeddable":true,"href":"https:\/\/catolicasmexico.com\/blog\/wp-json\/wp\/v2\/tags?post=1947"}],"curies":[{"name":"wp","href":"https:\/\/api.w.org\/{rel}","templated":true}]}}