{"id":1945,"date":"2013-10-04T09:49:45","date_gmt":"2013-10-04T14:49:45","guid":{"rendered":"http:\/\/catolicasmexico.com\/blog\/?p=1945"},"modified":"2013-10-04T09:50:15","modified_gmt":"2013-10-04T14:50:15","slug":"espana-cidevida-pide-nuestro-apoyo-para-ayudar-a-las-mujeres-embarazadas-checalo","status":"publish","type":"post","link":"https:\/\/catolicasmexico.com\/blog\/espana-cidevida-pide-nuestro-apoyo-para-ayudar-a-las-mujeres-embarazadas-checalo\/","title":{"rendered":"Espa\u00f1a: CIDEVIDA pide nuestro apoyo para ayudar a las mujeres embarazadas.\u00a1Ch\u00e9calo!"},"content":{"rendered":"<p><a href=\"http:\/\/catolicasmexico.com\/blog\/wp-content\/uploads\/2013\/10\/20131004-105344.jpg\"><img src=\"http:\/\/catolicasmexico.com\/blog\/wp-content\/uploads\/2013\/10\/20131004-105344.jpg\" alt=\"20131004-105344.jpg\" class=\"alignnone size-full\"  \/> <\/a><\/p>\n<p>Estimado\/a defensor de la vida:<\/p>\n<p>Como probablemente conozcas, hace unos meses se inaugur\u00f3 una Casa de Acogida para madres gestantes en Gij\u00f3n (Asturias). Adjunto una carta de la Superiora. Es una estupenda realidad que como tienen plazas libres est\u00e1 a disposici\u00f3n de cualquier madre que pueda necesitarla.<\/p>\n<p>Te agradecemos de antemano la difusi\u00f3n y el apoyo que puedas prestar a esta iniciativa que va a salvar muchas vidas.<br \/>\nSi alg\u00fan d\u00eda vienes por Gij\u00f3n, no dejes de visitar la Casa de Acogida. Encontrar\u00e1s mucho amor de Dios.<\/p>\n<p>Juan Jos\u00e9 Panizo Izaguirre<br \/>\nwww.cidevida.org<\/p>\n<p>Gij\u00f3n, Octubre de 2013<br \/>\nHola:<br \/>\nHace 9 meses las Madres de los Desamparados y San Jos\u00e9 de la Monta\u00f1a hemos puesto en marcha en Gij\u00f3n una Casa de Acogida para madres gestantes. Nuestro prop\u00f3sito es ayudar a todas aquellas madres que, ante su embarazo y por carecer de recursos, necesiten que las acojan. Hoy esta necesidad es especialmente acuciante al ser una \u00e9poca donde se facilita el aborto present\u00e1ndolo como remedio, bas\u00e1ndose en el enga\u00f1o y la ignorancia.<br \/>\nSabemos que cuando se aborta no s\u00f3lo se mata un ni\u00f1o sino que, adem\u00e1s, la gran perjudicada es la mujer que lo sufre por el pesar que le queda y que, tambi\u00e9n desde esta Casa, pretendemos aliviar y ayudar a superar.<br \/>\nEn estos momentos iniciales necesitamos encontrar los recursos econ\u00f3micos necesarios que nos permitan sostener la Casa y darle continuidad. Sabemos lo dif\u00edcil que es, en una \u00e9poca de crisis como \u00e9sta, conseguir medios.<br \/>\nPor esto hoy queremos invitarle a ser socio promotor de esta Casa de Acogida Nuestra Se\u00f1ora de los Desamparados. Ostentar\u00e1n esta distinci\u00f3n de socio promotor todas aquellas personas que lo soliciten y hagan una aportaci\u00f3n econ\u00f3mica dentro de este primer a\u00f1o de funcionamiento.<br \/>\nHemos pensado que la cuota sea voluntaria, estableciendo un m\u00ednimo de 12 euros al a\u00f1o. Los socios promotores recibir\u00e1n un recordatorio del San Jos\u00e9 de la Casa de Acogida con su nombramiento. Adem\u00e1s contar\u00e1n siempre con nuestra oraci\u00f3n por cada uno y sus familias.<br \/>\nSi quiere hacerse socio promotor puede hacerlo rellenando sus datos en la ficha de socio que tiene a continuaci\u00f3n de esta carta o a trav\u00e9s de la web de la Casa, www.casadeacogidalaguia.org<br \/>\nSi la situaci\u00f3n econ\u00f3mica no le permite en estos momentos hacer una aportaci\u00f3n en dinero, no se preocupe: h\u00e1galo constar en la ficha de socio y ese requisito, de aportaci\u00f3n econ\u00f3mica, queda pospuesto para cuando pueda.<br \/>\nUna \u00faltima petici\u00f3n: haga llegar esta carta a aquellas personas que piensa pueden querer colaborar con la Casa de Acogida.<br \/>\nComo dice nuestra Fundadora La Madre Petra: \u00abEs menester obrar muy en Dios para poder hacer el bien\u00bb. Muchas gracias por su atenci\u00f3n y que Dios le bendiga.<\/p>\n<p>Madre Marissa Montoya Romero<br \/>\nMadres de los Desamparados y San Jos\u00e9 de la Monta\u00f1a<br \/>\nSuperiora Casa de Acogida<br \/>\n&#x63;&#x61;&#x73;&#x61;&#x64;&#x65;&#97;&#99;ogidag&#x75;&#x69;&#x61;&#x40;&#x68;&#x6f;&#116;&#109;ail.es<\/p>\n","protected":false},"excerpt":{"rendered":"<p>Estimado\/a defensor de la vida: Como probablemente conozcas, hace unos meses se inaugur\u00f3 una Casa de Acogida para madres gestantes en Gij\u00f3n (Asturias). Adjunto una carta de la Superiora. Es una estupenda realidad que como tienen plazas libres est\u00e1 a disposici\u00f3n de cualquier madre que pueda necesitarla. Te agradecemos de antemano la difusi\u00f3n y el [&hellip;]<\/p>\n","protected":false},"author":2,"featured_media":1944,"comment_status":"open","ping_status":"open","sticky":false,"template":"","format":"standard","meta":{"spay_email":"","jetpack_publicize_message":"","jetpack_is_tweetstorm":false},"categories":[63,14,26],"tags":[205,204,728],"aioseo_notices":[],"jetpack_featured_media_url":"https:\/\/catolicasmexico.com\/blog\/wp-content\/uploads\/2013\/10\/20131004-105344.jpg","jetpack_publicize_connections":[],"jetpack_shortlink":"https:\/\/wp.me\/p3B5XH-vn","jetpack-related-posts":[{"id":341,"url":"https:\/\/catolicasmexico.com\/blog\/hola-espana-los-felicitamos-por-tanto-apoyo-a-las-mujeres-embarazada-en-dificultad-eso-es-caridad-y-verdadera-compasion-cristiana-dios-les-bendiga\/","url_meta":{"origin":1945,"position":0},"title":"Hola Espa\u00f1a, los felicitamos, por tanto apoyo a las mujeres embarazada en dificultad, eso es caridad y verdadera compasi\u00f3n Cristiana. Dios les bendiga","date":"15 mayo 2013","format":false,"excerpt":"OBJETIVOS: \u00a0 - \u00a0Crear un clima familiar que proporcione seguridad, tranquilidad y confianza a la futura mam\u00e1 y su beb\u00e9. - \u00a0Fomentar la adquisici\u00f3n y mantenimiento de relaciones sociales positivas. - \u00a0Promover el desarrollo de la autonom\u00eda personal. - \u00a0Ayudar a las mujeres a descubrir su dimensi\u00f3n trascendente de su\u2026","rel":"","context":"En \u00abEmbarazo\u00bb","img":{"alt_text":"","src":"https:\/\/i2.wp.com\/catolicasmexico.com\/blog\/wp-content\/uploads\/2013\/05\/image-21.jpeg?resize=350%2C200&ssl=1","width":350,"height":200},"classes":[]},{"id":2662,"url":"https:\/\/catolicasmexico.com\/blog\/el-pais-publica-un-sorprendente-reportaje-sobre-la-falta-de-ayudas-a-mujeres-que-no-quieren-abortar\/","url_meta":{"origin":1945,"position":1},"title":"El Pa\u00eds publica un sorprendente reportaje sobre la falta de ayudas a mujeres que no quieren abortar","date":"6 marzo 2014","format":false,"excerpt":"Carmina Garc\u00eda-Vald\u00e9s, directora general de la fundaci\u00f3n RED MADRE. Presentamos este articulo que nos pareci\u00f3 muy interesante, en primer lugar porque fue publicado en un peri\u00f3dico de izquierda y en segundo lugar porque nos parece incre\u00edble el hecho que las madres que desean abortar reciban un sobre de informaci\u00f3n en\u2026","rel":"","context":"En \u00abAborto\u00bb","img":{"alt_text":"","src":"https:\/\/i0.wp.com\/catolicasmexico.com\/blog\/wp-content\/uploads\/2014\/03\/20140306-124919.jpg?resize=350%2C200&ssl=1","width":350,"height":200},"classes":[]},{"id":620,"url":"https:\/\/catolicasmexico.com\/blog\/tercer-aniversario-de-cidevida\/","url_meta":{"origin":1945,"position":2},"title":"Tercer aniversario de Cidevida.","date":"30 mayo 2013","format":false,"excerpt":"En oraci\u00f3n nos unimos a Cidevida, en este tercer aniversario de la creaci\u00f3n de este centro. As\u00ed mismo felicitamos a la se\u00f1ora Margarita Cabrer por su valent\u00eda, entrega y amor a la causa pro-vida en Espa\u00f1a. Dios los bendiga a todos y cada una de la apersonas que con su\u2026","rel":"","context":"En \u00abOrganismos pro-vida\u00bb","img":{"alt_text":"","src":"https:\/\/i1.wp.com\/catolicasmexico.com\/blog\/wp-content\/uploads\/2013\/05\/20130530-212000.jpg?resize=350%2C200&ssl=1","width":350,"height":200},"classes":[]},{"id":2670,"url":"https:\/\/catolicasmexico.com\/blog\/reig-pla-el-obispo-de-alcala-dice-poner-a-la-mujer-como-campeona-de-la-destruccion-de-la-vida-es-desvalorizarla\/","url_meta":{"origin":1945,"position":3},"title":"Reig Pla el obispo de Alcala dice: \u00abponer a la mujer como campeona de la destrucci\u00f3n de la vida es desvalorizarla\u00bb,","date":"7 marzo 2014","format":false,"excerpt":"Articulo de Religi\u00f3n en libertad Reig Pla recuerda que el aborto en Espa\u00f1a \u00abha causado m\u00e1s muertos que la Guerra Civil\u00bb El obispo de Alcal\u00e1 de Henares y presidente de la Subcomisi\u00f3n Episcopal de Familia y Vida, monse\u00f1or Juan Antonio Reig Pl\u00e1, asegur\u00f3 este jueves que \u00abla vida del no\u2026","rel":"","context":"En \u00abAborto\u00bb","img":{"alt_text":"","src":"https:\/\/i2.wp.com\/catolicasmexico.com\/blog\/wp-content\/uploads\/2014\/03\/20140307-134254.jpg?resize=350%2C200&ssl=1","width":350,"height":200},"classes":[]},{"id":1588,"url":"https:\/\/catolicasmexico.com\/blog\/en-hora-buena-fundacion-madrina-inaugura-nuevo-centro-de-ayuda-a-la-mujer-embarazada-en-madrid\/","url_meta":{"origin":1945,"position":4},"title":"En hora buena! Fundaci\u00f3n Madrina inaugura nuevo centro de ayuda a la mujer embarazada en Madrid.","date":"12 agosto 2013","format":false,"excerpt":"Felicitamos como siempre a los que luchan por la vida, en este caso a la Fundaci\u00f3n Madrina y a todos los que colaboran en este organismo, con su amor, su tiempo y dedicaci\u00f3n. Nos permitimos felicitar tambi\u00e9n a las empresas solidarias. Esto es verdadero amor al pr\u00f3jimo. No el aborto\u2026","rel":"","context":"En \u00abFe\u00bb","img":{"alt_text":"","src":"","width":0,"height":0},"classes":[]},{"id":2491,"url":"https:\/\/catolicasmexico.com\/blog\/el-domingo-marcha-por-la-familia-en-7-capitales-europeas\/","url_meta":{"origin":1945,"position":5},"title":"El domingo, Marcha por la Familia en 7 capitales europeas.","date":"31 enero 2014","format":false,"excerpt":"Articulo de religi\u00f3n en libertad. Como habr\u00e1n comprobado los lectores de ReL que sigan la secci\u00f3n de \"Europa\" y la de \"Vida y Familia\", los lobbies anti-familia europeos en 2013 han logrado algunas victorias nacionales (redefinir el matrimonio en Francia y en Inglaterra, por ejemplo) pero en las instituciones y\u2026","rel":"","context":"En \u00abEspa\u00f1a\u00bb","img":{"alt_text":"","src":"https:\/\/i2.wp.com\/catolicasmexico.com\/blog\/wp-content\/uploads\/2014\/01\/20140131-104126.jpg?resize=350%2C200&ssl=1","width":350,"height":200},"classes":[]}],"jetpack_likes_enabled":false,"jetpack_sharing_enabled":true,"_links":{"self":[{"href":"https:\/\/catolicasmexico.com\/blog\/wp-json\/wp\/v2\/posts\/1945"}],"collection":[{"href":"https:\/\/catolicasmexico.com\/blog\/wp-json\/wp\/v2\/posts"}],"about":[{"href":"https:\/\/catolicasmexico.com\/blog\/wp-json\/wp\/v2\/types\/post"}],"author":[{"embeddable":true,"href":"https:\/\/catolicasmexico.com\/blog\/wp-json\/wp\/v2\/users\/2"}],"replies":[{"embeddable":true,"href":"https:\/\/catolicasmexico.com\/blog\/wp-json\/wp\/v2\/comments?post=1945"}],"version-history":[{"count":1,"href":"https:\/\/catolicasmexico.com\/blog\/wp-json\/wp\/v2\/posts\/1945\/revisions"}],"predecessor-version":[{"id":1946,"href":"https:\/\/catolicasmexico.com\/blog\/wp-json\/wp\/v2\/posts\/1945\/revisions\/1946"}],"wp:featuredmedia":[{"embeddable":true,"href":"https:\/\/catolicasmexico.com\/blog\/wp-json\/wp\/v2\/media\/1944"}],"wp:attachment":[{"href":"https:\/\/catolicasmexico.com\/blog\/wp-json\/wp\/v2\/media?parent=1945"}],"wp:term":[{"taxonomy":"category","embeddable":true,"href":"https:\/\/catolicasmexico.com\/blog\/wp-json\/wp\/v2\/categories?post=1945"},{"taxonomy":"post_tag","embeddable":true,"href":"https:\/\/catolicasmexico.com\/blog\/wp-json\/wp\/v2\/tags?post=1945"}],"curies":[{"name":"wp","href":"https:\/\/api.w.org\/{rel}","templated":true}]}}