{"id":999,"date":"2013-06-28T12:29:23","date_gmt":"2013-06-28T17:29:23","guid":{"rendered":"http:\/\/catolicasmexico.com\/blog\/?p=999"},"modified":"2013-07-01T10:58:42","modified_gmt":"2013-07-01T15:58:42","slug":"pauline-marois-de-visita-en-tierra-mexicana-pero-quien-es-ella","status":"publish","type":"post","link":"http:\/\/catolicasmexico.com\/blog\/pauline-marois-de-visita-en-tierra-mexicana-pero-quien-es-ella\/","title":{"rendered":"Pauline Marois de visita en tierra mexicana pero&#8230; \u00bfQui\u00e9n es ella?"},"content":{"rendered":"<p>Esta semana est\u00e1 de visita en M\u00e9xico, la Primer Ministro de la provincia de Quebec, Canada,  Pauline Marois, esperamos que su objetivo sea solo el intercambio comercial y no la propagaci\u00f3n de la ideolog\u00eda de g\u00e9nero a la que ella adhiere firmemente (ocho millones de d\u00f3lares para transmitir en televisi\u00f3n abierta la propagaci\u00f3n de la misma ) o bien, como quitarle a los padres de familia la patria potestad y hacer  de esta una obligaci\u00f3n provincial,  s\u00ed, tambi\u00e9n en los colegios cat\u00f3licos) el curso llamado de \u00e9tica cultura religiosa, en donde mas bien, se dice que el Islam es una religi\u00f3n refinada y de paz, se alaba y se toma como hechos las creencias de todas las religiones, excepto el cristianismo del que se habla hipot\u00e9ticamente, atacando de manera directa a al religi\u00f3n cat\u00f3lica describiendo la maldad de estos en diferentes \u00e9pocas de la historia.Sin olvidar la adoraci\u00f3n a la madre tierra y a  esp\u00edritus desconocidos.<br \/>\nPero para ser sinceros lo que m\u00e1s nos preocupa, es que \u00abLa gran promotora de la eutanasia y el estado laico\u00bb le pase la receta a Pe\u00f1a Nieto y este encuentre la formula de como llenar los cofres del estado, eliminando a los no- productivos, de nuestra sociedad.<\/p>\n<p><a href=\"http:\/\/catolicasmexico.com\/blog\/wp-content\/uploads\/2013\/06\/20130628-140946.jpg\"><img src=\"http:\/\/catolicasmexico.com\/blog\/wp-content\/uploads\/2013\/06\/20130628-140946.jpg\" alt=\"20130628-140946.jpg\" class=\"alignnone size-full\"  \/> <\/a><\/p>\n","protected":false},"excerpt":{"rendered":"<p>Esta semana est\u00e1 de visita en M\u00e9xico, la Primer Ministro de la provincia de Quebec, Canada, Pauline Marois, esperamos que su objetivo sea solo el intercambio comercial y no la propagaci\u00f3n de la ideolog\u00eda de g\u00e9nero a la que ella adhiere firmemente (ocho millones de d\u00f3lares para transmitir en televisi\u00f3n abierta la propagaci\u00f3n de la [&hellip;]<\/p>\n","protected":false},"author":2,"featured_media":1003,"comment_status":"open","ping_status":"open","sticky":false,"template":"","format":"standard","meta":{"spay_email":"","jetpack_publicize_message":"","jetpack_is_tweetstorm":false},"categories":[84,57],"tags":[],"aioseo_notices":[],"jetpack_featured_media_url":"http:\/\/catolicasmexico.com\/blog\/wp-content\/uploads\/2013\/06\/20130628-140946.jpg","jetpack_publicize_connections":[],"jetpack_shortlink":"https:\/\/wp.me\/p3B5XH-g7","jetpack-related-posts":[{"id":2401,"url":"http:\/\/catolicasmexico.com\/blog\/en-quebec-canada-prohibiran-los-simbolos-religiosos-del-personal-hospitalario-escolar-y-en-los-funcionarios-publicos\/","url_meta":{"origin":999,"position":0},"title":"En Quebec, Canada prohibir\u00e1n los s\u00edmbolos religiosos del personal hospitalario, escolar y en los funcionarios p\u00fablicos.","date":"17 enero 2014","format":false,"excerpt":"Del sitio www.cqv.cq.ca articulo escrito por Paul Andr\u00e9 Deschesnes traducci\u00f3n y edici\u00f3n libre y comentarios entre par\u00e9ntesis para fines de comprensi\u00f3n del articulo www.catolicas mexico.com (En Quebec se prepara una serie de leyes llamada \"la carta de valores de Quebec\"que tiene como fin acabar con los s\u00edmbolos religiosos personales, los\u2026","rel":"","context":"En \u00abCanada.\u00bb","img":{"alt_text":"","src":"https:\/\/i0.wp.com\/catolicasmexico.com\/blog\/wp-content\/uploads\/2014\/01\/20140120-185155.jpg?resize=350%2C200","width":350,"height":200},"classes":[]},{"id":2565,"url":"http:\/\/catolicasmexico.com\/blog\/unete-a-la-jornada-de-ayuno-y-de-oracion-por-quebec\/","url_meta":{"origin":999,"position":1},"title":"\u00a1Unete a la jornada de ayuno y de oraci\u00f3n por Quebec!","date":"10 febrero 2014","format":false,"excerpt":"Monse\u00f1or Lepine hizo un llamado a la oraci\u00f3n y al ayuno para evitar la adopci\u00f3n de la ley que permite la eutanasia. Este 11 de febrero d\u00eda de la Virgen de Lourdes y d\u00eda mundial de los enfermos un\u00e1monos por medio de la oraci\u00f3n y el ayuno con todos aquellos\u2026","rel":"","context":"En \u00abCanada.\u00bb","img":{"alt_text":"","src":"https:\/\/i2.wp.com\/catolicasmexico.com\/blog\/wp-content\/uploads\/2014\/02\/20140210-194830.jpg?resize=350%2C200","width":350,"height":200},"classes":[]},{"id":1050,"url":"http:\/\/catolicasmexico.com\/blog\/el-primer-ministro-de-ontario-kathleen-wynne-considera-la-propuesta-de-eutanasia-de-quebec\/","url_meta":{"origin":999,"position":2},"title":"El Primer Ministro de Ontario, Kathleen Wynne, considera la propuesta de eutanasia de Quebec","date":"3 julio 2013","format":false,"excerpt":"Del blog de Alex Schadenberg. Traducci\u00f3n y redacci\u00f3n Alejandro P. de www.catolicasmexico.com Kathleen Wynne, Primer Ministro liberal de Ontario, parece considerar propuestas similares a las que Quebec hizo la semana pasada cuando present\u00f3 el proyecto de ley 52, para legalizar la eutanasia en la provincia. \"Necesitamos tener una charla sobre\u2026","rel":"","context":"En \u00abCanada.\u00bb","img":{"alt_text":"","src":"https:\/\/i2.wp.com\/catolicasmexico.com\/blog\/wp-content\/uploads\/2015\/07\/image.jpeg?resize=350%2C200","width":350,"height":200},"classes":[]},{"id":2693,"url":"http:\/\/catolicasmexico.com\/blog\/carta-de-una-inmigrante\/","url_meta":{"origin":999,"position":3},"title":"Carta de una inmigrante","date":"10 marzo 2014","format":false,"excerpt":"Soy mexicana y vivo en Canad\u00e1, Quiero compartir con todos Ustedes, la historia de una muchacha de origen ruso, que se encuentra embarazada de su novio de origen mexicano, la llamaremos Natalia, para conservar su anonimato. Natalia le dijo de su embarazo a su patrona, su patrona le dijo a\u2026","rel":"","context":"En \u00abTestimonio\u00bb","img":{"alt_text":"","src":"https:\/\/i0.wp.com\/catolicasmexico.com\/blog\/wp-content\/uploads\/2014\/03\/20140312-2223321.jpg?resize=350%2C200","width":350,"height":200},"classes":[]},{"id":554,"url":"http:\/\/catolicasmexico.com\/blog\/salva-nuestra-patria-y-conserva-nuestra-fe\/","url_meta":{"origin":999,"position":4},"title":"Salva nuestra patria y conserva nuestra f\u00e9","date":"27 mayo 2013","format":false,"excerpt":"Carta de una inmigrante. Soy mexicana y vivo en Canad\u00e1, Quiero compartir con todos Ustedes, la historia de una muchacha de origen ruso, que se encuentra embarazada de su novio de origen mexicano, la llamaremos Natalia, para conservar su anonimato. Natalia le dijo de su embarazo a su patrona, su\u2026","rel":"","context":"En \u00abAborto\u00bb","img":{"alt_text":"","src":"https:\/\/i2.wp.com\/catolicasmexico.com\/blog\/wp-content\/uploads\/2013\/04\/238-Guadalupe-e1371956309646.jpg?resize=350%2C200","width":350,"height":200},"classes":[]},{"id":757,"url":"http:\/\/catolicasmexico.com\/blog\/el-ave-maria-de-un-nino-testimonio\/","url_meta":{"origin":999,"position":5},"title":"El Ave Mar\u00eda de un ni\u00f1o.  (Testimonio)","date":"6 junio 2013","format":false,"excerpt":"Origina Revista en franc\u00e9s Vers Demain Traducci\u00f3n y redacci\u00f3n libre P.G. No hay que olvidar este s\u00e1bado se celebra la FIESTA DEL INMACULADO CORAZ\u00d3N DE MAR\u00cdA. Un ni\u00f1o protestante de 6 a\u00f1os de edad, escuchaba a sus campa\u00f1eritos cat\u00f3licos rezar el \"Ave Maria\". Le gustaba tanto, que se aprendi\u00f3 de\u2026","rel":"","context":"En \u00abFamilia\u00bb","img":{"alt_text":"","src":"","width":0,"height":0},"classes":[]}],"jetpack_likes_enabled":false,"jetpack_sharing_enabled":true,"_links":{"self":[{"href":"http:\/\/catolicasmexico.com\/blog\/wp-json\/wp\/v2\/posts\/999"}],"collection":[{"href":"http:\/\/catolicasmexico.com\/blog\/wp-json\/wp\/v2\/posts"}],"about":[{"href":"http:\/\/catolicasmexico.com\/blog\/wp-json\/wp\/v2\/types\/post"}],"author":[{"embeddable":true,"href":"http:\/\/catolicasmexico.com\/blog\/wp-json\/wp\/v2\/users\/2"}],"replies":[{"embeddable":true,"href":"http:\/\/catolicasmexico.com\/blog\/wp-json\/wp\/v2\/comments?post=999"}],"version-history":[{"count":4,"href":"http:\/\/catolicasmexico.com\/blog\/wp-json\/wp\/v2\/posts\/999\/revisions"}],"predecessor-version":[{"id":1027,"href":"http:\/\/catolicasmexico.com\/blog\/wp-json\/wp\/v2\/posts\/999\/revisions\/1027"}],"wp:featuredmedia":[{"embeddable":true,"href":"http:\/\/catolicasmexico.com\/blog\/wp-json\/wp\/v2\/media\/1003"}],"wp:attachment":[{"href":"http:\/\/catolicasmexico.com\/blog\/wp-json\/wp\/v2\/media?parent=999"}],"wp:term":[{"taxonomy":"category","embeddable":true,"href":"http:\/\/catolicasmexico.com\/blog\/wp-json\/wp\/v2\/categories?post=999"},{"taxonomy":"post_tag","embeddable":true,"href":"http:\/\/catolicasmexico.com\/blog\/wp-json\/wp\/v2\/tags?post=999"}],"curies":[{"name":"wp","href":"https:\/\/api.w.org\/{rel}","templated":true}]}}