{"id":997,"date":"2013-06-28T09:45:22","date_gmt":"2013-06-28T14:45:22","guid":{"rendered":"http:\/\/catolicasmexico.com\/blog\/?p=997"},"modified":"2013-06-28T12:32:29","modified_gmt":"2013-06-28T17:32:29","slug":"pedimos-sus-oraciones-por-un-valiente-sacerdote","status":"publish","type":"post","link":"http:\/\/catolicasmexico.com\/blog\/pedimos-sus-oraciones-por-un-valiente-sacerdote\/","title":{"rendered":"Pedimos sus oraciones por un valiente sacerdote."},"content":{"rendered":"<p><a href=\"http:\/\/catolicasmexico.com\/blog\/wp-content\/uploads\/2013\/06\/20130628-104534.jpg\"><img src=\"http:\/\/catolicasmexico.com\/blog\/wp-content\/uploads\/2013\/06\/20130628-104534.jpg\" alt=\"20130628-104534.jpg\" class=\"alignnone size-full\"  \/> <\/a><\/p>\n<p>Pedimos sus oraciones, comuniones y sacrificios, por un sacerdote de la Di\u00f3cesis de Montreal, Canada.<br \/>\nEste domingo, El Padre R.B. ( no revelamos su nombre para protegerlo) se atrevi\u00f3 a predicar la verdad del evangelio, afirmando que si bien deb\u00edamos amar a nuestro pr\u00f3jimo y al pecador, deb\u00edamos condenar el pecado y no quedarnos callados, ante las acciones y las leyes que ofenden a Nuestro Se\u00f1or. Dijo, que si amabamos verdaderamente, denunciar\u00edamos el pecado, para as\u00ed conducir a nuestros hermanos al cielo. Conden\u00f3 la homosexualidad, recordando que hay que amar al pecador, sabi\u00e9ndonos tambi\u00e9n pecadores.<br \/>\nEl lunes, en su homil\u00eda, el sacerdote, nos habl\u00f3 de un mail que recibi\u00f3 en el que se le acusa de hacer \u00abun appel \u00e0 la haine \u00ab: incitaci\u00f3n al odio.<br \/>\nNo sabiendo las consecuencias de este mail y hasta donde llegar\u00e1 esta persona (sabiendo que la iglesia, sufre persecuci\u00f3n en general y en esta provincia espec\u00edficamente) pedimos su ayuda espiritual, para que Dios, en su infinito poder le de las fuerzas necesarias y la sabidur\u00eda, ante este hecho.<br \/>\nGracias.<\/p>\n","protected":false},"excerpt":{"rendered":"<p>Pedimos sus oraciones, comuniones y sacrificios, por un sacerdote de la Di\u00f3cesis de Montreal, Canada. Este domingo, El Padre R.B. ( no revelamos su nombre para protegerlo) se atrevi\u00f3 a predicar la verdad del evangelio, afirmando que si bien deb\u00edamos amar a nuestro pr\u00f3jimo y al pecador, deb\u00edamos condenar el pecado y no quedarnos callados, [&hellip;]<\/p>\n","protected":false},"author":2,"featured_media":996,"comment_status":"open","ping_status":"open","sticky":false,"template":"","format":"standard","meta":{"spay_email":"","jetpack_publicize_message":"","jetpack_is_tweetstorm":false},"categories":[25,13,19],"tags":[],"aioseo_notices":[],"jetpack_featured_media_url":"http:\/\/catolicasmexico.com\/blog\/wp-content\/uploads\/2013\/06\/20130628-104534.jpg","jetpack_publicize_connections":[],"jetpack_shortlink":"https:\/\/wp.me\/p3B5XH-g5","jetpack-related-posts":[{"id":2409,"url":"http:\/\/catolicasmexico.com\/blog\/un-sacerdote-se-ve-obligado-a-oficiar-la-misa-con-chaleco-antibalas-ya-han-planeado-su-asesinato\/","url_meta":{"origin":997,"position":0},"title":"Un sacerdote se ve obligado a oficiar la Misa con chaleco antibalas: ya han planeado su asesinato","date":"20 enero 2014","format":false,"excerpt":"Por favor, pedimos oraciones por este Sacerdote y por todo nuestro pa\u00eds. Art\u00edculo de Religi\u00f3n en libertad- ReL Frente a la terrible situaci\u00f3n de violencia que se vive en Apatzig\u00e1n, estado de Michoac\u00e1n (M\u00e9xico) y ante las diversas amenazas del crimen organizado contra el clero, el padre Gregorio L\u00f3pez, de\u2026","rel":"","context":"En \u00abIglesia cat\u00f3lica\u00bb","img":{"alt_text":"","src":"https:\/\/i1.wp.com\/catolicasmexico.com\/blog\/wp-content\/uploads\/2014\/01\/20140120-183213.jpg?resize=350%2C200","width":350,"height":200},"classes":[]},{"id":2781,"url":"http:\/\/catolicasmexico.com\/blog\/ayaviri-peru-se-marcha-por-la-vida\/","url_meta":{"origin":997,"position":1},"title":"Ayaviri Per\u00fa se marcha por la Vida.","date":"28 marzo 2014","format":false,"excerpt":"El P. Coquelet dijo para ACI Prensa que \u201csalimos en procesi\u00f3n con nuestros cantos y oraciones para dar gracias a Dios por el gran regalo que es nuestra vida y tambi\u00e9n para pedir por los ni\u00f1os que han sido asesinados en los vientres de sus madres, para que Dios perdone\u2026","rel":"","context":"En \u00abAborto\u00bb","img":{"alt_text":"","src":"https:\/\/i2.wp.com\/catolicasmexico.com\/blog\/wp-content\/uploads\/2014\/03\/20140328-1435141.jpg?resize=350%2C200","width":350,"height":200},"classes":[]},{"id":4501,"url":"http:\/\/catolicasmexico.com\/blog\/un-sacerdote-fue-acusado-de-agresion-por-defender-la-santa-eucaristia-durante-una-misa-tradicional\/","url_meta":{"origin":997,"position":2},"title":"Un sacerdote fue acusado de agresi\u00f3n por Defender la Santa Eucarist\u00eda durante una misa tradicional.","date":"2 mayo 2017","format":false,"excerpt":"Los hechos fueron reportados por hermanos cat\u00f3licos de Brasil en la ciudad de Niteroi cerca de la ciudad de R\u00edo de Janeiro. Durante la \u00faltima misa del mi\u00e9rcoles de cenizas, celebrada por el padre Anderson Batista da Silva, entr\u00f3 un hombre y empez\u00f3 a quejarse del rito, de los cantos\u2026","rel":"","context":"En \u00abataques contra la Iglesia Catolica\u00bb","img":{"alt_text":"","src":"https:\/\/i0.wp.com\/catolicasmexico.com\/blog\/wp-content\/uploads\/2017\/05\/brazil_report_002.jpg?resize=350%2C200","width":350,"height":200},"classes":[]},{"id":528,"url":"http:\/\/catolicasmexico.com\/blog\/piden-retomar-los-valores-para-evitar-mas-violencia-familiar-en-mexico\/","url_meta":{"origin":997,"position":3},"title":"Piden retomar los valores para evitar m\u00e1s violencia familiar en M\u00e9xico","date":"27 mayo 2013","format":false,"excerpt":"El vocero de la Di\u00f3cesis de Quer\u00e9taro (M\u00e9xico), P. Sa\u00fal Ragoitia Vega, llam\u00f3 a las autoridades y a la sociedad en general a retomar los valores para as\u00ed combatir la violencia dentro de la familia, que est\u00e1 sufriendo un deterioro como consecuencia de la cultura de la muerte. El vocero\u2026","rel":"","context":"En \u00abFamilia\u00bb","img":{"alt_text":"","src":"https:\/\/i0.wp.com\/catolicasmexico.com\/blog\/wp-content\/uploads\/2013\/05\/image-102.jpeg?resize=350%2C200","width":350,"height":200},"classes":[]},{"id":3619,"url":"http:\/\/catolicasmexico.com\/blog\/santo-via-crucis-segun-las-meditaciones-de-san-alfonso-de-ligorio-indulgencia-plenaria-siguiendo-las-estaciones-en-una-iglesia-con-las-condiciones-habituales\/","url_meta":{"origin":997,"position":4},"title":"Santo Via Crucis seg\u00fan las meditaciones de san Alfonso de Ligorio. Indulgencia plenaria \u00a0siguiendo las estaciones en una Iglesia, con las condiciones habituales.*","date":"26 febrero 2015","format":false,"excerpt":"Al comienzo de cada estaci\u00f3n se dice lo siguiente, besando de forma facultativa el suelo como forma de humildad y de amor.Te adoramas y te bendecimos Se\u00f1orPorque por tu Santa Cruz redimiste al mundo y a m\u00ed pecador. Am\u00e9nPrimera estaci\u00f3n.Nuestro Se\u00f1or Jes\u00fas es condenado a muerte.\u00a0Consideremos c\u00f3mo despu\u00e9s de haber\u2026","rel":"","context":"En \u00abFe\u00bb","img":{"alt_text":"","src":"https:\/\/i1.wp.com\/catolicasmexico.com\/blog\/wp-content\/uploads\/2015\/02\/20150227-084824.jpg?resize=350%2C200","width":350,"height":200},"classes":[]},{"id":2784,"url":"http:\/\/catolicasmexico.com\/blog\/la-beata-laura-vicuna-y-el-cardenal-kasper-por-christopher-fleming\/","url_meta":{"origin":997,"position":5},"title":"La Beata Laura Vicu\u00f1a y el Cardenal Kasper \u2013 Por Christopher Fleming","date":"28 marzo 2014","format":false,"excerpt":"Del sitio Nacionalismo Cat\u00f3lico San Juan Bautista El jueves 6 marzo tuve la dicha de asistir a la presentaci\u00f3n en Murcia del libro Al Cielo con Calcetines Cortos de Javier Paredes. El libro es la \u201csecuela\u201d de otro, titulado Santos de Pantal\u00f3n Corto. En este librito (se lee en un\u2026","rel":"","context":"En \u00abFamilia\u00bb","img":{"alt_text":"","src":"","width":0,"height":0},"classes":[]}],"jetpack_likes_enabled":false,"jetpack_sharing_enabled":true,"_links":{"self":[{"href":"http:\/\/catolicasmexico.com\/blog\/wp-json\/wp\/v2\/posts\/997"}],"collection":[{"href":"http:\/\/catolicasmexico.com\/blog\/wp-json\/wp\/v2\/posts"}],"about":[{"href":"http:\/\/catolicasmexico.com\/blog\/wp-json\/wp\/v2\/types\/post"}],"author":[{"embeddable":true,"href":"http:\/\/catolicasmexico.com\/blog\/wp-json\/wp\/v2\/users\/2"}],"replies":[{"embeddable":true,"href":"http:\/\/catolicasmexico.com\/blog\/wp-json\/wp\/v2\/comments?post=997"}],"version-history":[{"count":2,"href":"http:\/\/catolicasmexico.com\/blog\/wp-json\/wp\/v2\/posts\/997\/revisions"}],"predecessor-version":[{"id":1001,"href":"http:\/\/catolicasmexico.com\/blog\/wp-json\/wp\/v2\/posts\/997\/revisions\/1001"}],"wp:featuredmedia":[{"embeddable":true,"href":"http:\/\/catolicasmexico.com\/blog\/wp-json\/wp\/v2\/media\/996"}],"wp:attachment":[{"href":"http:\/\/catolicasmexico.com\/blog\/wp-json\/wp\/v2\/media?parent=997"}],"wp:term":[{"taxonomy":"category","embeddable":true,"href":"http:\/\/catolicasmexico.com\/blog\/wp-json\/wp\/v2\/categories?post=997"},{"taxonomy":"post_tag","embeddable":true,"href":"http:\/\/catolicasmexico.com\/blog\/wp-json\/wp\/v2\/tags?post=997"}],"curies":[{"name":"wp","href":"https:\/\/api.w.org\/{rel}","templated":true}]}}