{"id":994,"date":"2013-06-28T09:15:51","date_gmt":"2013-06-28T14:15:51","guid":{"rendered":"http:\/\/catolicasmexico.com\/blog\/?p=994"},"modified":"2013-06-28T09:15:51","modified_gmt":"2013-06-28T14:15:51","slug":"recordatorio-de-la-peregrinacion-a-la-basilica-de-guadalupe","status":"publish","type":"post","link":"http:\/\/catolicasmexico.com\/blog\/recordatorio-de-la-peregrinacion-a-la-basilica-de-guadalupe\/","title":{"rendered":"Recordatorio de la peregrinaci\u00f3n a la Bas\u00edlica de Guadalupe."},"content":{"rendered":"<p>CONFIRMAMOS LA PEREGRINACI\u00d3N SER\u00c1 ENCABEZADA POR POCO M\u00c1S DE 180 RELIQUIAS DE SANTOS Y BEATOS.<\/p>\n<p>Informaci\u00f3n: www.uniondevoluntades.org.mex<br \/>\nNos vemos el S\u00e1bado 29 de Junio a las 11:00 hrs. en la Ex-Glorieta de Peralvillo de ah\u00ed partiremos todos juntos hacia el Tepeyac donde la Virgen de Guadalupe nos espera. La Misa la oficiar\u00e1 el Cardenal Norberto Rivera a las 14:00 hrs. \u00a1 Te esperamos !<\/p>\n<p><a href=\"http:\/\/catolicasmexico.com\/blog\/wp-content\/uploads\/2013\/06\/20130628-101503.jpg\"><img src=\"http:\/\/catolicasmexico.com\/blog\/wp-content\/uploads\/2013\/06\/20130628-101503.jpg\" alt=\"20130628-101503.jpg\" class=\"alignnone size-full\"  \/> <\/a><\/p>\n<p><a href=\"http:\/\/catolicasmexico.com\/blog\/wp-content\/uploads\/2013\/06\/20130628-101528.jpg\"><img src=\"http:\/\/catolicasmexico.com\/blog\/wp-content\/uploads\/2013\/06\/20130628-101528.jpg\" alt=\"20130628-101528.jpg\" class=\"alignnone size-full\"  \/> <\/a><\/p>\n<p><a href=\"http:\/\/catolicasmexico.com\/blog\/wp-content\/uploads\/2013\/06\/20130628-101547.jpg\"><img src=\"http:\/\/catolicasmexico.com\/blog\/wp-content\/uploads\/2013\/06\/20130628-101547.jpg\" alt=\"20130628-101547.jpg\" class=\"alignnone size-full\"  \/> <\/a><\/p>\n<p><a href=\"http:\/\/catolicasmexico.com\/blog\/wp-content\/uploads\/2013\/06\/20130628-085655.jpg\"><img src=\"http:\/\/catolicasmexico.com\/blog\/wp-content\/uploads\/2013\/06\/20130628-085655.jpg\" alt=\"20130628-085655.jpg\" class=\"alignnone size-full\"  \/> <\/a><\/p>\n","protected":false},"excerpt":{"rendered":"<p>CONFIRMAMOS LA PEREGRINACI\u00d3N SER\u00c1 ENCABEZADA POR POCO M\u00c1S DE 180 RELIQUIAS DE SANTOS Y BEATOS. Informaci\u00f3n: www.uniondevoluntades.org.mex Nos vemos el S\u00e1bado 29 de Junio a las 11:00 hrs. en la Ex-Glorieta de Peralvillo de ah\u00ed partiremos todos juntos hacia el Tepeyac donde la Virgen de Guadalupe nos espera. La Misa la oficiar\u00e1 el Cardenal Norberto [&hellip;]<\/p>\n","protected":false},"author":2,"featured_media":991,"comment_status":"open","ping_status":"open","sticky":false,"template":"","format":"standard","meta":{"spay_email":"","jetpack_publicize_message":"","jetpack_is_tweetstorm":false},"categories":[15,25,13],"tags":[],"aioseo_notices":[],"jetpack_featured_media_url":"http:\/\/catolicasmexico.com\/blog\/wp-content\/uploads\/2013\/06\/20130628-101503.jpg","jetpack_publicize_connections":[],"jetpack_shortlink":"https:\/\/wp.me\/p3B5XH-g2","jetpack-related-posts":[{"id":1073,"url":"http:\/\/catolicasmexico.com\/blog\/las-fotos-de-la-peregrinacion-a-la-basilica-de-nuestra-senora-de-guadalupe\/","url_meta":{"origin":994,"position":0},"title":"Las fotos de la peregrinaci\u00f3n a la Bas\u00edlica de Nuestra Se\u00f1ora de Guadalupe.","date":"4 julio 2013","format":false,"excerpt":"Las fotos fueron fueron compartidas por los organizadores del evento \"Union de voluntades\". Agradecemos, profundamente el poder constatar la fe de un pueblo profundamente cat\u00f3lico. Nos llena de orgullo, el hecho de ver que los ni\u00f1os participan entusiastas a la peregrinaci\u00f3n, felicitamos a aquellos padres que han sabido sembrar en\u2026","rel":"","context":"En \u00abFe\u00bb","img":{"alt_text":"","src":"","width":0,"height":0},"classes":[]},{"id":853,"url":"http:\/\/catolicasmexico.com\/blog\/peregrinacion-por-la-fe-la-unidad-y-la-esperanza-de-la-iglesia\/","url_meta":{"origin":994,"position":1},"title":"Peregrinaci\u00f3n  por la Fe, la Unidad y la Esperanza de la iglesia","date":"15 junio 2013","format":false,"excerpt":"Informaci\u00f3n del sitio de www.forumvida.org S\u00e1bado 29 de Junio del 2013. Bas\u00edlica de Guadalupe. La salida es a las 11:00 en la Ex-Glorieta de Peralvillo. Habr\u00e1 m\u00e1s de 150 reliquias de Santos y Beatos.","rel":"","context":"En \u00abFe\u00bb","img":{"alt_text":"","src":"","width":0,"height":0},"classes":[]},{"id":2753,"url":"http:\/\/catolicasmexico.com\/blog\/la-imagen-de-la-virgen-de-czestochowa-visito-los-40-dias-por-la-vida\/","url_meta":{"origin":994,"position":2},"title":"La imagen de la virgen de Czestochowa, visit\u00f3 los 40 d\u00edas por la vida.","date":"19 marzo 2014","format":false,"excerpt":"Desde el mes de mayo de 2012, la imagen de Nuestra Se\u00f1ora, viaj\u00f3 desde Czestochowa y de Bielorrusia, as\u00ed, la Virgen Mar\u00eda comenz\u00f3 una peregrinaci\u00f3n desde el oc\u00e9ano Pac\u00edfico hasta el oc\u00e9ano Atl\u00e1ntico a trav\u00e9s de todos los pa\u00edses europeos y de cada ciudad hasta llegar al Santuario de nuestra\u2026","rel":"","context":"En \u00abFe\u00bb","img":{"alt_text":"","src":"https:\/\/i0.wp.com\/catolicasmexico.com\/blog\/wp-content\/uploads\/2014\/03\/20140319-120545.jpg?resize=350%2C200","width":350,"height":200},"classes":[]},{"id":3984,"url":"http:\/\/catolicasmexico.com\/blog\/doctor-que-practicaba-abortos-comenzo-su-conversion-cuando-en-el-santuario-de-la-santisima-virgen-de-guadalupe-oyo-una-voz-que-le-decia-porque-me-haces-dano\/","url_meta":{"origin":994,"position":3},"title":"Doctor que practicaba abortos comenz\u00f3 su conversi\u00f3n cuando en el Santuario de la Sant\u00edsima Virgen de Guadalupe oy\u00f3 una voz que le dec\u00eda : \"\u00bfporqu\u00e9 me haces da\u00f1o?\"","date":"27 agosto 2015","format":false,"excerpt":"Deb\u00ed presionar el bot\u00f3n para llamar al equipo de Neonatolog\u00eda para ayudar a revivir al beb\u00e9. El Dr. Palmer entr\u00f3 y me mir\u00f3 fijamente a los ojos dici\u00e9ndome: \"deje de darme tumores. \" Yo abort\u00e9 al beb\u00e9, era demasiado grande, demasiado desarrollado, \u00c9l estaba respirando. \u00bb Por Nancy Flanders de\u2026","rel":"","context":"En \u00abAborto\u00bb","img":{"alt_text":"","src":"https:\/\/i0.wp.com\/catolicasmexico.com\/blog\/wp-content\/uploads\/2015\/08\/IMG_2925.jpg?resize=350%2C200","width":350,"height":200},"classes":[]},{"id":2217,"url":"http:\/\/catolicasmexico.com\/blog\/hoy-la-iglesia-celebra-a-la-virgen-de-guadalupe-patrona-de-america\/","url_meta":{"origin":994,"position":4},"title":"Hoy la Iglesia celebra a la Virgen de Guadalupe, Patrona de Am\u00e9rica","date":"12 diciembre 2013","format":false,"excerpt":"LIMA, 12 Dic. 13 \/ 12:04 am (ACI).- Hoy 12 de diciembre fieles en el mundo entero festejan a Nuestra Se\u00f1ora de Guadalupe, Patrona de M\u00e9xico y Emperatriz de Am\u00e9rica, y en el marco de esta fecha el Papa Francisco se\u00f1al\u00f3 que la aparici\u00f3n de la Madre de Dios en\u2026","rel":"","context":"En \u00abFe\u00bb","img":{"alt_text":"","src":"","width":0,"height":0},"classes":[]},{"id":3695,"url":"http:\/\/catolicasmexico.com\/blog\/gloria-a-dios-viva-cristo-rey-viva-la-santisima-virgen-de-guadalupe-2-centros-de-exterminio-prenatal-fueron-cerrados\/","url_meta":{"origin":994,"position":5},"title":"\u00a1Gloria a Dios, Viva Cristo Rey, Viva la Sant\u00edsima Virgen de Guadalupe! 2 centros de exterminio prenatal fueron cerrados.\u00a0","date":"13 abril 2015","format":false,"excerpt":"En el sitio de 40 days for life internacional se puede leer : noticia de \u00faltimo minuto dos de las tres cl\u00ednicas de aborto en la regi\u00f3n metropolitana de m\u00e9xico city acaban de cerrar.Una de las cl\u00ednicas era l\u00edder en la rep\u00fablica Marie stopes en la colonia roma. La cl\u00ednica\u2026","rel":"","context":"En \u00ab40 D\u00edas por la vida\u00bb","img":{"alt_text":"","src":"https:\/\/i0.wp.com\/catolicasmexico.com\/blog\/wp-content\/uploads\/2015\/04\/IMG_0238.jpg?resize=350%2C200","width":350,"height":200},"classes":[]}],"jetpack_likes_enabled":false,"jetpack_sharing_enabled":true,"_links":{"self":[{"href":"http:\/\/catolicasmexico.com\/blog\/wp-json\/wp\/v2\/posts\/994"}],"collection":[{"href":"http:\/\/catolicasmexico.com\/blog\/wp-json\/wp\/v2\/posts"}],"about":[{"href":"http:\/\/catolicasmexico.com\/blog\/wp-json\/wp\/v2\/types\/post"}],"author":[{"embeddable":true,"href":"http:\/\/catolicasmexico.com\/blog\/wp-json\/wp\/v2\/users\/2"}],"replies":[{"embeddable":true,"href":"http:\/\/catolicasmexico.com\/blog\/wp-json\/wp\/v2\/comments?post=994"}],"version-history":[{"count":1,"href":"http:\/\/catolicasmexico.com\/blog\/wp-json\/wp\/v2\/posts\/994\/revisions"}],"predecessor-version":[{"id":995,"href":"http:\/\/catolicasmexico.com\/blog\/wp-json\/wp\/v2\/posts\/994\/revisions\/995"}],"wp:featuredmedia":[{"embeddable":true,"href":"http:\/\/catolicasmexico.com\/blog\/wp-json\/wp\/v2\/media\/991"}],"wp:attachment":[{"href":"http:\/\/catolicasmexico.com\/blog\/wp-json\/wp\/v2\/media?parent=994"}],"wp:term":[{"taxonomy":"category","embeddable":true,"href":"http:\/\/catolicasmexico.com\/blog\/wp-json\/wp\/v2\/categories?post=994"},{"taxonomy":"post_tag","embeddable":true,"href":"http:\/\/catolicasmexico.com\/blog\/wp-json\/wp\/v2\/tags?post=994"}],"curies":[{"name":"wp","href":"https:\/\/api.w.org\/{rel}","templated":true}]}}