{"id":987,"date":"2013-06-28T07:32:23","date_gmt":"2013-06-28T12:32:23","guid":{"rendered":"http:\/\/catolicasmexico.com\/blog\/?p=987"},"modified":"2013-06-28T12:39:55","modified_gmt":"2013-06-28T17:39:55","slug":"el-gobernador-de-texas-rick-perry-convoca-a-una-sesion-extraordinaria-para-restringir-el-aborto","status":"publish","type":"post","link":"http:\/\/catolicasmexico.com\/blog\/el-gobernador-de-texas-rick-perry-convoca-a-una-sesion-extraordinaria-para-restringir-el-aborto\/","title":{"rendered":"El gobernador de Texas Rick Perry, convoca a una sesi\u00f3n extraordinaria para restringir el aborto."},"content":{"rendered":"<p><a href=\"http:\/\/catolicasmexico.com\/blog\/wp-content\/uploads\/2013\/06\/20130628-083404.jpg\"><img src=\"http:\/\/catolicasmexico.com\/blog\/wp-content\/uploads\/2013\/06\/20130628-083404.jpg\" alt=\"20130628-083404.jpg\" class=\"alignnone size-full\"  \/> <\/a><\/p>\n<p>Del sitio www.qcv.qc.ca<br \/>\nTraducci\u00f3n y edici\u00f3n www.catolicasmexico.com<br \/>\nWendy Davis, la senadora dem\u00f3crata por el estado de Texas, que pronunci\u00f3 un discurso de 13 horas este martes por la noche, para evitar la adopci\u00f3n de un proyecto de ley para restringir considerablemente el acceso al aborto en Texas, se convirti\u00f3 r\u00e1pidamente en una estrella pol\u00edtica. Pero la lucha est\u00e1 lejos de terminar.<br \/>\n(&#8230;)<br \/>\nEl gobernador republicano de Texas, Rick Perry, convoc\u00f3 a los senadores para otra sesi\u00f3n extraordinaria este 1 de julio para que se pueda adoptar la legislaci\u00f3n.<\/p>\n<p>El Sr. Perry puede solicitar tantas sesiones extraordinarias de 30 d\u00edas, como \u00e9l quiera. (&#8230;)<\/p>\n","protected":false},"excerpt":{"rendered":"<p>Del sitio www.qcv.qc.ca Traducci\u00f3n y edici\u00f3n www.catolicasmexico.com Wendy Davis, la senadora dem\u00f3crata por el estado de Texas, que pronunci\u00f3 un discurso de 13 horas este martes por la noche, para evitar la adopci\u00f3n de un proyecto de ley para restringir considerablemente el acceso al aborto en Texas, se convirti\u00f3 r\u00e1pidamente en una estrella pol\u00edtica. Pero [&hellip;]<\/p>\n","protected":false},"author":2,"featured_media":986,"comment_status":"open","ping_status":"open","sticky":false,"template":"","format":"standard","meta":{"spay_email":"","jetpack_publicize_message":"","jetpack_is_tweetstorm":false},"categories":[9,72,70],"tags":[],"aioseo_notices":[],"jetpack_featured_media_url":"http:\/\/catolicasmexico.com\/blog\/wp-content\/uploads\/2013\/06\/20130628-083404.jpg","jetpack_publicize_connections":[],"jetpack_shortlink":"https:\/\/wp.me\/p3B5XH-fV","jetpack-related-posts":[{"id":1283,"url":"http:\/\/catolicasmexico.com\/blog\/el-gobernador-de-texas-no-teme-que-la-ley-que-restringe-el-aborto-sea-declarada-inconstitucional\/","url_meta":{"origin":987,"position":0},"title":"El gobernador de Texas no teme que la ley que restringe el aborto sea declarada inconstitucional","date":"15 julio 2013","format":false,"excerpt":"EN CASO CONTRARIO, \u00abNO LA HUBI\u00c9RAMOS APROBADO\u00bb El gobernador de Texas no teme que la ley que restringe el aborto sea declarada inconstitucional El gobernador de Texas, Rick Perry, dijo el s\u00e1bado que la ley sobre el aborto que espera por su firma es constitucional y podr\u00e1 hacer frente a\u2026","rel":"","context":"En \u00abAborto\u00bb","img":{"alt_text":"","src":"","width":0,"height":0},"classes":[]},{"id":1278,"url":"http:\/\/catolicasmexico.com\/blog\/texas-limita-el-aborto-radio-canada-lamenta-el-progreso-de-estas-leyes-en-todas-partes-de-los-estados-unidos\/","url_meta":{"origin":987,"position":1},"title":"Texas limita el aborto, Radio-Canada lamenta el progreso de estas leyes  en todas partes de los Estados Unidos","date":"15 julio 2013","format":false,"excerpt":"Del blog www.qcv.qc.ca del sitio Radio-Canada del 13 de julio de 2013. Traducci\u00f3n y edici\u00f3n libre www.catolicasmexico.com El Senado de Texas aprob\u00f3 el s\u00e1bado uno de los proyectos de ley m\u00e1s restrictivos de los Estados Unidos en materia de aborto. El texto proh\u00edbe abortos despu\u00e9s de 20 semanas de embarazo,\u2026","rel":"","context":"En \u00abAborto\u00bb","img":{"alt_text":"","src":"","width":0,"height":0},"classes":[]},{"id":1334,"url":"http:\/\/catolicasmexico.com\/blog\/dios-sea-alabado-se-promulgo-la-ley-que-restringe-el-aborto-en-texas\/","url_meta":{"origin":987,"position":2},"title":"\u00a1Dios sea alabado!.. Se promulg\u00f3 la ley que restringe el aborto en Texas","date":"18 julio 2013","format":false,"excerpt":"Del blog www.cqv.cq.ca texto original journal La Presse du 18 juillet 2013 Traducci\u00f3n y edici\u00f3n libre www.catolicasmexico.com El gobernador de Texas, Rick Perry, emiti\u00f3 el jueves una ley que restringe la pr\u00e1ctica del aborto, esto podr\u00eda conducir al cierre de la mayor\u00eda de las cl\u00ednicas de aborto. Mas de 100\u2026","rel":"","context":"En \u00abAborto\u00bb","img":{"alt_text":"","src":"","width":0,"height":0},"classes":[]},{"id":2070,"url":"http:\/\/catolicasmexico.com\/blog\/texas-prohibe-el-aborto-a-partir-de-20-semanas-de-gestacion\/","url_meta":{"origin":987,"position":3},"title":"Texas  prohibe el aborto a partir de 20 semanas de gestaci\u00f3n.","date":"15 noviembre 2013","format":false,"excerpt":"EE.UU.-(AGENCIALAVOZ)Desde el pasado 1 de noviembre entro en vigencia la nueva ley que restringe el aborto en el estado de Texas. La legislaci\u00f3n declara ilegal practicar abortos en el estado a partir de la semana 20 del embarazo, porque considera que entonces el feto ya puede sufrir dolor, ordena que\u2026","rel":"","context":"En \u00abAborto\u00bb","img":{"alt_text":"","src":"https:\/\/i1.wp.com\/catolicasmexico.com\/blog\/wp-content\/uploads\/2013\/11\/20131115-121216.jpg?resize=350%2C200","width":350,"height":200},"classes":[]},{"id":1255,"url":"http:\/\/catolicasmexico.com\/blog\/texas-esta-por-adoptar-una-legislacion-que-restringe-el-aborto\/","url_meta":{"origin":987,"position":4},"title":"Texas est\u00e1 por adoptar una legislaci\u00f3n que restringe el aborto.","date":"12 julio 2013","format":false,"excerpt":"En el sitio de Journal La Presse del 10 de julio. Traducci\u00f3n libre www.catolicasmexico.com La c\u00e1mara de representantes de Texas ha adoptado nuevas restricciones sobre el aborto, este mi\u00e9rcoles, en el segundo per\u00edodo extraordinario de sesiones. Hace poco menos de dos semanas, los republicanos en el Senado no pudieron completar\u2026","rel":"","context":"En \u00abAborto\u00bb","img":{"alt_text":"","src":"https:\/\/i2.wp.com\/catolicasmexico.com\/blog\/wp-content\/uploads\/2013\/07\/20130712-115613.jpg?resize=350%2C200","width":350,"height":200},"classes":[]},{"id":1746,"url":"http:\/\/catolicasmexico.com\/blog\/rusia-quiere-nuevas-leyes-para-restringir-al-aborto\/","url_meta":{"origin":987,"position":5},"title":"Rusia quiere  nuevas leyes para restringir al aborto.","date":"4 septiembre 2013","format":false,"excerpt":"Del sitio www.cqv.cq.ca original del sitio de la voz de Rusia. 03 de septiembre de 2013. Traducci\u00f3n y edici\u00f3n libre www.catolicasmexico.com La l\u00edder del Comit\u00e9 de la Duma Estatal de la familia prepara las enmiendas para endurecer la ley sobre el aborto. La elegida propone regular el procedimiento del aborto,\u2026","rel":"","context":"En \u00abAborto\u00bb","img":{"alt_text":"","src":"","width":0,"height":0},"classes":[]}],"jetpack_likes_enabled":false,"jetpack_sharing_enabled":true,"_links":{"self":[{"href":"http:\/\/catolicasmexico.com\/blog\/wp-json\/wp\/v2\/posts\/987"}],"collection":[{"href":"http:\/\/catolicasmexico.com\/blog\/wp-json\/wp\/v2\/posts"}],"about":[{"href":"http:\/\/catolicasmexico.com\/blog\/wp-json\/wp\/v2\/types\/post"}],"author":[{"embeddable":true,"href":"http:\/\/catolicasmexico.com\/blog\/wp-json\/wp\/v2\/users\/2"}],"replies":[{"embeddable":true,"href":"http:\/\/catolicasmexico.com\/blog\/wp-json\/wp\/v2\/comments?post=987"}],"version-history":[{"count":3,"href":"http:\/\/catolicasmexico.com\/blog\/wp-json\/wp\/v2\/posts\/987\/revisions"}],"predecessor-version":[{"id":1002,"href":"http:\/\/catolicasmexico.com\/blog\/wp-json\/wp\/v2\/posts\/987\/revisions\/1002"}],"wp:featuredmedia":[{"embeddable":true,"href":"http:\/\/catolicasmexico.com\/blog\/wp-json\/wp\/v2\/media\/986"}],"wp:attachment":[{"href":"http:\/\/catolicasmexico.com\/blog\/wp-json\/wp\/v2\/media?parent=987"}],"wp:term":[{"taxonomy":"category","embeddable":true,"href":"http:\/\/catolicasmexico.com\/blog\/wp-json\/wp\/v2\/categories?post=987"},{"taxonomy":"post_tag","embeddable":true,"href":"http:\/\/catolicasmexico.com\/blog\/wp-json\/wp\/v2\/tags?post=987"}],"curies":[{"name":"wp","href":"https:\/\/api.w.org\/{rel}","templated":true}]}}