{"id":974,"date":"2013-06-26T18:07:30","date_gmt":"2013-06-26T23:07:30","guid":{"rendered":"http:\/\/catolicasmexico.com\/blog\/?p=974"},"modified":"2013-06-27T10:52:43","modified_gmt":"2013-06-27T15:52:43","slug":"lo-ultimo-ninos-trasgenero","status":"publish","type":"post","link":"http:\/\/catolicasmexico.com\/blog\/lo-ultimo-ninos-trasgenero\/","title":{"rendered":"Lo \u00faltimo: ni\u00f1os trasg\u00e9nero."},"content":{"rendered":"<p><a href=\"http:\/\/catolicasmexico.com\/blog\/wp-content\/uploads\/2013\/06\/20130627-112828.jpg\"><img src=\"http:\/\/catolicasmexico.com\/blog\/wp-content\/uploads\/2013\/06\/20130627-112828.jpg\" alt=\"20130627-112828.jpg\" class=\"alignnone size-full\"  \/> <\/a><\/p>\n<p>Del blog de www.cqv,qc.ca<br \/>\nTraducido y editado por www.catolicasmexico.com<\/p>\n<p> (Un poco de su historia) A los cinco meses sus padres empezaron a \u00abver\u00bb que Coy se sent\u00eda una ni\u00f1a &#8211; porque agarr\u00f3 la frazada rosa de una de sus hermanas. M\u00e1s tarde, mostr\u00f3 poco inter\u00e9s en los juguetes, \u00abmasculinos\u00bb y a los cuatro a\u00f1os, explic\u00f3 a sus padres que algo andaba mal en su cuerpo. Se deprim\u00eda cuando le cortaban el pelo. Pero comenz\u00f3 a florecer, cuando lo empezaron a tratar como una ni\u00f1a , un psiquiatra lo diagnostic\u00f3 \u00abtransg\u00e9nero\u00bb. Todo el mundo lo llamaba por nombres femeninos y usaba vestidos con olanes, \u00e9l (perd\u00f3n, toda la prensa estadounidense le dice &#8216;ella&#8217;) recuper\u00f3 la sonrisa. Sin dejar de mencionar, que su madre daba entrevistas en su presencia.<br \/>\nA los seis a\u00f1os viv\u00eda en Denver, Colorado,  el peque\u00f1o Mathis Coy asist\u00eda a una escuela primaria desde el comienzo del 2011. Al registrarlo,sus padres solicitaron que se le tratara como a una  ni\u00f1a, explicando que era un ni\u00f1o\u00bbtransg\u00e9nero\u00bb: hasta el invierno pasado, Coy ten\u00eda acceso al ba\u00f1o de ni\u00f1as. Pero sin raz\u00f3n  la escuela p\u00fablica, le  prohibi\u00f3 la entrada a los sanitarios, al regreso de las vacaciones.<\/p>\n<p>\u00a1Eso caus\u00f3 la Ira e la indignaci\u00f3n de los padres!<br \/>\nSu madre, Kathryn Mathis, recalc\u00f3 el \u00abpeligro\u00bb para una ni\u00f1a al usar el inodoro para ni\u00f1os&#8230; Junto con su marido, Jeremy, un ex Marino, hicieron un caso altamente mediatizado, concediendo entrevistas a los medios de comunicaci\u00f3n y  en talks shows.<\/p>\n<p>Los Mathis, ayudados  por el \u00abTransgender Legal Defense and Education Fund\u00bb recurrieron a la divisi\u00f3n de derechos civiles de Colorado &#8211; esto ocurri\u00f3 en febrero.<br \/>\nEl 18 de junio, el Director de esta organizaci\u00f3n, Steven Chavez, explic\u00f3 que la actitud de la escuela recordaba la segregaci\u00f3n racial, basada en el principio de que los negros y blancos \u00abest\u00e1n separados pero son iguales\u00bb. La escuela fue calificada de \u00abhostil, discriminatoria y  que no ofrec\u00eda un medio ambiente seguro\u00bb todo,  por su negativa de dejar al ni\u00f1o hacer uso del ba\u00f1o de chicas.<\/p>\n<p>(&#8230;)<\/p>\n<p>Citaci\u00f3n de LifeSite: La Vicepresidente del Colegio Americano de pediatras afirm\u00f3: que los ni\u00f1os incorporan mensajes emitidos por sus padres en la infancia y si estos mensajes son confusos puede reflejarse en la afirmaci\u00f3n de que les gustar\u00eda ser parte del sexo opuesto. \u00abEl sexo biol\u00f3gico, no es un desorden; repudiarlo, lo es.  \u00abNadie nace transg\u00e9nero: esto se ha establecido, a trav\u00e9s de un estudio realizado con gemelos\u00bb, dijo.<\/p>\n<p>La Universidad de John Hopkins ha dejado de practicar las operaciones de cambio de sexo,  pues observaron que no causan ning\u00fan beneficio,  mientras que algunas personas que se operaron, incluso, vuelven a su identidad original. La persona encargada de estas operaciones  abandon\u00f3 las operaciones afirmando que \u00abno se da liposucci\u00f3n a un anor\u00e9xico\u00bb.<\/p>\n","protected":false},"excerpt":{"rendered":"<p>Del blog de www.cqv,qc.ca Traducido y editado por www.catolicasmexico.com (Un poco de su historia) A los cinco meses sus padres empezaron a \u00abver\u00bb que Coy se sent\u00eda una ni\u00f1a &#8211; porque agarr\u00f3 la frazada rosa de una de sus hermanas. M\u00e1s tarde, mostr\u00f3 poco inter\u00e9s en los juguetes, \u00abmasculinos\u00bb y a los cuatro a\u00f1os, explic\u00f3 [&hellip;]<\/p>\n","protected":false},"author":2,"featured_media":981,"comment_status":"open","ping_status":"open","sticky":false,"template":"","format":"standard","meta":{"spay_email":"","jetpack_publicize_message":"","jetpack_is_tweetstorm":false},"categories":[72,21],"tags":[],"aioseo_notices":[],"jetpack_featured_media_url":"http:\/\/catolicasmexico.com\/blog\/wp-content\/uploads\/2013\/06\/20130627-112828.jpg","jetpack_publicize_connections":[],"jetpack_shortlink":"https:\/\/wp.me\/p3B5XH-fI","jetpack-related-posts":[{"id":4864,"url":"http:\/\/catolicasmexico.com\/blog\/un-hombre-que-se-hace-llamar-mujer-entra-al-bano-de-mujeres-y-ataca-a-una-nina-de-10-anos\/","url_meta":{"origin":974,"position":0},"title":"Un hombre que se hace llamar \"mujer\" entra al ba\u00f1o de mujeres y ataca a una ni\u00f1a de 10 a\u00f1os.","date":"4 septiembre 2019","format":false,"excerpt":"(...)En el Reino Unido, \u201cThe Courier\u201dinform\u00f3 recientemente que un joven violento, (los medios de comunicaci\u00f3n lo han llamado \"ella\u201d en las noticias.) fue levemente sancionado por agredir sexualmente a una ni\u00f1a de diez a\u00f1os, en los ba\u00f1os de mujeres de un supermercado en Morrisons en Kirkcaldy. El joven de 18\u2026","rel":"","context":"Entrada similar","img":{"alt_text":"","src":"https:\/\/i1.wp.com\/catolicasmexico.com\/blog\/wp-content\/uploads\/2019\/09\/Photo-19-06-11-18-05-36.jpg?resize=350%2C200","width":350,"height":200},"classes":[]},{"id":2852,"url":"http:\/\/catolicasmexico.com\/blog\/haber-tenido-dos-madres-fue-el-drama-de-su-vida\/","url_meta":{"origin":974,"position":1},"title":"Haber tenido dos madres fue el drama de su vida.","date":"24 abril 2014","format":false,"excerpt":"noticia religi\u00f3n en libertad. (...) Robert Oscar L\u00f3pez, profesor de ingl\u00e9s en la Universidad Estatal de California, quien hasta la edad de 19 a\u00f1os fue criado por su madre y su pareja lesbiana. Robert pregunta a toda la sociedad: \"\u00bfRealmente necesitamos a un cient\u00edfico para decirnos y saber que todo\u2026","rel":"","context":"En \u00abEEUU\u00bb","img":{"alt_text":"","src":"https:\/\/i1.wp.com\/catolicasmexico.com\/blog\/wp-content\/uploads\/2014\/04\/20140424-150557.jpg?resize=350%2C200","width":350,"height":200},"classes":[]},{"id":4472,"url":"http:\/\/catolicasmexico.com\/blog\/ahora-un-trans-edad-un-padre-de-familia-vive-como-una-nina-de-6-anos-abandonando-a-su-esposa-y-a-sus-7-hijos\/","url_meta":{"origin":974,"position":2},"title":"Ahora \u00bfUn Trans-edad'? Un padre de familia vive como una ni\u00f1a de 6 a\u00f1os abandonando a su esposa y a sus 7 hijos.\u00a0","date":"11 enero 2017","format":false,"excerpt":"Por Dustin Siggins (LifeSiteNews) - traducido CM del sitio www.qcv.cq.ca 21 de diciembre de 2015 - siete ni\u00f1os y 23 a\u00f1os de matrimonio no impidieron que Stefonknee Wolscht abandonara a su familia. Hoy, seis a\u00f1os m\u00e1s tarde, el transexual canadiense con voz profunda y conocida bajo el nombre de \"Paul\",\u2026","rel":"","context":"En \u00abCanada.\u00bb","img":{"alt_text":"","src":"https:\/\/i0.wp.com\/catolicasmexico.com\/blog\/wp-content\/uploads\/2017\/01\/IMG_1083.jpg?resize=350%2C200","width":350,"height":200},"classes":[]},{"id":1443,"url":"http:\/\/catolicasmexico.com\/blog\/la-administracion-obama-obliga-al-distrito-escolar-a-autorizar-que-una-adolescente-use-el-bano-de-las-duchas-y-los-dormitorios-de-varones\/","url_meta":{"origin":974,"position":3},"title":"La administraci\u00f3n OBAMA obliga  al distrito escolar a autorizar  que una adolescente use el ba\u00f1o de las duchas y los dormitorios de varones.","date":"29 julio 2013","format":false,"excerpt":"ARCADIA, CA, 25 de julio de 2013 (LifeSiteNews.com) Traducci\u00f3n y edici\u00f3n libre Monica Y.A. de www.catolicasmexico.com El Departamento de Justicia del gobierno de Obama ha presionado a una escuela distrital de California para permitir que una estudiante de primer a\u00f1o de secundaria que es anat\u00f3micamente femenino y que se identifica\u2026","rel":"","context":"En \u00abEEUU\u00bb","img":{"alt_text":"","src":"","width":0,"height":0},"classes":[]},{"id":4755,"url":"http:\/\/catolicasmexico.com\/blog\/vive-gracias-a-sus-padres\/","url_meta":{"origin":974,"position":4},"title":"Vive gracias a sus padres.","date":"16 agosto 2017","format":false,"excerpt":"Par Nancy Flanders (Live Action News ) traducido por Campagne Qu\u00e9bec-Vie. Estos padres rechazaron el aborto de su hijo a pesar de las presiones intensas del personal m\u00e9dico. La madre se le rompi\u00f3 la fuente prematuramente cuando ten\u00eda 20 semanas de embarazo raz\u00f3n por la cual los m\u00e9dicos le sugirieron\u2026","rel":"","context":"En \u00abAborto\u00bb","img":{"alt_text":"","src":"https:\/\/i1.wp.com\/catolicasmexico.com\/blog\/wp-content\/uploads\/2017\/08\/38849c75-f114-4c5c-8f0b-d98660c38fd2.jpg?resize=350%2C200","width":350,"height":200},"classes":[]},{"id":4209,"url":"http:\/\/catolicasmexico.com\/blog\/nace-con-solo-280-gms-y-bebe-elayah-logra-sobrevivir\/","url_meta":{"origin":974,"position":5},"title":"Nace con solo 280 gms y beb\u00e9 E'layah logra sobrevivir.","date":"21 enero 2016","format":false,"excerpt":"Presentamos la historia de esta beb\u00e9 que sobrevivi\u00f3 pesando solo 280g, beb\u00e9 E'layah. Por Nancy Flanders de LiveActionNews - traducido por CM del sitio www.cqv.ca.cq E'layah pesaba solo 283 gramos y med\u00eda 25 cent\u00edmetros cuando vino al mundo tres y medio meses antes de lo previsto. Su entrada en este\u2026","rel":"","context":"En \u00abEEUU\u00bb","img":{"alt_text":"","src":"https:\/\/i0.wp.com\/catolicasmexico.com\/blog\/wp-content\/uploads\/2016\/01\/IMG_0430.png?resize=350%2C200","width":350,"height":200},"classes":[]}],"jetpack_likes_enabled":false,"jetpack_sharing_enabled":true,"_links":{"self":[{"href":"http:\/\/catolicasmexico.com\/blog\/wp-json\/wp\/v2\/posts\/974"}],"collection":[{"href":"http:\/\/catolicasmexico.com\/blog\/wp-json\/wp\/v2\/posts"}],"about":[{"href":"http:\/\/catolicasmexico.com\/blog\/wp-json\/wp\/v2\/types\/post"}],"author":[{"embeddable":true,"href":"http:\/\/catolicasmexico.com\/blog\/wp-json\/wp\/v2\/users\/2"}],"replies":[{"embeddable":true,"href":"http:\/\/catolicasmexico.com\/blog\/wp-json\/wp\/v2\/comments?post=974"}],"version-history":[{"count":3,"href":"http:\/\/catolicasmexico.com\/blog\/wp-json\/wp\/v2\/posts\/974\/revisions"}],"predecessor-version":[{"id":983,"href":"http:\/\/catolicasmexico.com\/blog\/wp-json\/wp\/v2\/posts\/974\/revisions\/983"}],"wp:featuredmedia":[{"embeddable":true,"href":"http:\/\/catolicasmexico.com\/blog\/wp-json\/wp\/v2\/media\/981"}],"wp:attachment":[{"href":"http:\/\/catolicasmexico.com\/blog\/wp-json\/wp\/v2\/media?parent=974"}],"wp:term":[{"taxonomy":"category","embeddable":true,"href":"http:\/\/catolicasmexico.com\/blog\/wp-json\/wp\/v2\/categories?post=974"},{"taxonomy":"post_tag","embeddable":true,"href":"http:\/\/catolicasmexico.com\/blog\/wp-json\/wp\/v2\/tags?post=974"}],"curies":[{"name":"wp","href":"https:\/\/api.w.org\/{rel}","templated":true}]}}