{"id":972,"date":"2013-06-26T13:26:39","date_gmt":"2013-06-26T18:26:39","guid":{"rendered":"http:\/\/catolicasmexico.com\/blog\/?p=972"},"modified":"2013-06-26T13:26:39","modified_gmt":"2013-06-26T18:26:39","slug":"la-corte-suprema-de-los-ee-uu-deroga-la-ley-que-protegia-el-matrimonio-y-la-familia","status":"publish","type":"post","link":"http:\/\/catolicasmexico.com\/blog\/la-corte-suprema-de-los-ee-uu-deroga-la-ley-que-protegia-el-matrimonio-y-la-familia\/","title":{"rendered":"La corte suprema de los EE.UU  deroga la ley que proteg\u00eda el matrimonio y la familia."},"content":{"rendered":"<p><a href=\"http:\/\/catolicasmexico.com\/blog\/wp-content\/uploads\/2013\/06\/20130626-142022.jpg\"><img src=\"http:\/\/catolicasmexico.com\/blog\/wp-content\/uploads\/2013\/06\/20130626-142022.jpg\" alt=\"20130626-142022.jpg\" class=\"alignnone size-full\"  \/> <\/a><\/p>\n<p>Del sitio de www.cqv.qc.ca<br \/>\nTraducci\u00f3n y redacci\u00f3n libre www.catolicasmexico.com<\/p>\n<p>La Corte Suprema de los Estados Unidos dictamin\u00f3 que la Ley Federal de defensa al matrimonio (DOMA) es discriminatoria  para los c\u00f3nyuges del mismo sexo.<\/p>\n<p>El m\u00e1ximo tribunal del pa\u00eds,deb\u00eda pronunciarse sobre el caso de \u00c9dith Windsor, una viuda homosexual de Nueva York, que sosten\u00eda  que la defensa Federal al matrimonio (DOMA) era discriminatoria y por lo tanto deb\u00eda ser revocada en los 12 Estados y la capital federal del pa\u00eds, donde se permite la Uni\u00f3n de parejas del mismo sexo. Ella deseaba recibir los mismos derechos que las parejas casadas. (&#8230;)<\/p>\n","protected":false},"excerpt":{"rendered":"<p>Del sitio de www.cqv.qc.ca Traducci\u00f3n y redacci\u00f3n libre www.catolicasmexico.com La Corte Suprema de los Estados Unidos dictamin\u00f3 que la Ley Federal de defensa al matrimonio (DOMA) es discriminatoria para los c\u00f3nyuges del mismo sexo. El m\u00e1ximo tribunal del pa\u00eds,deb\u00eda pronunciarse sobre el caso de \u00c9dith Windsor, una viuda homosexual de Nueva York, que sosten\u00eda que [&hellip;]<\/p>\n","protected":false},"author":2,"featured_media":971,"comment_status":"open","ping_status":"open","sticky":false,"template":"","format":"standard","meta":{"spay_email":"","jetpack_publicize_message":"","jetpack_is_tweetstorm":false},"categories":[72,12,70],"tags":[],"aioseo_notices":[],"jetpack_featured_media_url":"http:\/\/catolicasmexico.com\/blog\/wp-content\/uploads\/2013\/06\/20130626-142022.jpg","jetpack_publicize_connections":[],"jetpack_shortlink":"https:\/\/wp.me\/p3B5XH-fG","jetpack-related-posts":[{"id":2220,"url":"http:\/\/catolicasmexico.com\/blog\/australia-prohibe-el-matrimonio-gay\/","url_meta":{"origin":972,"position":0},"title":"Australia prohibe el \u201cmatrimonio\u201d gay","date":"13 diciembre 2013","format":false,"excerpt":"SIDNEY, 12 Dic. 13 \/ 01:42 pm (ACI\/EWTN Noticias).- La Corte Suprema de Australia dictamin\u00f3 hoy que \"la ley sobre el matrimonio no es v\u00e1lida para la formaci\u00f3n o el reconocimiento del matrimonio para parejas del mismo sexo\u201d, vetando as\u00ed la ley que desde octubre permiti\u00f3 el mal llamado \u201cmatrimonio\u201d\u2026","rel":"","context":"En \u00abHomosexualidad\u00bb","img":{"alt_text":"","src":"https:\/\/i2.wp.com\/catolicasmexico.com\/blog\/wp-content\/uploads\/2013\/12\/20131213-104557.jpg?resize=350%2C200","width":350,"height":200},"classes":[]},{"id":1009,"url":"http:\/\/catolicasmexico.com\/blog\/nancy-pelosi-gracias-a-dios-por-el-matrimonio-homosexual\/","url_meta":{"origin":972,"position":1},"title":"Nancy Pelosi: 'gracias a Dios' por el 'matrimonio' homosexual","date":"3 julio 2013","format":false,"excerpt":"Por Ben Johnson Jue 27 de junio de 2013 10:00 EST \u00a0 WASHINGTON, D.C., 27 de junio de 2013 (LifeSiteNews.com) \u2013 Entre los que celebraron las sentencias de los dos casos de la Corte Suprema que favorecen la agenda pol\u00edtica homosexual est\u00e1 la ex presidenta de la c\u00e1mara, Nancy Pelosi,\u2026","rel":"","context":"En \u00abEEUU\u00bb","img":{"alt_text":"","src":"https:\/\/i2.wp.com\/catolicasmexico.com\/blog\/wp-content\/uploads\/2013\/07\/Nacy-Pelosi.jpeg?resize=350%2C200","width":350,"height":200},"classes":[]},{"id":4220,"url":"http:\/\/catolicasmexico.com\/blog\/13000-dolares-de-multa-tras-haber-rechazado-la-celebracion-de-una-boda-homosexual-en-su-granja\/","url_meta":{"origin":972,"position":2},"title":"13000 d\u00f3lares de multa tras haber rechazado la celebraci\u00f3n de una 'boda' homosexual en su granja","date":"1 febrero 2016","format":false,"excerpt":"\u00a0 \u00a0 \u00a0 \u00a0 \u00a0 \u00a0 \u00a0 \u00a0 Church Militant Original de\u00a0The Daily Signal Traducci\u00f3n libre para catolicasmexico.com \u00a0 NUEVA YORK (Kristiana Mork) - la Corte Suprema de Nueva York declar\u00f3 que una pareja cristiana viola una ley de derechos humanos tras negarse a albergar una boda de homosexuales en\u2026","rel":"","context":"En \u00abEEUU\u00bb","img":{"alt_text":"","src":"https:\/\/i2.wp.com\/catolicasmexico.com\/blog\/wp-content\/uploads\/2016\/01\/2016-01-25-niles-a.jpg?resize=350%2C200","width":350,"height":200},"classes":[]},{"id":1531,"url":"http:\/\/catolicasmexico.com\/blog\/yo-todavia-no-consigo-lo-que-quiero-pareja-gay-demanda-a-la-iglesia-por-negarles-boda\/","url_meta":{"origin":972,"position":3},"title":"Yo todav\u00eda no consigo lo que quiero\": Pareja gay demanda a la iglesia por negarles  \u201cboda\u201d.","date":"5 agosto 2013","format":false,"excerpt":"Londres, 02 de agosto 2013 LifeSiteNews.com Traducci\u00f3n y edici\u00f3n libre de Monica Y.A. de www.catolicasmexico.com Menos de dos semanas despu\u00e9s de la firma de la ley del \"matrimonio gay\" del gobierno de coalici\u00f3n,un hombre homosexual ha puesto en marcha una demanda contra la Iglesia de una parroquia de Inglaterra en\u2026","rel":"","context":"En \u00abFamilia\u00bb","img":{"alt_text":"","src":"","width":0,"height":0},"classes":[]},{"id":2019,"url":"http:\/\/catolicasmexico.com\/blog\/agenda-gay-avanza-en-mexicoreconocen-concubinato-de-una-pareja-homosexual-en-yucatan\/","url_meta":{"origin":972,"position":4},"title":"Agenda gay avanza en Mexico:Reconocen concubinato de una pareja homosexual en Yucat\u00e1n .","date":"5 noviembre 2013","format":false,"excerpt":"MEXICO.-Los agrupaciones pro-derechos humanos Indignaci\u00f3n y Oasis San Juan de Dios dieron a conocer que el 15 de agosto anterior, Carlos y Jos\u00e9 presentaron ante el Juzgado Tercero Mixto de lo Civil y Familiar del Primer Departamento Judicial del estado, con sede en Motul, unas diligencias de jurisdicci\u00f3n voluntaria para\u2026","rel":"","context":"En \u00abHomosexualidad\u00bb","img":{"alt_text":"","src":"https:\/\/i0.wp.com\/catolicasmexico.com\/blog\/wp-content\/uploads\/2013\/11\/20131105-113302.jpg?resize=350%2C200","width":350,"height":200},"classes":[]},{"id":958,"url":"http:\/\/catolicasmexico.com\/blog\/rusia-rechaza-otorgar-la-adopcion-a-parejas-del-mismo-sexo\/","url_meta":{"origin":972,"position":5},"title":"Rusia, rechaza otorgar la adopci\u00f3n a parejas del mismo sexo.","date":"25 junio 2013","format":false,"excerpt":"Del sitio de www.cqv.qc.ca texto original Le Soleil du 21 juin 2013: Traducido y editado por www.catolicasmexico.com La Duma aprob\u00f3 el viernes una ley que proh\u00edbe la adopci\u00f3n de los ni\u00f1os rusos, por parejas de homosexuales o solteros de los pa\u00edses que han legalizado las uniones entre personas del mismo\u2026","rel":"","context":"En \u00abFamilia\u00bb","img":{"alt_text":"","src":"","width":0,"height":0},"classes":[]}],"jetpack_likes_enabled":false,"jetpack_sharing_enabled":true,"_links":{"self":[{"href":"http:\/\/catolicasmexico.com\/blog\/wp-json\/wp\/v2\/posts\/972"}],"collection":[{"href":"http:\/\/catolicasmexico.com\/blog\/wp-json\/wp\/v2\/posts"}],"about":[{"href":"http:\/\/catolicasmexico.com\/blog\/wp-json\/wp\/v2\/types\/post"}],"author":[{"embeddable":true,"href":"http:\/\/catolicasmexico.com\/blog\/wp-json\/wp\/v2\/users\/2"}],"replies":[{"embeddable":true,"href":"http:\/\/catolicasmexico.com\/blog\/wp-json\/wp\/v2\/comments?post=972"}],"version-history":[{"count":1,"href":"http:\/\/catolicasmexico.com\/blog\/wp-json\/wp\/v2\/posts\/972\/revisions"}],"predecessor-version":[{"id":973,"href":"http:\/\/catolicasmexico.com\/blog\/wp-json\/wp\/v2\/posts\/972\/revisions\/973"}],"wp:featuredmedia":[{"embeddable":true,"href":"http:\/\/catolicasmexico.com\/blog\/wp-json\/wp\/v2\/media\/971"}],"wp:attachment":[{"href":"http:\/\/catolicasmexico.com\/blog\/wp-json\/wp\/v2\/media?parent=972"}],"wp:term":[{"taxonomy":"category","embeddable":true,"href":"http:\/\/catolicasmexico.com\/blog\/wp-json\/wp\/v2\/categories?post=972"},{"taxonomy":"post_tag","embeddable":true,"href":"http:\/\/catolicasmexico.com\/blog\/wp-json\/wp\/v2\/tags?post=972"}],"curies":[{"name":"wp","href":"https:\/\/api.w.org\/{rel}","templated":true}]}}