{"id":969,"date":"2013-06-26T12:25:29","date_gmt":"2013-06-26T17:25:29","guid":{"rendered":"http:\/\/catolicasmexico.com\/blog\/?p=969"},"modified":"2013-06-26T12:25:29","modified_gmt":"2013-06-26T17:25:29","slug":"un-alcalde-en-francia-sera-severamente-amonestado-por-negarse-a-celebrar-un-matrimonio-gay","status":"publish","type":"post","link":"http:\/\/catolicasmexico.com\/blog\/un-alcalde-en-francia-sera-severamente-amonestado-por-negarse-a-celebrar-un-matrimonio-gay\/","title":{"rendered":"Un alcalde en Francia, ser\u00e1 severamente amonestado, por negarse a celebrar un matrimonio gay."},"content":{"rendered":"<p><a href=\"http:\/\/catolicasmexico.com\/blog\/wp-content\/uploads\/2013\/06\/20130626-132702.jpg\"><img src=\"http:\/\/catolicasmexico.com\/blog\/wp-content\/uploads\/2013\/06\/20130626-132702.jpg\" alt=\"20130626-132702.jpg\" class=\"alignnone size-full\"  \/> <\/a><\/p>\n<p>La subprefectura de Bayona convoc\u00f3 ayer, de manera oficial, al alcalde de Arcangues,Jean- Colo puesto que este, se niega a celebrar el matrimonio de una pareja de homosexuales.<\/p>\n<p>El subprefecto Patrick Dalennes invit\u00f3 a Jean-Michel Colo a cumplir con sus obligaciones como representante del estado. Si persiste, el alcalde tendr\u00e1 una suspensi\u00f3n , que el Ministro del Interior Manuel Valls aplicar\u00e1 y sanciones penales hasta de cinco a\u00f1os de prisi\u00f3n y 75.000 euros ($103.000) de multa. (&#8230;)<\/p>\n","protected":false},"excerpt":{"rendered":"<p>La subprefectura de Bayona convoc\u00f3 ayer, de manera oficial, al alcalde de Arcangues,Jean- Colo puesto que este, se niega a celebrar el matrimonio de una pareja de homosexuales. El subprefecto Patrick Dalennes invit\u00f3 a Jean-Michel Colo a cumplir con sus obligaciones como representante del estado. Si persiste, el alcalde tendr\u00e1 una suspensi\u00f3n , que el [&hellip;]<\/p>\n","protected":false},"author":2,"featured_media":967,"comment_status":"open","ping_status":"open","sticky":false,"template":"","format":"standard","meta":{"spay_email":"","jetpack_publicize_message":"","jetpack_is_tweetstorm":false},"categories":[78,70,11],"tags":[],"aioseo_notices":[],"jetpack_featured_media_url":"http:\/\/catolicasmexico.com\/blog\/wp-content\/uploads\/2013\/06\/20130626-132702.jpg","jetpack_publicize_connections":[],"jetpack_shortlink":"https:\/\/wp.me\/p3B5XH-fD","jetpack-related-posts":[{"id":1715,"url":"http:\/\/catolicasmexico.com\/blog\/una-alcaldesa-francesa-corre-el-riesgo-de-pasar-cinco-anos-en-prision-por-negarse-a-presidir-un-matrimonio-gay\/","url_meta":{"origin":969,"position":0},"title":"Una alcaldesa francesa corre el riesgo de pasar cinco  a\u00f1os en prisi\u00f3n por negarse a presidir un \"matrimonio\" gay.","date":"29 agosto 2013","format":false,"excerpt":"Marie-Claude Bompard Del sitio www.cqv.cq.ca original del sitio del diario Le Figaro el 27 de agosto de 2013 Edici\u00f3n y traducci\u00f3n www.catolicasmexico.com (...) Marie-Claude Bompard, alcalde de Bollene en Vaucluse, continua en su posici\u00f3n: no celebrar\u00e1 el matrimonio de dos mujeres el 10 de septiembre y se niega a designar\u2026","rel":"","context":"En \u00abFrancia\u00bb","img":{"alt_text":"","src":"","width":0,"height":0},"classes":[]},{"id":1088,"url":"http:\/\/catolicasmexico.com\/blog\/si-no-fuera-sacerdote-le-pondria-dos-cachetadas\/","url_meta":{"origin":969,"position":1},"title":"\"\u00a1Si no fuera sacerdote le pondr\u00eda dos cachetadas.!\"","date":"5 julio 2013","format":false,"excerpt":"Art\u00edculo de Nouvelles de France. Traducci\u00f3n y edici\u00f3n libre www.catolicasmexico.com Los cat\u00f3licos son los nuevos delincuentes que amenazan la democracia. En Saint-Cyr-au-Mont-d'or ,una peque\u00f1o pueblo en las afueras de Lyon el viernes, 21 de junio de 2013, Manuel Valls y Jean-Marc Ayrault participaron a la ceremonia de graduaci\u00f3n de la\u2026","rel":"","context":"En \u00abFrancia\u00bb","img":{"alt_text":"","src":"https:\/\/i0.wp.com\/catolicasmexico.com\/blog\/wp-content\/uploads\/2013\/07\/flag-france-drapeau-bandera.jpg?resize=350%2C200","width":350,"height":200},"classes":[]},{"id":932,"url":"http:\/\/catolicasmexico.com\/blog\/prisionero-politico-en-francia-fue-detenido-por-su-oposicion-al-matrimonio-gay\/","url_meta":{"origin":969,"position":2},"title":"Prisionero pol\u00edtico en Francia, fue detenido por su oposici\u00f3n al matrimonio gay.","date":"21 junio 2013","format":false,"excerpt":"Traducci\u00f3n y redacci\u00f3n libre de\u00a0www.catolicasmexico.com La carta de Gregory Boucher, Presidente del colectivo matrimonio , familia y los hijos de Francia , explica la situaci\u00f3n: (Nicol\u00e1s, un, joven no violento, golpeado por la polic\u00eda y metido a la c\u00e1rcel por defender la familia y los ni\u00f1os en Francia) En una\u2026","rel":"","context":"En \u00abFamilia\u00bb","img":{"alt_text":"","src":"https:\/\/i0.wp.com\/catolicasmexico.com\/blog\/wp-content\/uploads\/2013\/07\/flag-france-drapeau-bandera.jpg?resize=350%2C200","width":350,"height":200},"classes":[]},{"id":791,"url":"http:\/\/catolicasmexico.com\/blog\/horror-en-la-catedral-de-nantes-se-censuran-imagenes-de-profanacion-y-reacciona-ayrault\/","url_meta":{"origin":969,"position":3},"title":"Horror en la catedral de Nantes: Se censuran im\u00e1genes de profanaci\u00f3n Y reacciona Ayrault.","date":"10 junio 2013","format":false,"excerpt":"Noticia de Religi\u00f3n en libertad.com Francia padece una brutal campa\u00f1a de odio religioso que conduce cada semana a la profanaci\u00f3n de varias iglesias (puede hacerse un seguimiento a trav\u00e9s de la p\u00e1gina del Observatorio de la Cristianofobia). La \u00faltima y m\u00e1s importante, la hist\u00f3rica catedral de Nantes, que en la\u2026","rel":"","context":"En \u00abFe\u00bb","img":{"alt_text":"","src":"","width":0,"height":0},"classes":[]},{"id":1343,"url":"http:\/\/catolicasmexico.com\/blog\/el-grupo-hommen-luchan-contra-el-matrimonio-gay-en-francia\/","url_meta":{"origin":969,"position":4},"title":"El grupo hommen luchan contra el matrimonio gay en Francia.","date":"19 julio 2013","format":false,"excerpt":"Del sitio www.cqv.qc.ca Traducci\u00f3n y redacci\u00f3n libre www.catolicasmexico.com El grupo Hommen lucha por una causa noble. Se muestran sin camisa para llamar la atenci\u00f3n de la gente, es as\u00ed que piden el derecho de los ni\u00f1os a tener un padre y una madre y su oposici\u00f3n al \"matrimonio gay\". En\u2026","rel":"","context":"En \u00abEuropa\u00bb","img":{"alt_text":"","src":"","width":0,"height":0},"classes":[]},{"id":3078,"url":"http:\/\/catolicasmexico.com\/blog\/clases-de-civismo-en-francia-matrimonio-entre-personas-del-mismo-sexo\/","url_meta":{"origin":969,"position":5},"title":"Clases de civismo en Francia: matrimonio entre personas del mismo sexo.","date":"22 junio 2014","format":false,"excerpt":"En Francia fue organizado una simulaci\u00f3n de matrimonio entre homosexuales con ni\u00f1os de 11 a\u00f1os en la clase de civismo. Del sitio www.cqv.cq.ca original del sitio www.valeursactuelles.com traducci\u00f3n y edici\u00f3n libre www.catolicas mexico.com \"Como Aprender civismo\" El colegio de la aldea de Saint-Pol, en Breta\u00f1a, tiene una forma especial de\u2026","rel":"","context":"En \u00abEducaci\u00f3n\u00bb","img":{"alt_text":"","src":"https:\/\/i0.wp.com\/catolicasmexico.com\/blog\/wp-content\/uploads\/2014\/06\/20140623-0857361.jpg?resize=350%2C200","width":350,"height":200},"classes":[]}],"jetpack_likes_enabled":false,"jetpack_sharing_enabled":true,"_links":{"self":[{"href":"http:\/\/catolicasmexico.com\/blog\/wp-json\/wp\/v2\/posts\/969"}],"collection":[{"href":"http:\/\/catolicasmexico.com\/blog\/wp-json\/wp\/v2\/posts"}],"about":[{"href":"http:\/\/catolicasmexico.com\/blog\/wp-json\/wp\/v2\/types\/post"}],"author":[{"embeddable":true,"href":"http:\/\/catolicasmexico.com\/blog\/wp-json\/wp\/v2\/users\/2"}],"replies":[{"embeddable":true,"href":"http:\/\/catolicasmexico.com\/blog\/wp-json\/wp\/v2\/comments?post=969"}],"version-history":[{"count":1,"href":"http:\/\/catolicasmexico.com\/blog\/wp-json\/wp\/v2\/posts\/969\/revisions"}],"predecessor-version":[{"id":970,"href":"http:\/\/catolicasmexico.com\/blog\/wp-json\/wp\/v2\/posts\/969\/revisions\/970"}],"wp:featuredmedia":[{"embeddable":true,"href":"http:\/\/catolicasmexico.com\/blog\/wp-json\/wp\/v2\/media\/967"}],"wp:attachment":[{"href":"http:\/\/catolicasmexico.com\/blog\/wp-json\/wp\/v2\/media?parent=969"}],"wp:term":[{"taxonomy":"category","embeddable":true,"href":"http:\/\/catolicasmexico.com\/blog\/wp-json\/wp\/v2\/categories?post=969"},{"taxonomy":"post_tag","embeddable":true,"href":"http:\/\/catolicasmexico.com\/blog\/wp-json\/wp\/v2\/tags?post=969"}],"curies":[{"name":"wp","href":"https:\/\/api.w.org\/{rel}","templated":true}]}}