{"id":965,"date":"2013-06-27T10:53:34","date_gmt":"2013-06-27T15:53:34","guid":{"rendered":"http:\/\/catolicasmexico.com\/blog\/?p=965"},"modified":"2017-07-22T01:12:29","modified_gmt":"2017-07-22T06:12:29","slug":"pelosi-se-rie-de-la-carta-del-sacerdote-que-desafio-su-posicion-sobre-el-aborto-esta-actuando-histericamente","status":"publish","type":"post","link":"http:\/\/catolicasmexico.com\/blog\/pelosi-se-rie-de-la-carta-del-sacerdote-que-desafio-su-posicion-sobre-el-aborto-esta-actuando-histericamente\/","title":{"rendered":"Pelosi se r\u00ede de la carta del sacerdote que desafi\u00f3 su posici\u00f3n sobre el aborto: \u00abEst\u00e1 actuando hist\u00e9ricamente\u00bb"},"content":{"rendered":"<p><a href=\"http:\/\/catolicasmexico.com\/blog\/wp-content\/uploads\/2013\/07\/Nacy-Pelosi.jpeg\"><img data-attachment-id=\"4676\" data-permalink=\"http:\/\/catolicasmexico.com\/blog\/nancy-pelosi-gracias-a-dios-por-el-matrimonio-homosexual\/nacy-pelosi\/\" data-orig-file=\"http:\/\/catolicasmexico.com\/blog\/wp-content\/uploads\/2013\/07\/Nacy-Pelosi.jpeg\" data-orig-size=\"2280,2280\" data-comments-opened=\"1\" data-image-meta=\"{&quot;aperture&quot;:&quot;0&quot;,&quot;credit&quot;:&quot;&quot;,&quot;camera&quot;:&quot;&quot;,&quot;caption&quot;:&quot;&quot;,&quot;created_timestamp&quot;:&quot;0&quot;,&quot;copyright&quot;:&quot;&quot;,&quot;focal_length&quot;:&quot;0&quot;,&quot;iso&quot;:&quot;0&quot;,&quot;shutter_speed&quot;:&quot;0&quot;,&quot;title&quot;:&quot;&quot;,&quot;orientation&quot;:&quot;0&quot;}\" data-image-title=\"Nacy Pelosi\" data-image-description=\"\" data-medium-file=\"http:\/\/catolicasmexico.com\/blog\/wp-content\/uploads\/2013\/07\/Nacy-Pelosi-300x300.jpeg\" data-large-file=\"http:\/\/catolicasmexico.com\/blog\/wp-content\/uploads\/2013\/07\/Nacy-Pelosi-1024x1024.jpeg\" src=\"http:\/\/catolicasmexico.com\/blog\/wp-content\/uploads\/2013\/07\/Nacy-Pelosi-1024x1024.jpeg\" alt=\"\" width=\"600\" height=\"600\" class=\"alignleft size-large wp-image-4676\" srcset=\"http:\/\/catolicasmexico.com\/blog\/wp-content\/uploads\/2013\/07\/Nacy-Pelosi-1024x1024.jpeg 600w, http:\/\/catolicasmexico.com\/blog\/wp-content\/uploads\/2013\/07\/Nacy-Pelosi-300x300.jpeg 300w, http:\/\/catolicasmexico.com\/blog\/wp-content\/uploads\/2013\/07\/Nacy-Pelosi-150x150.jpeg 150w\" sizes=\"100vw\" \/> <\/a><\/p>\n<p>Por John Jalsevac.<br \/>\nTraducido y editado por Alejandro P. de www.catolicasmexico.com<\/p>\n<p>Martes, 25 de junio de 2013 15:51<br \/>\n25 De junio del 2013 (LifeSiteNews.com) &#8211; La ex presidente de la c\u00e1mara de representantes,  Nancy Pelosi se ha re\u00eddo de una carta redactada por el fundador de Sacerdotes por la Vida, el padre Frank Pavone, que hab\u00eda desafiado a la diputada que se dice cat\u00f3lica a pesar de su fuerte posici\u00f3n pro-aborto.<\/p>\n<p>En una entrevista con <em>Think Progress<\/em>, Pelosi dijo que el padre Pavone estaba siendo \u00abhist\u00e9rico\u00bb, diciendo, \u00abQue arrogancia! Es como algo antiguo, medieval.\u00bb Tambi\u00e9n dijo que aunque ella entienda lo que ense\u00f1a la iglesia cat\u00f3lica sobre el aborto, \u00abmi fe no se trata de su posici\u00f3n\u00bb.<\/p>\n<p>El padre Pavone escribi\u00f3 la carta en respuesta a los comentarios recientes de Pelosi, describiendo el problema del aborto inducido como \u00abalgo sagrado.<\/p>\n<p>Durante el intercambio la congresista tambi\u00e9n se describi\u00f3 a s\u00ed misma como una \u00abcat\u00f3lica practicante y respetuosa\u00bb, pero expres\u00f3 su oposici\u00f3n al proyecto de ley sobre el aborto inducido, diciendo: \u00abEsto no tiene nada que ver con la pol\u00edtica\u00bb.<\/p>\n<p>En su carta, Pavone hab\u00eda escrito: \u00abSra. Pelosi, durante d\u00e9cadas se ha salido con la suya traicionando y tergiversando la fe cat\u00f3lica, as\u00ed como las responsabilidades de su cargo p\u00fablico. Hemos tenido suficiente de esto. Ejerza su deberes como funcionario p\u00fablico y como cat\u00f3lico o tenga la honestidad para renunciar formalmente a ellos.\u00bb<\/p>\n<p>En la entrevista con ThinkProress, Pelosi insisti\u00f3, \u00abmi fe es muy profunda y lo ha sido toda mi vida. Me encanta mi fe y mi fe no tiene nada que ver con quien \u00e9l [el padre Frank Pavone] es. \u00bb<\/p>\n<p>Agreg\u00f3 que \u00abla iglesia me ense\u00f1\u00f3 como desde joven que cada persona tiene libre albedr\u00edo y tiene la responsabilidad de cumplir con ciertas normas morales. Y respeto el juicio y los valores de la mujer para cumplirlo. Si este sacerdote piensa que su juicio debe ser el juicio de otra mujer, es absolutamente rid\u00edculo para m\u00ed. \u00bb<\/p>\n<p>Dijo que en lugar de lo que ense\u00f1a la iglesia cat\u00f3lica, su fe es \u00absobre Cristo, que es mi Salvador, la iglesia es su iglesia y no tiene nada que ver con Sacerdotes por la Vida&#8230;\u00bb<\/p>\n<p>Concluy\u00f3 diciendo que \u00abno vale la pena\u00bb lo que el padre Pavone escribi\u00f3 en su carta. \u00abFue una declaraci\u00f3n muy emotiva la que hicieron. Si fuese m\u00e1s intelectual podr\u00eda haberle prestado atenci\u00f3n. \u00c9l estaba actuando hist\u00e9ricamente.\u00bb<\/p>\n","protected":false},"excerpt":{"rendered":"<p>Por John Jalsevac. Traducido y editado por Alejandro P. de www.catolicasmexico.com Martes, 25 de junio de 2013 15:51 25 De junio del 2013 (LifeSiteNews.com) &#8211; La ex presidente de la c\u00e1mara de representantes, Nancy Pelosi se ha re\u00eddo de una carta redactada por el fundador de Sacerdotes por la Vida, el padre Frank Pavone, que [&hellip;]<\/p>\n","protected":false},"author":5,"featured_media":0,"comment_status":"open","ping_status":"open","sticky":false,"template":"","format":"standard","meta":{"spay_email":"","jetpack_publicize_message":"","jetpack_is_tweetstorm":false},"categories":[9,20,13,14,26],"tags":[],"aioseo_notices":[],"jetpack_featured_media_url":"","jetpack_publicize_connections":[],"jetpack_shortlink":"https:\/\/wp.me\/p3B5XH-fz","jetpack-related-posts":[{"id":896,"url":"http:\/\/catolicasmexico.com\/blog\/repudian-asedio-de-promotores-del-aborto-a-catedral-de-santiago-de-compostela-promovido-por-el-psoe\/","url_meta":{"origin":965,"position":0},"title":"Repudian asedio de promotores del aborto a Catedral de Santiago de Compostela promovido por el PSOE","date":"18 junio 2013","format":false,"excerpt":"REDACCI\u00d3N CENTRAL, 17 Jun. 13 \/ 12:42 pm (ACI\/EWTN Noticias).- Miguel Vidal, portavoz de la plataforma M\u00e1s Libres, que defiende la libertad religiosa y de expresi\u00f3n en Europa, critic\u00f3 el \"totalitarismo\" expuesto por los grupos que asediaron el 16 de junio la Catedral de Santiago de Compostela (Espa\u00f1a) defendiendo el\u2026","rel":"","context":"En \u00abEspa\u00f1a\u00bb","img":{"alt_text":"","src":"","width":0,"height":0},"classes":[]},{"id":2969,"url":"http:\/\/catolicasmexico.com\/blog\/la-cantante-celine-dion-confiesa-que-de-cierta-manera-su-vida-se-la-debe-a-un-sacerdote\/","url_meta":{"origin":965,"position":1},"title":"La cantante C\u00e9line Dion confiesa que de cierta manera su vida se la debe a un sacerdote.","date":"29 mayo 2014","format":false,"excerpt":"Del sitio www.cqv.cq.ca original del sitio www.m\u00e9dias-presse-info traducci\u00f3n y edici\u00f3n libre www.catolicas mexico.com (..)La cantante canadiense C\u00e9line Dion cuenta el hecho de que pudo haber sido abortada. Cuando su madre se enter\u00f3 que estaba embarazada nuevamente, lo consideraba como una cat\u00e1strofe, porque ser\u00eda el decimocuarto hijo de la familia. C\u00e9line\u2026","rel":"","context":"En \u00abAborto\u00bb","img":{"alt_text":"","src":"","width":0,"height":0},"classes":[]},{"id":2178,"url":"http:\/\/catolicasmexico.com\/blog\/quien-dice-que-el-diablo-no-existelas-feministas-pro-aborto-agreden-sexualmente-a-los-hombres-en-oracion-que-defendian-la-catedral\/","url_meta":{"origin":965,"position":2},"title":"\u00bfQui\u00e9n dice que el diablo no existe?Las Feministas Pro-aborto agreden sexualmente a los hombres en oraci\u00f3n que defend\u00edan la catedral.","date":"5 diciembre 2013","format":false,"excerpt":"\u00a0 Del sitio www.cqv.qc.ca por Sof\u00eda V\u00e1zquez-Mellado, traducido por www.catolicasmexico.com Buenos Aires, 02 de diciembre de 2013 (LifeSiteNews.com) - extremadamente impactantes las secuencias del video filmado en la ciudad de San Juan en Argentina, que muestra una multitud de feministas, durante una reciente manifestaci\u00f3n , atacando y agrediendo sexualmente a\u2026","rel":"","context":"En \u00abAborto\u00bb","img":{"alt_text":"","src":"https:\/\/i2.wp.com\/catolicasmexico.com\/blog\/wp-content\/uploads\/2013\/12\/20131205-201311.jpg?resize=350%2C200","width":350,"height":200},"classes":[]},{"id":3504,"url":"http:\/\/catolicasmexico.com\/blog\/pagara-10-000-euros-por-haber-dado-un-par-de-zapatitos-y-una-medalla-a-una-mujer-que-estaba-por-abortar-el-dr-dor-anuncia-que-seguira-adelante-con-la-gracia-de-dios\/","url_meta":{"origin":965,"position":3},"title":"Pagar\u00e1 10.000 euros por haber dado un par de zapatitos y una medalla a una mujer que estaba por abortar, el Dr. Dor anuncia que seguir\u00e1 adelante \u201ccon la gracia de Dios\u201d","date":"4 noviembre 2014","format":false,"excerpt":"Art\u00edculo original Nouvelles de France traducci\u00f3n y edici\u00f3n libre Mart\u00edn Pacheco para CatolicasMexico. El Dr. Xavier Dor fue condenado por el Tribunal de Apelaci\u00f3n de Paris (Cour d\u2019Appel de Paris) a pagar una multa de 10.000 euros, la mitad de esta de ejecuci\u00f3n condicional, por obstaculizar la interrupci\u00f3n voluntaria de\u2026","rel":"","context":"En \u00abAborto\u00bb","img":{"alt_text":"","src":"https:\/\/i2.wp.com\/catolicasmexico.com\/blog\/wp-content\/uploads\/2014\/11\/20141104-091624.jpg?resize=350%2C200","width":350,"height":200},"classes":[]},{"id":1009,"url":"http:\/\/catolicasmexico.com\/blog\/nancy-pelosi-gracias-a-dios-por-el-matrimonio-homosexual\/","url_meta":{"origin":965,"position":4},"title":"Nancy Pelosi: 'gracias a Dios' por el 'matrimonio' homosexual","date":"3 julio 2013","format":false,"excerpt":"Por Ben Johnson Jue 27 de junio de 2013 10:00 EST \u00a0 WASHINGTON, D.C., 27 de junio de 2013 (LifeSiteNews.com) \u2013 Entre los que celebraron las sentencias de los dos casos de la Corte Suprema que favorecen la agenda pol\u00edtica homosexual est\u00e1 la ex presidenta de la c\u00e1mara, Nancy Pelosi,\u2026","rel":"","context":"En \u00abEEUU\u00bb","img":{"alt_text":"","src":"https:\/\/i2.wp.com\/catolicasmexico.com\/blog\/wp-content\/uploads\/2013\/07\/Nacy-Pelosi.jpeg?resize=350%2C200","width":350,"height":200},"classes":[]},{"id":1979,"url":"http:\/\/catolicasmexico.com\/blog\/promotores-del-aborto-atacan-sede-de-conferencia-episcopal-de-costa-rica\/","url_meta":{"origin":965,"position":5},"title":"Promotores del aborto atacan sede de Conferencia Episcopal de Costa Rica","date":"17 octubre 2013","format":false,"excerpt":"(Foto Conferencia Episcopal Costa Rica) SAN JOS\u00c9, 17 Oct. 13 \/ 03:15 pm (ACI\/EWTN Noticias).- Un grupo de desconocidos llen\u00f3 de lemas a favor del\u00a0aborto\u00a0buena parte del exterior de la sede de la Conferencia Episcopal de Costa Rica (CECR) en San Jos\u00e9, la capital del pa\u00eds, as\u00ed como tambi\u00e9n la\u2026","rel":"","context":"En \u00abAborto\u00bb","img":{"alt_text":"","src":"https:\/\/i2.wp.com\/catolicasmexico.com\/blog\/wp-content\/uploads\/2013\/10\/Costa_Rica_aborto_CECR.jpg?resize=350%2C200","width":350,"height":200},"classes":[]}],"jetpack_likes_enabled":false,"jetpack_sharing_enabled":true,"_links":{"self":[{"href":"http:\/\/catolicasmexico.com\/blog\/wp-json\/wp\/v2\/posts\/965"}],"collection":[{"href":"http:\/\/catolicasmexico.com\/blog\/wp-json\/wp\/v2\/posts"}],"about":[{"href":"http:\/\/catolicasmexico.com\/blog\/wp-json\/wp\/v2\/types\/post"}],"author":[{"embeddable":true,"href":"http:\/\/catolicasmexico.com\/blog\/wp-json\/wp\/v2\/users\/5"}],"replies":[{"embeddable":true,"href":"http:\/\/catolicasmexico.com\/blog\/wp-json\/wp\/v2\/comments?post=965"}],"version-history":[{"count":6,"href":"http:\/\/catolicasmexico.com\/blog\/wp-json\/wp\/v2\/posts\/965\/revisions"}],"predecessor-version":[{"id":4683,"href":"http:\/\/catolicasmexico.com\/blog\/wp-json\/wp\/v2\/posts\/965\/revisions\/4683"}],"wp:attachment":[{"href":"http:\/\/catolicasmexico.com\/blog\/wp-json\/wp\/v2\/media?parent=965"}],"wp:term":[{"taxonomy":"category","embeddable":true,"href":"http:\/\/catolicasmexico.com\/blog\/wp-json\/wp\/v2\/categories?post=965"},{"taxonomy":"post_tag","embeddable":true,"href":"http:\/\/catolicasmexico.com\/blog\/wp-json\/wp\/v2\/tags?post=965"}],"curies":[{"name":"wp","href":"https:\/\/api.w.org\/{rel}","templated":true}]}}