{"id":962,"date":"2013-06-27T10:56:59","date_gmt":"2013-06-27T15:56:59","guid":{"rendered":"http:\/\/catolicasmexico.com\/blog\/?p=962"},"modified":"2017-07-22T01:12:39","modified_gmt":"2017-07-22T06:12:39","slug":"alerta-a-los-padres-de-familia-una-serie-de-disney-channel-con-dos-mamas-lesbianas","status":"publish","type":"post","link":"http:\/\/catolicasmexico.com\/blog\/alerta-a-los-padres-de-familia-una-serie-de-disney-channel-con-dos-mamas-lesbianas\/","title":{"rendered":"\u00a1Alerta a los padres de familia!&#8230;Una serie de Disney Channel con dos mam\u00e1s lesbianas"},"content":{"rendered":"<p><a href=\"http:\/\/catolicasmexico.com\/blog\/wp-content\/uploads\/2013\/06\/Good-Luck-Charlie-Season-1.jpg\"><img data-attachment-id=\"4681\" data-permalink=\"http:\/\/catolicasmexico.com\/blog\/alerta-a-los-padres-de-familia-una-serie-de-disney-channel-con-dos-mamas-lesbianas\/good-luck-charlie-season-1\/\" data-orig-file=\"http:\/\/catolicasmexico.com\/blog\/wp-content\/uploads\/2013\/06\/Good-Luck-Charlie-Season-1.jpg\" data-orig-size=\"600,600\" data-comments-opened=\"1\" data-image-meta=\"{&quot;aperture&quot;:&quot;0&quot;,&quot;credit&quot;:&quot;&quot;,&quot;camera&quot;:&quot;&quot;,&quot;caption&quot;:&quot;&quot;,&quot;created_timestamp&quot;:&quot;0&quot;,&quot;copyright&quot;:&quot;&quot;,&quot;focal_length&quot;:&quot;0&quot;,&quot;iso&quot;:&quot;0&quot;,&quot;shutter_speed&quot;:&quot;0&quot;,&quot;title&quot;:&quot;&quot;,&quot;orientation&quot;:&quot;0&quot;}\" data-image-title=\"Good-Luck-Charlie-Season-1\" data-image-description=\"\" data-medium-file=\"http:\/\/catolicasmexico.com\/blog\/wp-content\/uploads\/2013\/06\/Good-Luck-Charlie-Season-1-300x300.jpg\" data-large-file=\"http:\/\/catolicasmexico.com\/blog\/wp-content\/uploads\/2013\/06\/Good-Luck-Charlie-Season-1.jpg\" src=\"http:\/\/catolicasmexico.com\/blog\/wp-content\/uploads\/2013\/06\/Good-Luck-Charlie-Season-1.jpg\" alt=\"\" width=\"600\" height=\"600\" class=\"alignleft size-full wp-image-4681\" srcset=\"http:\/\/catolicasmexico.com\/blog\/wp-content\/uploads\/2013\/06\/Good-Luck-Charlie-Season-1.jpg 600w, http:\/\/catolicasmexico.com\/blog\/wp-content\/uploads\/2013\/06\/Good-Luck-Charlie-Season-1-300x300.jpg 300w, http:\/\/catolicasmexico.com\/blog\/wp-content\/uploads\/2013\/06\/Good-Luck-Charlie-Season-1-150x150.jpg 150w\" sizes=\"100vw\" \/> <\/a><\/p>\n<p>Por Ben Johnson.<br \/>\nTraducci\u00f3n y edici\u00f3n Alejandro P. de www.catolicasmexico.com<\/p>\n<p>Lunes, 24 de junio de 2013 16:43 EST<\/p>\n<p>HOLLYWOOD, 24 de junio de 2013 (LifeSiteNews.com) \u2013 Disney Channel incluir\u00e1 personajes homosexuales en la trama del programa infantil con altos niveles de audiencia para su \u00faltima temporada.<\/p>\n<p>La red de cable ha confirmado que un episodio de \u00abGood Luck Charlie\u00bb (\u00a1Buena suerte, Charlie!) ser\u00e1 la historia de un ni\u00f1o que tiene dos madres.<\/p>\n<p>Charlie, que es una ni\u00f1a, empezar\u00e1 una amistad con un ni\u00f1o y sus padres intentar\u00e1 entablar una relaci\u00f3n con las dos mam\u00e1s del ni\u00f1o.<\/p>\n<p>El \u00fanico problema que podr\u00eda estancar el florecimiento de \u00e9sta amistad es que los padres heterosexuales de Charlie son aburridos. Charlie (que es una ni\u00f1a) har\u00e1 que su madre, Amy, hable con una de las \u00abmadres\u00bb, mientras que su padre Bob desempe\u00f1ar\u00e1 el papel prototipo de \u00abtorpe pap\u00e1,\u00bb aburriendo a la pareja lesbiana.<\/p>\n<p>\u00abEsta historia en particular se desarroll\u00f3 bajo la asesor\u00eda de expertos en desarrollo infantil y asesores de la comunidad\u00bb, dijo un portavoz de Disney Channel. \u00abComo toda la programaci\u00f3n Disney Channel, fue desarrollado para ser pertinente para los ni\u00f1os y familias en todo el mundo y para reflejar temas de diversidad e inclusi\u00f3n\u00bb.<\/p>\n<p>El segmento de dos mam\u00e1s estar\u00e1 al aire a principios de 2014, para la \u00faltima temporada del programa.<\/p>\n<p>\u00abEsto es una noticia maravillosa. Estamos muy orgullosos de que Disney est\u00e1 reconociendo que las familias no tienen que encajar en el molde.\u00bb, exclam\u00f3 el escritor y columnista homosexual del espect\u00e1culo Perez Hilton.<\/p>\n<p>Un segmento anterior de Disney Channel de su campa\u00f1a \u00abMake Your Mark\u00bb mostraba a un adolescente que ten\u00eda dos madres.<\/p>\n<p>Seg\u00fan un comunicado de prensa de la red, el canal de Disney tiene una audiencia de 1,02 millones de ni\u00f1os entre las edades de 2-11 a\u00f1os, de los cuales unos 300.000 son menores de seis a\u00f1os.<\/p>\n","protected":false},"excerpt":{"rendered":"<p>Por Ben Johnson. Traducci\u00f3n y edici\u00f3n Alejandro P. de www.catolicasmexico.com Lunes, 24 de junio de 2013 16:43 EST HOLLYWOOD, 24 de junio de 2013 (LifeSiteNews.com) \u2013 Disney Channel incluir\u00e1 personajes homosexuales en la trama del programa infantil con altos niveles de audiencia para su \u00faltima temporada. La red de cable ha confirmado que un episodio [&hellip;]<\/p>\n","protected":false},"author":5,"featured_media":4681,"comment_status":"open","ping_status":"open","sticky":false,"template":"","format":"standard","meta":{"spay_email":"","jetpack_publicize_message":"","jetpack_is_tweetstorm":false},"categories":[15,12,11],"tags":[],"aioseo_notices":[],"jetpack_featured_media_url":"http:\/\/catolicasmexico.com\/blog\/wp-content\/uploads\/2013\/06\/Good-Luck-Charlie-Season-1.jpg","jetpack_publicize_connections":[],"jetpack_shortlink":"https:\/\/wp.me\/p3B5XH-fw","jetpack-related-posts":[{"id":1443,"url":"http:\/\/catolicasmexico.com\/blog\/la-administracion-obama-obliga-al-distrito-escolar-a-autorizar-que-una-adolescente-use-el-bano-de-las-duchas-y-los-dormitorios-de-varones\/","url_meta":{"origin":962,"position":0},"title":"La administraci\u00f3n OBAMA obliga  al distrito escolar a autorizar  que una adolescente use el ba\u00f1o de las duchas y los dormitorios de varones.","date":"29 julio 2013","format":false,"excerpt":"ARCADIA, CA, 25 de julio de 2013 (LifeSiteNews.com) Traducci\u00f3n y edici\u00f3n libre Monica Y.A. de www.catolicasmexico.com El Departamento de Justicia del gobierno de Obama ha presionado a una escuela distrital de California para permitir que una estudiante de primer a\u00f1o de secundaria que es anat\u00f3micamente femenino y que se identifica\u2026","rel":"","context":"En \u00abEEUU\u00bb","img":{"alt_text":"","src":"","width":0,"height":0},"classes":[]},{"id":2852,"url":"http:\/\/catolicasmexico.com\/blog\/haber-tenido-dos-madres-fue-el-drama-de-su-vida\/","url_meta":{"origin":962,"position":1},"title":"Haber tenido dos madres fue el drama de su vida.","date":"24 abril 2014","format":false,"excerpt":"noticia religi\u00f3n en libertad. (...) Robert Oscar L\u00f3pez, profesor de ingl\u00e9s en la Universidad Estatal de California, quien hasta la edad de 19 a\u00f1os fue criado por su madre y su pareja lesbiana. Robert pregunta a toda la sociedad: \"\u00bfRealmente necesitamos a un cient\u00edfico para decirnos y saber que todo\u2026","rel":"","context":"En \u00abEEUU\u00bb","img":{"alt_text":"","src":"https:\/\/i1.wp.com\/catolicasmexico.com\/blog\/wp-content\/uploads\/2014\/04\/20140424-150557.jpg?resize=350%2C200","width":350,"height":200},"classes":[]},{"id":974,"url":"http:\/\/catolicasmexico.com\/blog\/lo-ultimo-ninos-trasgenero\/","url_meta":{"origin":962,"position":2},"title":"Lo \u00faltimo: ni\u00f1os trasg\u00e9nero.","date":"26 junio 2013","format":false,"excerpt":"Del blog de www.cqv,qc.ca Traducido y editado por www.catolicasmexico.com (Un poco de su historia) A los cinco meses sus padres empezaron a \"ver\" que Coy se sent\u00eda una ni\u00f1a - porque agarr\u00f3 la frazada rosa de una de sus hermanas. M\u00e1s tarde, mostr\u00f3 poco inter\u00e9s en los juguetes, \"masculinos\" y\u2026","rel":"","context":"En \u00abEEUU\u00bb","img":{"alt_text":"","src":"","width":0,"height":0},"classes":[]},{"id":4249,"url":"http:\/\/catolicasmexico.com\/blog\/dos-anos-despues-del-nacimiento-de-su-nino-aborto-a-su-hermano-por-nacer\/","url_meta":{"origin":962,"position":3},"title":"Dos a\u00f1os despu\u00e9s del nacimiento de su ni\u00f1o, abort\u00f3 a su hermano por nacer","date":"18 febrero 2016","format":false,"excerpt":"\u00a0 Original de lifenews.com traduccion libre para catolicasmexico.com Hoy en d\u00eda, millones de ni\u00f1os en Am\u00e9rica tienen hermanos o hermanas que nunca conocer\u00e1n a causa del aborto. \u00a0 El hijo de la promotora del aborto Liz Jones es uno de ellos. El blog de Tumblr \"Pregnant, Parenting & Pro-Choice\" (Embarazada,\u2026","rel":"","context":"En \u00abAborto\u00bb","img":{"alt_text":"","src":"https:\/\/i2.wp.com\/catolicasmexico.com\/blog\/wp-content\/uploads\/2016\/02\/lizjones.png?resize=350%2C200","width":350,"height":200},"classes":[]},{"id":940,"url":"http:\/\/catolicasmexico.com\/blog\/la-eutanasia-infantil-en-belgica-y-los-paises-bajos-70-anos-despues-del-regimen-nazi\/","url_meta":{"origin":962,"position":4},"title":"La eutanasia infantil en B\u00e9lgica y los Pa\u00edses Bajos 70 a\u00f1os despu\u00e9s del r\u00e9gimen Nazi","date":"21 junio 2013","format":false,"excerpt":"POR PETER SAUNDERS \u00a0 18 De junio del 2013 (PJSaunders) - La semana pasada B\u00e9lgica y Holanda han tomado pasos importantes para la legalizacion de la eutanasia para los ni\u00f1os. \u00a0 Seg\u00fan los informes, un acuerdo se ha formado entre los miembros del Parlamento Federal belga en apoyo a la\u2026","rel":"","context":"En \u00abEutanasia\u00bb","img":{"alt_text":"","src":"https:\/\/i1.wp.com\/catolicasmexico.com\/blog\/wp-content\/uploads\/2013\/06\/Karl_Brandt_SS-Arzt.jpg?resize=350%2C200","width":350,"height":200},"classes":[]},{"id":125,"url":"http:\/\/catolicasmexico.com\/blog\/eduard-verhagen-apunta-a-eliminar-al-nino-enfermo-tras-el-nacimiento-en-lugar-de-durante-la-gestacion-certeza-total-sobre-el-diagnostico-y-un-pronostico-mas-claro-apunta-el-medico-holandes-autor\/","url_meta":{"origin":962,"position":5},"title":"Eduard Verhagen apunta a eliminar al ni\u00f1o enfermo tras el nacimiento en lugar de durante la gestaci\u00f3n \"Certeza total sobre el diagn\u00f3stico y un pron\u00f3stico m\u00e1s claro\", apunta el m\u00e9dico holand\u00e9s, autor del Protocolo de Groningen","date":"3 mayo 2013","format":false,"excerpt":"Certeza total sobre el\u00a0diagn\u00f3stico y un pron\u00f3stico m\u00e1s claro: es por lo que el m\u00e9dico holand\u00e9s Eduard Verhagen defiende que se opte por eliminar al ni\u00f1o enfermo tras el nacimiento, en lugar de durante la gestaci\u00f3n. \u00a0 REDACCI\u00d3N HO.- \u00a0Certeza total sobre el\u00a0diagn\u00f3stico y un pron\u00f3stico m\u00e1s claro despu\u00e9s del\u2026","rel":"","context":"En \u00abAborto\u00bb","img":{"alt_text":"","src":"https:\/\/i1.wp.com\/catolicasmexico.com\/blog\/wp-content\/uploads\/2013\/05\/imagezz-1.jpeg?resize=350%2C200","width":350,"height":200},"classes":[]}],"jetpack_likes_enabled":false,"jetpack_sharing_enabled":true,"_links":{"self":[{"href":"http:\/\/catolicasmexico.com\/blog\/wp-json\/wp\/v2\/posts\/962"}],"collection":[{"href":"http:\/\/catolicasmexico.com\/blog\/wp-json\/wp\/v2\/posts"}],"about":[{"href":"http:\/\/catolicasmexico.com\/blog\/wp-json\/wp\/v2\/types\/post"}],"author":[{"embeddable":true,"href":"http:\/\/catolicasmexico.com\/blog\/wp-json\/wp\/v2\/users\/5"}],"replies":[{"embeddable":true,"href":"http:\/\/catolicasmexico.com\/blog\/wp-json\/wp\/v2\/comments?post=962"}],"version-history":[{"count":7,"href":"http:\/\/catolicasmexico.com\/blog\/wp-json\/wp\/v2\/posts\/962\/revisions"}],"predecessor-version":[{"id":4684,"href":"http:\/\/catolicasmexico.com\/blog\/wp-json\/wp\/v2\/posts\/962\/revisions\/4684"}],"wp:featuredmedia":[{"embeddable":true,"href":"http:\/\/catolicasmexico.com\/blog\/wp-json\/wp\/v2\/media\/4681"}],"wp:attachment":[{"href":"http:\/\/catolicasmexico.com\/blog\/wp-json\/wp\/v2\/media?parent=962"}],"wp:term":[{"taxonomy":"category","embeddable":true,"href":"http:\/\/catolicasmexico.com\/blog\/wp-json\/wp\/v2\/categories?post=962"},{"taxonomy":"post_tag","embeddable":true,"href":"http:\/\/catolicasmexico.com\/blog\/wp-json\/wp\/v2\/tags?post=962"}],"curies":[{"name":"wp","href":"https:\/\/api.w.org\/{rel}","templated":true}]}}