{"id":958,"date":"2013-06-25T12:10:38","date_gmt":"2013-06-25T17:10:38","guid":{"rendered":"http:\/\/catolicasmexico.com\/blog\/?p=958"},"modified":"2013-07-08T22:09:02","modified_gmt":"2013-07-09T03:09:02","slug":"rusia-rechaza-otorgar-la-adopcion-a-parejas-del-mismo-sexo","status":"publish","type":"post","link":"http:\/\/catolicasmexico.com\/blog\/rusia-rechaza-otorgar-la-adopcion-a-parejas-del-mismo-sexo\/","title":{"rendered":"Rusia, rechaza otorgar la adopci\u00f3n a parejas del mismo sexo."},"content":{"rendered":"<p><a href=\"http:\/\/catolicasmexico.com\/blog\/wp-content\/uploads\/2013\/06\/20130625-1312032.jpg\"><img src=\"http:\/\/catolicasmexico.com\/blog\/wp-content\/uploads\/2013\/06\/20130625-1312032.jpg\" alt=\"20130625-131203.jpg\" class=\"alignnone size-full\"  \/> <\/a><\/p>\n<p>Del sitio de www.cqv.qc.ca texto original Le Soleil du 21 juin 2013:<\/p>\n<p>Traducido y editado por www.catolicasmexico.com <\/p>\n<p>La Duma aprob\u00f3 el viernes una ley que proh\u00edbe la adopci\u00f3n de los ni\u00f1os rusos,  por parejas de homosexuales o solteros de los pa\u00edses que han legalizado las uniones entre personas del mismo sexo,  El texto fue condenado por los defensores de los derechos humanos.<\/p>\n<p>La c\u00e1mara baja del Parlamento ruso dio su aprobaci\u00f3n final a este texto, en la tercera y \u00faltima lectura, los 444 miembros presentes votaron por unanimidad.<\/p>\n<p>La ley todav\u00eda debe ser aprobada por la c\u00e1mara alta del Parlamento &#8211; el Consejo de la Federaci\u00f3n &#8211; y promulgada por el Presidente ruso, lo que parece ser solo una formalidad, Vladimir Poutine dijo recientemente que apoyar\u00eda dicha legislaci\u00f3n.<\/p>\n<p>Uno de los autores de la ley, Elena Mizoulina, miembro del Parlamento del partido Rusia justo, no ocult\u00f3 durante el examen en la segunda lectura esta semana que la severidad del texto pretend\u00eda evitar de hecho, \u00abcualquier posibilidad de que los extranjeros con una orientaci\u00f3n sexual no tradicional pudieran adoptar ni\u00f1os <\/p>\n<p>(&#8230;)<\/p>\n<p>Rusia tom\u00f3 al mismo tiempo medidas destinadas a fomentar la adopci\u00f3n por familias rusas.<\/p>\n<p>La ley aprobada el viernes ofrece a los padres adoptivos de ni\u00f1os con discapacidad o mayores  de siete a\u00f1os 100.000 rublos ($3157).<\/p>\n<p>Al mismo tiempo, una campa\u00f1a para fomentar los  \u00abvalores tradicionales\u00bb comenz\u00f3 en Rusia en los \u00faltimos meses, y la semana pasada, la Duma aprob\u00f3 una controvertida ley para castigar cualquier acto de \u00abpropaganda\u00bb homosexual destinada a menores.<\/p>\n<p>Seg\u00fan los expertos, el objetivo de esta campa\u00f1a es realmente consolidar el c\u00edrculo de seguidores de Vladimir Poutine alrededor de los valores tradicionales frente a los del oeste, presentados como \u00abdepravados\u00bb. (&#8230;)<\/p>\n","protected":false},"excerpt":{"rendered":"<p>Del sitio de www.cqv.qc.ca texto original Le Soleil du 21 juin 2013: Traducido y editado por www.catolicasmexico.com La Duma aprob\u00f3 el viernes una ley que proh\u00edbe la adopci\u00f3n de los ni\u00f1os rusos, por parejas de homosexuales o solteros de los pa\u00edses que han legalizado las uniones entre personas del mismo sexo, El texto fue condenado [&hellip;]<\/p>\n","protected":false},"author":2,"featured_media":957,"comment_status":"open","ping_status":"open","sticky":false,"template":"","format":"standard","meta":{"spay_email":"","jetpack_publicize_message":"","jetpack_is_tweetstorm":false},"categories":[15,12,70,11,71],"tags":[],"aioseo_notices":[],"jetpack_featured_media_url":"http:\/\/catolicasmexico.com\/blog\/wp-content\/uploads\/2013\/06\/20130625-1312032.jpg","jetpack_publicize_connections":[],"jetpack_shortlink":"https:\/\/wp.me\/p3B5XH-fs","jetpack-related-posts":[{"id":2587,"url":"http:\/\/catolicasmexico.com\/blog\/mexico-ciprofam-internacional-denuncia-que-homosexuales-coahuila-podran-adoptar\/","url_meta":{"origin":958,"position":0},"title":"M\u00e9xico: Ciprofam Internacional denuncia que homosexuales de Coahuila podr\u00e1n adoptar","date":"13 febrero 2014","format":false,"excerpt":"(...) MEXICO.-(AGENCIALAVOZ) El Congreso de Coahuila derog\u00f3 el art\u00edculo del C\u00f3digo Penal de dicha entidad mexicana en el que se proh\u00edbe expresamente la adopci\u00f3n para parejas de homosexuales. El diputado local Ricardo L\u00f3pez Campos, explic\u00f3 que entre las iniciativas presentadas por el gobierno de Coahuila, est\u00e1 el de abrir la\u2026","rel":"","context":"En \u00abLegislaci\u00f3n\u00bb","img":{"alt_text":"","src":"https:\/\/i0.wp.com\/catolicasmexico.com\/blog\/wp-content\/uploads\/2014\/02\/20140213-141416.jpg?resize=350%2C200","width":350,"height":200},"classes":[]},{"id":1841,"url":"http:\/\/catolicasmexico.com\/blog\/rusia-bloquea-adopciones-a-parejas-gays-en-espana\/","url_meta":{"origin":958,"position":1},"title":"Rusia bloquea adopciones a parejas gays en Espa\u00f1a","date":"17 septiembre 2013","format":false,"excerpt":"ESPA\u00d1A-.(AGENCIALAVOZ) Como consecuencia de las ley que proh\u00edbe la adopci\u00f3n de ni\u00f1os rusos por parte de parejas extranjeras, Rusia ha bloqueado el proceso de adopci\u00f3n para parejas gays en Espa\u00f1a. Rusia ha paralizado las adopciones de familias espa\u00f1olas a causa de un cambio legislativo que impide que las parejas gays\u2026","rel":"","context":"En \u00abHomosexualidad\u00bb","img":{"alt_text":"","src":"","width":0,"height":0},"classes":[]},{"id":103,"url":"http:\/\/catolicasmexico.com\/blog\/putin-pide-modificar-los-acuerdos-sobre-adopcion-con-los-paises-que-aprueban-el-matrimonio-homosexual\/","url_meta":{"origin":958,"position":2},"title":"Putin pide modificar los acuerdos sobre adopci\u00f3n con los pa\u00edses que aprueban el matrimonio homosexual","date":"29 abril 2013","format":false,"excerpt":"El presidente ruso, Vlad\u00edmir Putin, ha abogado este viernes por modificar los acuerdos en materia de adopci\u00f3n con Francia, en relaci\u00f3n con la reciente aprobaci\u00f3n del \u00abmatrimonio\u00bb homosexual en aquel pa\u00eds. \u00abDebemos reaccionar ante lo que ocurre a nuestro alrededor. Nosotros respetamos a nuestros socios, pero pedimos que respeten nuestras\u2026","rel":"","context":"En \u00abFamilia\u00bb","img":{"alt_text":"","src":"https:\/\/i0.wp.com\/catolicasmexico.com\/blog\/wp-content\/uploads\/2013\/04\/image-6.jpeg?resize=350%2C200","width":350,"height":200},"classes":[]},{"id":972,"url":"http:\/\/catolicasmexico.com\/blog\/la-corte-suprema-de-los-ee-uu-deroga-la-ley-que-protegia-el-matrimonio-y-la-familia\/","url_meta":{"origin":958,"position":3},"title":"La corte suprema de los EE.UU  deroga la ley que proteg\u00eda el matrimonio y la familia.","date":"26 junio 2013","format":false,"excerpt":"Del sitio de www.cqv.qc.ca Traducci\u00f3n y redacci\u00f3n libre www.catolicasmexico.com La Corte Suprema de los Estados Unidos dictamin\u00f3 que la Ley Federal de defensa al matrimonio (DOMA) es discriminatoria para los c\u00f3nyuges del mismo sexo. El m\u00e1ximo tribunal del pa\u00eds,deb\u00eda pronunciarse sobre el caso de \u00c9dith Windsor, una viuda homosexual de\u2026","rel":"","context":"En \u00abEEUU\u00bb","img":{"alt_text":"","src":"","width":0,"height":0},"classes":[]},{"id":1531,"url":"http:\/\/catolicasmexico.com\/blog\/yo-todavia-no-consigo-lo-que-quiero-pareja-gay-demanda-a-la-iglesia-por-negarles-boda\/","url_meta":{"origin":958,"position":4},"title":"Yo todav\u00eda no consigo lo que quiero\": Pareja gay demanda a la iglesia por negarles  \u201cboda\u201d.","date":"5 agosto 2013","format":false,"excerpt":"Londres, 02 de agosto 2013 LifeSiteNews.com Traducci\u00f3n y edici\u00f3n libre de Monica Y.A. de www.catolicasmexico.com Menos de dos semanas despu\u00e9s de la firma de la ley del \"matrimonio gay\" del gobierno de coalici\u00f3n,un hombre homosexual ha puesto en marcha una demanda contra la Iglesia de una parroquia de Inglaterra en\u2026","rel":"","context":"En \u00abFamilia\u00bb","img":{"alt_text":"","src":"","width":0,"height":0},"classes":[]},{"id":2911,"url":"http:\/\/catolicasmexico.com\/blog\/los-rumanos-rechazan-ley-de-union-civil-de-homosexuales-porque-solo-debilita-al-matrimonio-portaluz-org\/","url_meta":{"origin":958,"position":5},"title":"Los rumanos rechazan ley de uni\u00f3n civil de homosexuales porque s\u00f3lo debilita al matrimonio - Portaluz.org","date":"14 mayo 2014","format":false,"excerpt":"Ruman\u00eda no introducir\u00e1 en su ordenamiento jur\u00eddico las uniones civiles como el AVP chileno, a pesar de las presiones de la Uni\u00f3n Europea. Todo comenz\u00f3 a principios de marzo, cuando el grupo de derechos humanos de la comunidad Lesbiana Gay Bisexual y Transexual (LGBT) del Parlamento Europeo, envi\u00f3 una carta\u2026","rel":"","context":"En \u00abFamilia\u00bb","img":{"alt_text":"","src":"https:\/\/i2.wp.com\/catolicasmexico.com\/blog\/wp-content\/uploads\/2014\/05\/20140514-121908.jpg?resize=350%2C200","width":350,"height":200},"classes":[]}],"jetpack_likes_enabled":false,"jetpack_sharing_enabled":true,"_links":{"self":[{"href":"http:\/\/catolicasmexico.com\/blog\/wp-json\/wp\/v2\/posts\/958"}],"collection":[{"href":"http:\/\/catolicasmexico.com\/blog\/wp-json\/wp\/v2\/posts"}],"about":[{"href":"http:\/\/catolicasmexico.com\/blog\/wp-json\/wp\/v2\/types\/post"}],"author":[{"embeddable":true,"href":"http:\/\/catolicasmexico.com\/blog\/wp-json\/wp\/v2\/users\/2"}],"replies":[{"embeddable":true,"href":"http:\/\/catolicasmexico.com\/blog\/wp-json\/wp\/v2\/comments?post=958"}],"version-history":[{"count":2,"href":"http:\/\/catolicasmexico.com\/blog\/wp-json\/wp\/v2\/posts\/958\/revisions"}],"predecessor-version":[{"id":1149,"href":"http:\/\/catolicasmexico.com\/blog\/wp-json\/wp\/v2\/posts\/958\/revisions\/1149"}],"wp:featuredmedia":[{"embeddable":true,"href":"http:\/\/catolicasmexico.com\/blog\/wp-json\/wp\/v2\/media\/957"}],"wp:attachment":[{"href":"http:\/\/catolicasmexico.com\/blog\/wp-json\/wp\/v2\/media?parent=958"}],"wp:term":[{"taxonomy":"category","embeddable":true,"href":"http:\/\/catolicasmexico.com\/blog\/wp-json\/wp\/v2\/categories?post=958"},{"taxonomy":"post_tag","embeddable":true,"href":"http:\/\/catolicasmexico.com\/blog\/wp-json\/wp\/v2\/tags?post=958"}],"curies":[{"name":"wp","href":"https:\/\/api.w.org\/{rel}","templated":true}]}}