{"id":953,"date":"2013-06-25T09:00:52","date_gmt":"2013-06-25T14:00:52","guid":{"rendered":"http:\/\/catolicasmexico.com\/blog\/?p=953"},"modified":"2013-07-08T22:06:58","modified_gmt":"2013-07-09T03:06:58","slug":"el-abogado-de-un-abortista-quien-tuerce-el-cuellos-de-los-bebes-dice-es-inocente","status":"publish","type":"post","link":"http:\/\/catolicasmexico.com\/blog\/el-abogado-de-un-abortista-quien-tuerce-el-cuellos-de-los-bebes-dice-es-inocente\/","title":{"rendered":"EL ABOGADO DE UN ABORTISTA QUIEN TUERCE El CUELLOS DE LOS BEBES DICE: \u00abES INOCENTE\u00bb."},"content":{"rendered":"<p><a href=\"http:\/\/catolicasmexico.com\/blog\/wp-content\/uploads\/2013\/06\/20130625-135029.jpg\"><img src=\"http:\/\/catolicasmexico.com\/blog\/wp-content\/uploads\/2013\/06\/20130625-135029.jpg\" alt=\"20130625-135029.jpg\" class=\"alignnone size-full\"  \/> <\/a><\/p>\n<p>Del sitio  Lifenews.<br \/>\nTraducido y editado por www.catolicasmexico.com<\/p>\n<p>Cerca de 20 activistas se presentaron a una conferencia de prensa celebrada ayer por varios grupos  de pro-vida nacionales,  en frente de una de las cl\u00ednicas de aborto de Douglas Karpen en Houston donde unas ex-trabajadoras contaron las atrocidades cometidas.<br \/>\nEl Dr. Day Gardner, presidente de la Uni\u00f3n Nacional Negra Pro-Vida en Washington, DC se dirigi\u00f3 al p\u00fablico diciendo: \u00abKermit Gosnell no es un excepci\u00f3n como Planificaci\u00f3n Familiar y otros grupos que apoyan el aborto intentaron hacernos creer . Cr\u00e9anme cuando digo que los abortistas en todos los Estados Unidos contin\u00faan haciendo lo que Gosnell hacia\u201d.<br \/>\nPoco despu\u00e9s de la condena de Gosnell, Life Dynamics Inc. public\u00f3 el video de una entrevista donde tres ex empleadas de Douglas Karpen, afirmaron haber visto a beb\u00e9s abortados por arriba del l\u00edmite legal en Texas, nacidos vivos, y luego siendo asesin\u00e1ndolos,torciendo la cabeza violentamente  o cort\u00e1ndoles el cuello. Ellas, proporcionaron fotos de dos de los beb\u00e9s abortados que parec\u00edan corroborar sus afirmaciones. Los beb\u00e9s eran grandes y ten\u00edan largos cortes en el cuello. Estas fotos fueron liberadas junto con un informe completo por la Operaci\u00f3n Rescate un d\u00eda despu\u00e9s de la entrevistas.<br \/>\n\u00abEst\u00e1 claro que la industria del aborto y Planificaci\u00f3n Familiar se est\u00e1n dirigiendo a la comunidad de negros e hispanos\u00bb, dijo el pastor Stephen Broden, quien estaba hablando en nombre de la Coalici\u00f3n Negra de Pro-Vida. \u00abEllos han convencido a las mujeres en nuestras comunidades que \u201cla respuesta\u201d est\u00e1 en matar a los beb\u00e9s. Esto tiene que parar\u201d.<br \/>\nLa conferencia de prensa dio al abogado de Karpen una oportunidad para defender a su cliente. Chip Lewis declar\u00f3 que su cliente era inocente de cualquier delito. \u00c9l dijo a la Houston Chronice que Karpen hab\u00eda abierto todos sus registros al Departamento de Polic\u00eda de Houston y a la Oficina del Fiscal del Condado de Harris y  que estaba cooperando con la investigaci\u00f3n.<br \/>\n\u00abEl abogado de Kermit Gosnell afirm\u00f3 que su cliente era inocente \u00ab, dijo Cheryl Sullenger, Asesor Principal de las Normas para Operaci\u00f3n Rescate ,quien no s\u00f3lo asisti\u00f3 al juicio y trabaj\u00f3 con los ex trabajadores de la cl\u00ednica de abortos de Karpen para documentar los abusos que se realizaban en ellas. \u00abNosotros s\u00f3lo tendremos que esperar y ver c\u00f3mo se desarrollan las cosas, pero las fotos y los testimonios de las tres mujeres van a ser dif\u00edciles de explicar .\u201d<br \/>\nLifeNews.com : Cheryl Sullenger es un l\u00edder de la Operaci\u00f3n Rescate, a favor de la vida con sede en Kansas que vigila  a los m\u00e9dicos abortistas y expone sus pr\u00e1cticas ilegales y poco \u00e9ticas.<\/p>\n","protected":false},"excerpt":{"rendered":"<p>Del sitio Lifenews. Traducido y editado por www.catolicasmexico.com Cerca de 20 activistas se presentaron a una conferencia de prensa celebrada ayer por varios grupos de pro-vida nacionales, en frente de una de las cl\u00ednicas de aborto de Douglas Karpen en Houston donde unas ex-trabajadoras contaron las atrocidades cometidas. El Dr. Day Gardner, presidente de la [&hellip;]<\/p>\n","protected":false},"author":2,"featured_media":960,"comment_status":"open","ping_status":"open","sticky":false,"template":"","format":"standard","meta":{"spay_email":"","jetpack_publicize_message":"","jetpack_is_tweetstorm":false},"categories":[9,72,70],"tags":[],"aioseo_notices":[],"jetpack_featured_media_url":"http:\/\/catolicasmexico.com\/blog\/wp-content\/uploads\/2013\/06\/20130625-135029.jpg","jetpack_publicize_connections":[],"jetpack_shortlink":"https:\/\/wp.me\/p3B5XH-fn","jetpack-related-posts":[{"id":373,"url":"http:\/\/catolicasmexico.com\/blog\/ex-abortista-convertida-en-lider-pro-vida-cuestiona-a-quienes-piden-pena-de-muerte-para-gosnell\/","url_meta":{"origin":953,"position":0},"title":"Ex abortista convertida en l\u00edder pro-vida cuestiona a quienes piden pena de muerte para Gosnell","date":"17 mayo 2013","format":false,"excerpt":"WASHINGTON D.C., 16 May. 13 \/ 06:12 am (ACI\/EWTN Noticias).- Abby Johnson, quien\u00a0hace pocos a\u00f1os dej\u00f3 su trabajo como directora de una cl\u00ednica abortista para convertirse en l\u00edder pro-vida, critic\u00f3 la \u201chostilidad\u201d de quienes piden la pena de muerte para el m\u00e9dico abortista Kermit Gosnell. \u201c\u00bfQu\u00e9 es lo que merezco\u2026","rel":"","context":"En \u00abAborto\u00bb","img":{"alt_text":"","src":"https:\/\/i0.wp.com\/catolicasmexico.com\/blog\/wp-content\/uploads\/2013\/05\/image-23.jpeg?resize=350%2C200","width":350,"height":200},"classes":[]},{"id":331,"url":"http:\/\/catolicasmexico.com\/blog\/mike-huckabee-entrevisto-para-fox-news-a-un-reportero-con-experiencia-de-26-anos-en-tribunales-y-que-confiesa-que-es-lo-peor-que-ha-vivido\/","url_meta":{"origin":953,"position":1},"title":"Mike Huckabee entrevist\u00f3 para Fox News a un reportero con experiencia de 26 a\u00f1os en tribunales, y que confiesa que es \u00ablo peor\u00bb que ha vivido","date":"15 mayo 2013","format":false,"excerpt":"Articulo de Religi\u00f3n en\u00a0Libertad.com C.L. \/ ReL A pesar del escandaloso silencio de los grandes medios, el\u00a0establishment\u00a0proabortista no ha podido evitar que se siga el\u00a0juicio contra el doctor Kermit Gosnell, propietario de una cl\u00ednica donde se asesin\u00f3 a m\u00e1s de un centenar de beb\u00e9s\u00a0nacidos vivos del aborto. Tras agon\u00edas de\u2026","rel":"","context":"En \u00abAborto\u00bb","img":{"alt_text":"","src":"https:\/\/i1.wp.com\/catolicasmexico.com\/blog\/wp-content\/uploads\/2013\/05\/image-41.jpeg?resize=350%2C200","width":350,"height":200},"classes":[]},{"id":41,"url":"http:\/\/catolicasmexico.com\/blog\/41\/","url_meta":{"origin":953,"position":2},"title":"Los horrores del abortorio de Gosnell","date":"23 abril 2013","format":false,"excerpt":"Sigue el juicio contra el aborto convertido en infanticidio en EEUU, los cr\u00edmenes de Kermit Gosnell cada d\u00eda que pasa se muestran m\u00e1s espeluznantes. \u00a0 REDACCI\u00d3N HO.- Una antigua trabajadora del abortorio,\u00a0Kareema Cross, declar\u00f3 en el juicio contra Gosnell, acusado de infanticidio y de provocar la muerte de mujeres, que\u2026","rel":"","context":"En \u00abAborto\u00bb","img":{"alt_text":"","src":"https:\/\/i1.wp.com\/catolicasmexico.com\/blog\/wp-content\/uploads\/2013\/04\/image-4.jpeg?resize=350%2C200","width":350,"height":200},"classes":[]},{"id":31,"url":"http:\/\/catolicasmexico.com\/blog\/31\/","url_meta":{"origin":953,"position":3},"title":"Juicio contra el m\u00e9dico Kermit Gosnell","date":"21 abril 2013","format":false,"excerpt":"\u00a0 Filadelfia.12 Abr. 13 \/ 06:37 pm (ACI\/EWTN Noticias).- El juicio contra el m\u00e9dico Kermit Gosnell, acusado de asesinar a beb\u00e9s que sobrevivieron a los abortos tard\u00edos que practic\u00f3 en su cl\u00ednica de Filadelfia, ha destapado el horror del negocio del\u00a0aborto\u00a0con la aparici\u00f3n de fotograf\u00edas de beb\u00e9s decapitados y cuerpos\u2026","rel":"","context":"En \u00abAborto\u00bb","img":{"alt_text":"","src":"https:\/\/i0.wp.com\/catolicasmexico.com\/blog\/wp-content\/uploads\/2013\/04\/image.jpeg?resize=350%2C200","width":350,"height":200},"classes":[]},{"id":325,"url":"http:\/\/catolicasmexico.com\/blog\/abortista-gosnell-declarado-culpable-por-el-homicidio-de-tres-bebes\/","url_meta":{"origin":953,"position":4},"title":"Abortista Gosnell, declarado culpable por el homicidio de tres bebes","date":"14 mayo 2013","format":false,"excerpt":"FILADELFIA, 13 May. 13 \/ 05:34 pm (ACI\/EWTN Noticias).- El m\u00e9dico abortista de Filadelfia (Estados Unidos) Kermit Gosnell fue declarado culpable de tres de las cuatro acusaciones de asesinar beb\u00e9s que nacieron vivos tras abortos fallidos. Gosnell, de 72 a\u00f1os, podr\u00eda enfrentar la pena de muerte por las acusaciones de\u2026","rel":"","context":"En \u00abAborto\u00bb","img":{"alt_text":"","src":"","width":0,"height":0},"classes":[]},{"id":319,"url":"http:\/\/catolicasmexico.com\/blog\/congresista-americano-confiesa-que-su-madre-estuvo-a-punto-de-abortarlo\/","url_meta":{"origin":953,"position":5},"title":"Congresista Americano, confiesa que su madre estuvo a punto de abortarlo.","date":"15 mayo 2013","format":false,"excerpt":"WASHINGTON D.C., 14 May. 13 \/ 04:25 am (ACI\/EWTN Noticias).- \u201cEsa noche en casa con mi esposa y mis dos ni\u00f1os, me dol\u00eda el coraz\u00f3n al pensar que todo esto (su\u00a0vida\u00a0y\u00a0familia) no podr\u00eda haber existido\u201d, expres\u00f3 el congresista republicano de Indiana (Estados Unidos), Marlin Stutzman, luego que su madre le\u2026","rel":"","context":"En \u00abAborto\u00bb","img":{"alt_text":"","src":"https:\/\/i1.wp.com\/catolicasmexico.com\/blog\/wp-content\/uploads\/2013\/05\/image-17.jpeg?resize=350%2C200","width":350,"height":200},"classes":[]}],"jetpack_likes_enabled":false,"jetpack_sharing_enabled":true,"_links":{"self":[{"href":"http:\/\/catolicasmexico.com\/blog\/wp-json\/wp\/v2\/posts\/953"}],"collection":[{"href":"http:\/\/catolicasmexico.com\/blog\/wp-json\/wp\/v2\/posts"}],"about":[{"href":"http:\/\/catolicasmexico.com\/blog\/wp-json\/wp\/v2\/types\/post"}],"author":[{"embeddable":true,"href":"http:\/\/catolicasmexico.com\/blog\/wp-json\/wp\/v2\/users\/2"}],"replies":[{"embeddable":true,"href":"http:\/\/catolicasmexico.com\/blog\/wp-json\/wp\/v2\/comments?post=953"}],"version-history":[{"count":3,"href":"http:\/\/catolicasmexico.com\/blog\/wp-json\/wp\/v2\/posts\/953\/revisions"}],"predecessor-version":[{"id":1146,"href":"http:\/\/catolicasmexico.com\/blog\/wp-json\/wp\/v2\/posts\/953\/revisions\/1146"}],"wp:featuredmedia":[{"embeddable":true,"href":"http:\/\/catolicasmexico.com\/blog\/wp-json\/wp\/v2\/media\/960"}],"wp:attachment":[{"href":"http:\/\/catolicasmexico.com\/blog\/wp-json\/wp\/v2\/media?parent=953"}],"wp:term":[{"taxonomy":"category","embeddable":true,"href":"http:\/\/catolicasmexico.com\/blog\/wp-json\/wp\/v2\/categories?post=953"},{"taxonomy":"post_tag","embeddable":true,"href":"http:\/\/catolicasmexico.com\/blog\/wp-json\/wp\/v2\/tags?post=953"}],"curies":[{"name":"wp","href":"https:\/\/api.w.org\/{rel}","templated":true}]}}