{"id":938,"date":"2013-06-21T12:08:11","date_gmt":"2013-06-21T17:08:11","guid":{"rendered":"http:\/\/catolicasmexico.com\/blog\/?p=938"},"modified":"2017-07-22T01:16:56","modified_gmt":"2017-07-22T06:16:56","slug":"un-feto-humano-de-20-semanas-de-gestacion-es-encontrado-en-una-planta-de-tratamiento-de-aguas","status":"publish","type":"post","link":"http:\/\/catolicasmexico.com\/blog\/un-feto-humano-de-20-semanas-de-gestacion-es-encontrado-en-una-planta-de-tratamiento-de-aguas\/","title":{"rendered":"Un feto humano de 20 semanas de gestaci\u00f3n es encontrado en una planta de tratamiento de aguas."},"content":{"rendered":"<p><a href=\"http:\/\/catolicasmexico.com\/blog\/wp-content\/uploads\/2013\/05\/ppbebevientre03042013.jpg\"><img data-attachment-id=\"348\" data-permalink=\"http:\/\/catolicasmexico.com\/blog\/ignorancia-e-ideologia-las-armas-del-lobby-del-aborto\/ppbebevientre03042013\/\" data-orig-file=\"http:\/\/catolicasmexico.com\/blog\/wp-content\/uploads\/2013\/05\/ppbebevientre03042013.jpg\" data-orig-size=\"500,340\" data-comments-opened=\"1\" data-image-meta=\"{&quot;aperture&quot;:&quot;0&quot;,&quot;credit&quot;:&quot;&quot;,&quot;camera&quot;:&quot;&quot;,&quot;caption&quot;:&quot;&quot;,&quot;created_timestamp&quot;:&quot;0&quot;,&quot;copyright&quot;:&quot;&quot;,&quot;focal_length&quot;:&quot;0&quot;,&quot;iso&quot;:&quot;0&quot;,&quot;shutter_speed&quot;:&quot;0&quot;,&quot;title&quot;:&quot;&quot;,&quot;orientation&quot;:&quot;1&quot;}\" data-image-title=\"ppbebevientre03042013\" data-image-description=\"\" data-medium-file=\"http:\/\/catolicasmexico.com\/blog\/wp-content\/uploads\/2013\/05\/ppbebevientre03042013-300x204.jpg\" data-large-file=\"http:\/\/catolicasmexico.com\/blog\/wp-content\/uploads\/2013\/05\/ppbebevientre03042013.jpg\" src=\"http:\/\/catolicasmexico.com\/blog\/wp-content\/uploads\/2013\/05\/ppbebevientre03042013.jpg\" alt=\"\" width=\"500\" height=\"340\" class=\"alignleft size-full wp-image-348\" srcset=\"http:\/\/catolicasmexico.com\/blog\/wp-content\/uploads\/2013\/05\/ppbebevientre03042013.jpg 500w, http:\/\/catolicasmexico.com\/blog\/wp-content\/uploads\/2013\/05\/ppbebevientre03042013-300x204.jpg 300w, http:\/\/catolicasmexico.com\/blog\/wp-content\/uploads\/2013\/05\/ppbebevientre03042013-150x150.jpg 150w\" sizes=\"100vw\" \/> <\/a><\/p>\n<p>original del Journal de Montreal del 20 de junio del 2013.<br \/>\nTraducci\u00f3n y edici\u00f3n libre de<a href=\"http:\/\/www.catolicasmexico.com\/\" target=\"_blank\">www.catolicasmexico.com<\/a><\/p>\n<p>SAINT-LIN-LAURENTIDES (QUEBEC,CANADA) &#8211; empleados municipales de la planta de tratamiento de aguas residuales de Saint-Lin-Laurentides en Quebec,<br \/>\nCanad\u00e1 , hicieron un descubrimiento sorprendente, el jueves por la ma\u00f1ana encontraron lo que parece ser un feto humano en un tanque de clarificaci\u00f3n.<\/p>\n<p>(&#8230;)<\/p>\n<p>Algunos medios de comunicaci\u00f3n sostuvieron que el feto ten\u00eda 20 semanas de edad, pero seg\u00fan la polic\u00eda, incluso los investigadores que han visto la escena<br \/>\ndesconocen su edad.<\/p>\n<p>Con toda probabilidad, el feto presuntamente, fue lanzado en el inodoro antes de terminar en el \u00e1rea del colector de aceite.<\/p>\n<p>Seg\u00fan la informaci\u00f3n, si verdaderamente se tratara de un feto humano y fuera &#8216;viable&#8217;, una acusaci\u00f3n de asesinato podr\u00eda llevarse a cabo en contra de la mujer que<br \/>\nresultase responsable.<\/p>\n<p>Comentario del editor de cqv: El problema con ese feto es que no ha sido eliminado de manera higi\u00e9nica. Si hubiera sido torturado y desmembrado en un CLSC o<br \/>\nen una cl\u00ednica de aborto, se habr\u00eda felicitado al abortista y se le hubiera dado una medalla&#8230;<\/p>\n","protected":false},"excerpt":{"rendered":"<p>original del Journal de Montreal del 20 de junio del 2013. Traducci\u00f3n y edici\u00f3n libre dewww.catolicasmexico.com SAINT-LIN-LAURENTIDES (QUEBEC,CANADA) &#8211; empleados municipales de la planta de tratamiento de aguas residuales de Saint-Lin-Laurentides en Quebec, Canad\u00e1 , hicieron un descubrimiento sorprendente, el jueves por la ma\u00f1ana encontraron lo que parece ser un feto humano en un tanque [&hellip;]<\/p>\n","protected":false},"author":5,"featured_media":348,"comment_status":"open","ping_status":"open","sticky":false,"template":"","format":"standard","meta":{"spay_email":"","jetpack_publicize_message":"","jetpack_is_tweetstorm":false},"categories":[9],"tags":[],"aioseo_notices":[],"jetpack_featured_media_url":"http:\/\/catolicasmexico.com\/blog\/wp-content\/uploads\/2013\/05\/ppbebevientre03042013.jpg","jetpack_publicize_connections":[],"jetpack_shortlink":"https:\/\/wp.me\/p3B5XH-f8","jetpack-related-posts":[{"id":4039,"url":"http:\/\/catolicasmexico.com\/blog\/una-abortera-de-planned-parenthood-describe-como-se-destazan-los-bebes-que-son-abortos-por-la-tecnica-de-nacimiento-parcial\/","url_meta":{"origin":938,"position":0},"title":"Una abortera de Planned Parenthood describe c\u00f3mo se destazan los beb\u00e9s que son abortos por la t\u00e9cnica de nacimiento parcial.","date":"16 octubre 2015","format":false,"excerpt":".El tribunal :\u00bfen el momento de cortar el cord\u00f3n umbilical o aplastar el cr\u00e1neo, es que el feto vive Testigo: S\u00ed. Por Kelli de LiveActionNews - en el sitio www.cqv.ca.cq traducci\u00f3n y edici\u00f3n libre CM. 15 de septiembre de 2015 - La Dr. Carolyn Westhoff, asesora m\u00e9dico de Planned Parenthood\u2026","rel":"","context":"En \u00abAborto\u00bb","img":{"alt_text":"","src":"https:\/\/i1.wp.com\/catolicasmexico.com\/blog\/wp-content\/uploads\/2015\/10\/IMG_0315.jpg?resize=350%2C200","width":350,"height":200},"classes":[]},{"id":3975,"url":"http:\/\/catolicasmexico.com\/blog\/septimo-video-en-donde-una-ex-trabajadora-vinculada-a-la-multinacional-recuerda-como-su-superiora-le-ordeno-extraer-el-cerebro-de-un-feto-abortado-intacto-cuyo-corazon-aun-latia\/","url_meta":{"origin":938,"position":1},"title":"\u00a0S\u00e9ptimo video. En donde una ex trabajadora vinculada a la multinacional recuerda c\u00f3mo su superiora le orden\u00f3 extraer el cerebro de un feto abortado intacto, cuyo coraz\u00f3n a\u00fan lat\u00eda.","date":"20 agosto 2015","format":false,"excerpt":"(ACI) ADVERTENCIA: El video\u00a0puede herir la sensibilidad de los lectores El Center for Medical Progress (CMP, Centro para el Progreso M\u00e9dico) public\u00f3 hoy un nuevo video sobre el tr\u00e1fico de \u00f3rganos de beb\u00e9s de Planned Parenthood. En el reportaje, una ex trabajadora vinculada a la multinacional recuerda c\u00f3mo su superiora\u2026","rel":"","context":"En \u00abAborto\u00bb","img":{"alt_text":"","src":"https:\/\/i2.wp.com\/catolicasmexico.com\/blog\/wp-content\/uploads\/2015\/08\/calvario.jpg?resize=350%2C200","width":350,"height":200},"classes":[]},{"id":2380,"url":"http:\/\/catolicasmexico.com\/blog\/un-paso-atras-el-supremo-de-ee-uu-ratifica-la-inconstitucionalidad-de-la-ley-de-arizona-que-restringia-el-aborto\/","url_meta":{"origin":938,"position":2},"title":"Un paso atr\u00e1s: El Supremo de EE.UU ratifica la inconstitucionalidad de la ley de Arizona que restring\u00eda el aborto","date":"15 enero 2014","format":false,"excerpt":"EE.UU.-(AGENCIALAVOZ) El Tribunal Supremo de Estados Unidos ha anunciado este lunes que no admite a tr\u00e1mite el recurso presentado por el gobierno del estado de Arizona contra la decisi\u00f3n de un tribunal federal de tumbar por inconstitucional la ley del aborto que reduc\u00eda de 24 a 20 semanas el plazo\u2026","rel":"","context":"En \u00abAborto\u00bb","img":{"alt_text":"","src":"","width":0,"height":0},"classes":[]},{"id":4488,"url":"http:\/\/catolicasmexico.com\/blog\/no-cabe-duda-de-que-el-aborto-mata-un-ser-humano\/","url_meta":{"origin":938,"position":3},"title":"\"No cabe duda de que el aborto mata un ser humano\"","date":"17 febrero 2017","format":false,"excerpt":"Por Sarah Terzo (LiveActionNews) - del sitio www.cqv.ca.qc por Dominic Larkin. Traducci\u00f3n al espa\u00f1ol. CM\u00a0 Mir\u00e9 el recipiente que estaba frente a m\u00ed. Vi a un ser humano peque\u00f1o,desnudo flotando en un l\u00edquido sangriento. Cuando se escriben determinados art\u00edculos a los autores se les permite asistir a los abortos. Los\u2026","rel":"","context":"En \u00abAborto\u00bb","img":{"alt_text":"","src":"https:\/\/i0.wp.com\/catolicasmexico.com\/blog\/wp-content\/uploads\/2017\/02\/IMG_1164.png?resize=350%2C200","width":350,"height":200},"classes":[]},{"id":3898,"url":"http:\/\/catolicasmexico.com\/blog\/la-directora-de-planned-parenthood-ue-capturada-vendiendo-organos-de-ninos-abortados\/","url_meta":{"origin":938,"position":4},"title":"La directora de Planned Parenthood fue capturada vendiendo \u00f3rganos de ni\u00f1os abortados","date":"16 julio 2015","format":false,"excerpt":"Por Ben Johnson de LifeSiteNews\u00a0 del sitio www.cqv.cq.ca traducci\u00f3n y edici\u00f3n libre CM LOS \u00c1ngeles, 14 de julio de 2015 - un video producido con una c\u00e1mara oculta y publicado esta ma\u00f1ana muestra un jefe de Planned Parenthood estadounidense admitiendo que el organismo utiliza el m\u00e9todo ilegal y altamente pol\u00e9mico\u2026","rel":"","context":"En \u00abAborto\u00bb","img":{"alt_text":"","src":"https:\/\/i2.wp.com\/catolicasmexico.com\/blog\/wp-content\/uploads\/2015\/07\/Nucatola_810_500_55_s_c1.jpg?resize=350%2C200","width":350,"height":200},"classes":[]},{"id":4181,"url":"http:\/\/catolicasmexico.com\/blog\/ex-abortista-describe-el-horror-de-como-se-descuartiza-un-bebe\/","url_meta":{"origin":938,"position":5},"title":"Ex abortista describe el horror de como se descuartiza un beb\u00e9.\u00a0","date":"8 enero 2016","format":false,"excerpt":"La parte m\u00e1s dif\u00edcil de la operaci\u00f3n es extraer la cabeza del beb\u00e9. A esta edad, el cr\u00e1neo es aproximadamente del tama\u00f1o de una ciruela, y est\u00e1 flotando libremente dentro de la cavidad uterina. Se puede utilizar las pinzas si se han metido los dedos profundamente. Se puede saber que\u2026","rel":"","context":"En \u00abAborto\u00bb","img":{"alt_text":"","src":"https:\/\/i1.wp.com\/catolicasmexico.com\/blog\/wp-content\/uploads\/2016\/01\/IMG_0405.jpg?resize=350%2C200","width":350,"height":200},"classes":[]}],"jetpack_likes_enabled":false,"jetpack_sharing_enabled":true,"_links":{"self":[{"href":"http:\/\/catolicasmexico.com\/blog\/wp-json\/wp\/v2\/posts\/938"}],"collection":[{"href":"http:\/\/catolicasmexico.com\/blog\/wp-json\/wp\/v2\/posts"}],"about":[{"href":"http:\/\/catolicasmexico.com\/blog\/wp-json\/wp\/v2\/types\/post"}],"author":[{"embeddable":true,"href":"http:\/\/catolicasmexico.com\/blog\/wp-json\/wp\/v2\/users\/5"}],"replies":[{"embeddable":true,"href":"http:\/\/catolicasmexico.com\/blog\/wp-json\/wp\/v2\/comments?post=938"}],"version-history":[{"count":3,"href":"http:\/\/catolicasmexico.com\/blog\/wp-json\/wp\/v2\/posts\/938\/revisions"}],"predecessor-version":[{"id":4690,"href":"http:\/\/catolicasmexico.com\/blog\/wp-json\/wp\/v2\/posts\/938\/revisions\/4690"}],"wp:featuredmedia":[{"embeddable":true,"href":"http:\/\/catolicasmexico.com\/blog\/wp-json\/wp\/v2\/media\/348"}],"wp:attachment":[{"href":"http:\/\/catolicasmexico.com\/blog\/wp-json\/wp\/v2\/media?parent=938"}],"wp:term":[{"taxonomy":"category","embeddable":true,"href":"http:\/\/catolicasmexico.com\/blog\/wp-json\/wp\/v2\/categories?post=938"},{"taxonomy":"post_tag","embeddable":true,"href":"http:\/\/catolicasmexico.com\/blog\/wp-json\/wp\/v2\/tags?post=938"}],"curies":[{"name":"wp","href":"https:\/\/api.w.org\/{rel}","templated":true}]}}