{"id":935,"date":"2013-06-21T11:42:09","date_gmt":"2013-06-21T16:42:09","guid":{"rendered":"http:\/\/catolicasmexico.com\/blog\/?p=935"},"modified":"2017-07-22T01:19:31","modified_gmt":"2017-07-22T06:19:31","slug":"una-fabrica-de-bebes-en-nigeria-fue-desmantelada","status":"publish","type":"post","link":"http:\/\/catolicasmexico.com\/blog\/una-fabrica-de-bebes-en-nigeria-fue-desmantelada\/","title":{"rendered":"Una f\u00e1brica de beb\u00e9s en Nigeria, fue desmantelada."},"content":{"rendered":"<p><a href=\"http:\/\/catolicasmexico.com\/blog\/wp-content\/uploads\/2013\/05\/ppbebevientre03042013.jpg\"><img data-attachment-id=\"348\" data-permalink=\"http:\/\/catolicasmexico.com\/blog\/ignorancia-e-ideologia-las-armas-del-lobby-del-aborto\/ppbebevientre03042013\/\" data-orig-file=\"http:\/\/catolicasmexico.com\/blog\/wp-content\/uploads\/2013\/05\/ppbebevientre03042013.jpg\" data-orig-size=\"500,340\" data-comments-opened=\"1\" data-image-meta=\"{&quot;aperture&quot;:&quot;0&quot;,&quot;credit&quot;:&quot;&quot;,&quot;camera&quot;:&quot;&quot;,&quot;caption&quot;:&quot;&quot;,&quot;created_timestamp&quot;:&quot;0&quot;,&quot;copyright&quot;:&quot;&quot;,&quot;focal_length&quot;:&quot;0&quot;,&quot;iso&quot;:&quot;0&quot;,&quot;shutter_speed&quot;:&quot;0&quot;,&quot;title&quot;:&quot;&quot;,&quot;orientation&quot;:&quot;1&quot;}\" data-image-title=\"ppbebevientre03042013\" data-image-description=\"\" data-medium-file=\"http:\/\/catolicasmexico.com\/blog\/wp-content\/uploads\/2013\/05\/ppbebevientre03042013-300x204.jpg\" data-large-file=\"http:\/\/catolicasmexico.com\/blog\/wp-content\/uploads\/2013\/05\/ppbebevientre03042013.jpg\" src=\"http:\/\/catolicasmexico.com\/blog\/wp-content\/uploads\/2013\/05\/ppbebevientre03042013.jpg\" alt=\"\" width=\"500\" height=\"340\" class=\"alignleft size-full wp-image-348\" srcset=\"http:\/\/catolicasmexico.com\/blog\/wp-content\/uploads\/2013\/05\/ppbebevientre03042013.jpg 500w, http:\/\/catolicasmexico.com\/blog\/wp-content\/uploads\/2013\/05\/ppbebevientre03042013-300x204.jpg 300w, http:\/\/catolicasmexico.com\/blog\/wp-content\/uploads\/2013\/05\/ppbebevientre03042013-150x150.jpg 150w\" sizes=\"100vw\" \/> <\/a><\/p>\n<p>Del blog de\u00a0<a href=\"http:\/\/www.cqv.qc.ca\/\" target=\"_blank\">www.cqv.qc.ca<\/a>\u00a0original de La Presse del 20 de junio del 2013.<br \/>\nTraducci\u00f3n y edici\u00f3n libre de<a href=\"http:\/\/www.catolicasmexico.com\/\" target=\"_blank\">www.catolicasmexico.com<\/a><\/p>\n<p>La polic\u00eda nigeriana, anuncio el jueves la liberaci\u00f3n de 16 mujeres embarazadas que al parecer fueron obligadas a tener beb\u00e9s para venderse, esto se<br \/>\ndescubri\u00f3 durante una redada en una casa del sur de Nigeria.<\/p>\n<p>(&#8230;)<\/p>\n<p>\u00abDiecis\u00e9is mujeres embarazadas entre los 17-37 a\u00f1os fueron encontradas en una casa que albergaba a una instituci\u00f3n con el nombre de la Fundaci\u00f3n de la<br \/>\nCruz, dijo a la AFP el portavoz de la polic\u00eda Geofrey Ogbonna.<\/p>\n<p>\u00abEl sospechoso es un traficante de seres humanos seres en serie\u00bb. Que dijo ser m\u00e9dico. Recuerdo que el mismo hombre, hab\u00eda sido detenido en mayo de 2011<br \/>\ny que 32 adolescentes fueron rescatadas de su casa\u00bb, dijo el portavoz de la polic\u00eda.<\/p>\n<p>Las mujeres explicaron que se les hab\u00eda ofrecido vender a sus beb\u00e9s a un precio de entre 25-30.000 Nairas (unos 200 d\u00f3lares) seg\u00fan el sexo del ni\u00f1o.<br \/>\n(&#8230;)<\/p>\n<p>Una serie de \u00abf\u00e1bricas de beb\u00e9\u00bb se han descubierto en los \u00faltimos a\u00f1os en Nigeria, especialmente en el sureste del pa\u00eds.<\/p>\n<p>El mes pasado ya seis adolescentes embarazadas, hab\u00edan sido liberadas durante una redada en una casa de Enugu. Tres personas fueron detenidas por haber<br \/>\nplaneado vender beb\u00e9s.<\/p>\n<p>Previamente, la polic\u00eda hab\u00eda liberado a 17 adolescentes entre 14 y 17 a\u00f1os de edad, tambi\u00e9n embarazadas as\u00ed como tambi\u00e9n a 11 ni\u00f1os en la ciudad de<br \/>\nUmuaka, en el vecino estado de Imo. Las j\u00f3venes dijeron que se embarazaron por un mismo hombre de 23 a\u00f1os de edad, que fue arrestado, mientras que el<br \/>\ndue\u00f1o de la casa se encuentra en fuga.<\/p>\n","protected":false},"excerpt":{"rendered":"<p>Del blog de\u00a0www.cqv.qc.ca\u00a0original de La Presse del 20 de junio del 2013. Traducci\u00f3n y edici\u00f3n libre dewww.catolicasmexico.com La polic\u00eda nigeriana, anuncio el jueves la liberaci\u00f3n de 16 mujeres embarazadas que al parecer fueron obligadas a tener beb\u00e9s para venderse, esto se descubri\u00f3 durante una redada en una casa del sur de Nigeria. (&#8230;) \u00abDiecis\u00e9is mujeres [&hellip;]<\/p>\n","protected":false},"author":5,"featured_media":348,"comment_status":"open","ping_status":"open","sticky":false,"template":"","format":"standard","meta":{"spay_email":"","jetpack_publicize_message":"","jetpack_is_tweetstorm":false},"categories":[27,80],"tags":[82,83,81],"aioseo_notices":[],"jetpack_featured_media_url":"http:\/\/catolicasmexico.com\/blog\/wp-content\/uploads\/2013\/05\/ppbebevientre03042013.jpg","jetpack_publicize_connections":[],"jetpack_shortlink":"https:\/\/wp.me\/p3B5XH-f5","jetpack-related-posts":[{"id":4910,"url":"http:\/\/catolicasmexico.com\/blog\/cientificos-pagaron-a-mujeres-de-escasos-recursos-en-mexico-para-que-queden-embarazadas-y-que-despues-someterlas-a-un-aborto-con-fines-de-investigacion-cientifica\/","url_meta":{"origin":935,"position":0},"title":"Cient\u00edficos pagaron a mujeres de escasos recursos en M\u00e9xico  para que queden embarazadas y que despu\u00e9s someterlas a un aborto con fines de investigaci\u00f3n cient\u00edfica ...","date":"3 febrero 2020","format":false,"excerpt":"Del Blog de Agustin Hamilton cqv.qc.ca fuente LifeSiteNews En un controvertido estudio cient\u00edfico, los cient\u00edficos pagaron a docenas de mujeres mexicanas para darles hiperestimulaci\u00f3n con hormonas, inseminaci\u00f3n artificial y hacerlas abortar unos d\u00edas despu\u00e9s de la concepci\u00f3n. En el Hospital Punta Mita, cerca de Puerto Vallarta, una ciudad en la\u2026","rel":"","context":"En \u00abAborto\u00bb","img":{"alt_text":"","src":"","width":0,"height":0},"classes":[]},{"id":2878,"url":"http:\/\/catolicasmexico.com\/blog\/ha-tomado-google-partido-por-el-lobby-del-aborto\/","url_meta":{"origin":935,"position":1},"title":"\u00bfHa tomado Google partido por el lobby del aborto?","date":"30 abril 2014","format":false,"excerpt":"WASHINGTON D.C., 29 Abr. 14 \/ 12:01 pm (ACI).- NARAL Pro Choice America, el principal representante del lobby del aborto en Estados Unidos, ha se\u00f1alado que Google habr\u00eda cedido a su presi\u00f3n para eliminar los anuncios de centros pro-vida de ayuda a las mujeres embarazadas que considera \u201cenga\u00f1osos\u201d, arguyendo que\u2026","rel":"","context":"En \u00abAborto\u00bb","img":{"alt_text":"","src":"https:\/\/i2.wp.com\/catolicasmexico.com\/blog\/wp-content\/uploads\/2014\/04\/20140430-145704.jpg?resize=350%2C200","width":350,"height":200},"classes":[]},{"id":1588,"url":"http:\/\/catolicasmexico.com\/blog\/en-hora-buena-fundacion-madrina-inaugura-nuevo-centro-de-ayuda-a-la-mujer-embarazada-en-madrid\/","url_meta":{"origin":935,"position":2},"title":"En hora buena! Fundaci\u00f3n Madrina inaugura nuevo centro de ayuda a la mujer embarazada en Madrid.","date":"12 agosto 2013","format":false,"excerpt":"Felicitamos como siempre a los que luchan por la vida, en este caso a la Fundaci\u00f3n Madrina y a todos los que colaboran en este organismo, con su amor, su tiempo y dedicaci\u00f3n. Nos permitimos felicitar tambi\u00e9n a las empresas solidarias. Esto es verdadero amor al pr\u00f3jimo. No el aborto\u2026","rel":"","context":"En \u00abFe\u00bb","img":{"alt_text":"","src":"","width":0,"height":0},"classes":[]},{"id":4084,"url":"http:\/\/catolicasmexico.com\/blog\/estaba-a-punto-de-abortar-cuando-dios-le-hablo\/","url_meta":{"origin":935,"position":3},"title":"Estaba a punto de abortar cuando Dios le habl\u00f3","date":"13 noviembre 2015","format":false,"excerpt":"\u00a0 \u00bfC\u00f3mo es tener 16 a\u00f1os y estar embarazada? Jamie Jeffries, autora del blog Esposa Provida, comparte c\u00f3mo una amiga abri\u00f3 los ojos ante las dificultades y las tentaciones de una adolescente embarazada. La amiga de Jeffries, Donanne, comparti\u00f3 su experiencia en el blog: Ten\u00eda 15 cuando qued\u00e9 embarazada de\u2026","rel":"","context":"En \u00abAborto\u00bb","img":{"alt_text":"","src":"https:\/\/i1.wp.com\/catolicasmexico.com\/blog\/wp-content\/uploads\/2015\/11\/jamiejeffries.png?resize=350%2C200","width":350,"height":200},"classes":[]},{"id":953,"url":"http:\/\/catolicasmexico.com\/blog\/el-abogado-de-un-abortista-quien-tuerce-el-cuellos-de-los-bebes-dice-es-inocente\/","url_meta":{"origin":935,"position":4},"title":"EL ABOGADO DE UN ABORTISTA QUIEN TUERCE El CUELLOS DE LOS BEBES DICE: \"ES INOCENTE\".","date":"25 junio 2013","format":false,"excerpt":"Del sitio Lifenews. Traducido y editado por www.catolicasmexico.com Cerca de 20 activistas se presentaron a una conferencia de prensa celebrada ayer por varios grupos de pro-vida nacionales, en frente de una de las cl\u00ednicas de aborto de Douglas Karpen en Houston donde unas ex-trabajadoras contaron las atrocidades cometidas. El Dr.\u2026","rel":"","context":"En \u00abAborto\u00bb","img":{"alt_text":"","src":"","width":0,"height":0},"classes":[]},{"id":4046,"url":"http:\/\/catolicasmexico.com\/blog\/un-abortorio-llama-a-la-policia-por-el-disturbio-que-los-bebes-de-los-activistas-de-la-vigilia-causaban\/","url_meta":{"origin":935,"position":5},"title":"Un abortorio llama a la polic\u00eda por el \"disturbio\" que los beb\u00e9s de los activistas de la vigilia causaban","date":"4 noviembre 2015","format":false,"excerpt":"\u00bfLa gente a menudo se pregunta si la vigilia de oraci\u00f3n deber\u00eda ser una actividad familiar \u2013 es decir, deber\u00eda usted traer a sus ni\u00f1os? Por supuesto, hay lugares donde la vigilia es en una acera estrecha delante de una carretera de alto tr\u00e1fico, por lo que siempre se debe\u2026","rel":"","context":"En \u00ab40 D\u00edas por la vida\u00bb","img":{"alt_text":"","src":"https:\/\/i1.wp.com\/catolicasmexico.com\/blog\/wp-content\/uploads\/2015\/10\/40daysforlife14.png?resize=350%2C200","width":350,"height":200},"classes":[]}],"jetpack_likes_enabled":false,"jetpack_sharing_enabled":true,"_links":{"self":[{"href":"http:\/\/catolicasmexico.com\/blog\/wp-json\/wp\/v2\/posts\/935"}],"collection":[{"href":"http:\/\/catolicasmexico.com\/blog\/wp-json\/wp\/v2\/posts"}],"about":[{"href":"http:\/\/catolicasmexico.com\/blog\/wp-json\/wp\/v2\/types\/post"}],"author":[{"embeddable":true,"href":"http:\/\/catolicasmexico.com\/blog\/wp-json\/wp\/v2\/users\/5"}],"replies":[{"embeddable":true,"href":"http:\/\/catolicasmexico.com\/blog\/wp-json\/wp\/v2\/comments?post=935"}],"version-history":[{"count":3,"href":"http:\/\/catolicasmexico.com\/blog\/wp-json\/wp\/v2\/posts\/935\/revisions"}],"predecessor-version":[{"id":4693,"href":"http:\/\/catolicasmexico.com\/blog\/wp-json\/wp\/v2\/posts\/935\/revisions\/4693"}],"wp:featuredmedia":[{"embeddable":true,"href":"http:\/\/catolicasmexico.com\/blog\/wp-json\/wp\/v2\/media\/348"}],"wp:attachment":[{"href":"http:\/\/catolicasmexico.com\/blog\/wp-json\/wp\/v2\/media?parent=935"}],"wp:term":[{"taxonomy":"category","embeddable":true,"href":"http:\/\/catolicasmexico.com\/blog\/wp-json\/wp\/v2\/categories?post=935"},{"taxonomy":"post_tag","embeddable":true,"href":"http:\/\/catolicasmexico.com\/blog\/wp-json\/wp\/v2\/tags?post=935"}],"curies":[{"name":"wp","href":"https:\/\/api.w.org\/{rel}","templated":true}]}}