{"id":93,"date":"2013-04-29T21:07:41","date_gmt":"2013-04-30T02:07:41","guid":{"rendered":"http:\/\/catolicasmexico.com\/blog\/?p=93"},"modified":"2017-07-24T11:33:15","modified_gmt":"2017-07-24T16:33:15","slug":"93","status":"publish","type":"post","link":"http:\/\/catolicasmexico.com\/blog\/93\/","title":{"rendered":"Rescatar vidas es un derecho, no un delito"},"content":{"rendered":"<p><a href=\"http:\/\/catolicasmexico.com\/blog\/wp-content\/uploads\/2013\/05\/ppbebevientre03042013.jpg\"><img data-attachment-id=\"348\" data-permalink=\"http:\/\/catolicasmexico.com\/blog\/ignorancia-e-ideologia-las-armas-del-lobby-del-aborto\/ppbebevientre03042013\/\" data-orig-file=\"http:\/\/catolicasmexico.com\/blog\/wp-content\/uploads\/2013\/05\/ppbebevientre03042013.jpg\" data-orig-size=\"500,340\" data-comments-opened=\"1\" data-image-meta=\"{&quot;aperture&quot;:&quot;0&quot;,&quot;credit&quot;:&quot;&quot;,&quot;camera&quot;:&quot;&quot;,&quot;caption&quot;:&quot;&quot;,&quot;created_timestamp&quot;:&quot;0&quot;,&quot;copyright&quot;:&quot;&quot;,&quot;focal_length&quot;:&quot;0&quot;,&quot;iso&quot;:&quot;0&quot;,&quot;shutter_speed&quot;:&quot;0&quot;,&quot;title&quot;:&quot;&quot;,&quot;orientation&quot;:&quot;1&quot;}\" data-image-title=\"ppbebevientre03042013\" data-image-description=\"\" data-medium-file=\"http:\/\/catolicasmexico.com\/blog\/wp-content\/uploads\/2013\/05\/ppbebevientre03042013-300x204.jpg\" data-large-file=\"http:\/\/catolicasmexico.com\/blog\/wp-content\/uploads\/2013\/05\/ppbebevientre03042013.jpg\" class=\"alignleft size-full wp-image-348\" src=\"http:\/\/catolicasmexico.com\/blog\/wp-content\/uploads\/2013\/05\/ppbebevientre03042013.jpg\" alt=\"\" width=\"500\" height=\"340\" srcset=\"http:\/\/catolicasmexico.com\/blog\/wp-content\/uploads\/2013\/05\/ppbebevientre03042013.jpg 500w, http:\/\/catolicasmexico.com\/blog\/wp-content\/uploads\/2013\/05\/ppbebevientre03042013-300x204.jpg 300w, http:\/\/catolicasmexico.com\/blog\/wp-content\/uploads\/2013\/05\/ppbebevientre03042013-150x150.jpg 150w\" sizes=\"100vw\" \/> <\/a><\/p>\n<p>HO. Una rescatadora provida de Badajoz,\u00a0<strong>Margarita Cabrer<\/strong>, acaba de conocer una segunda condena por faltas, dictada por un juzgado de la ciudad.<\/p>\n<p>Fue denunciada por el centro abortista\u00a0<strong>Guadiana-Los Arcos<\/strong>\u00a0por ir todos los lunes y los martes y hablar en la calle con las mujeres que van a abortar.<\/p>\n<p>Margarita es ama de casa, est\u00e1 casada y tiene tres hijos.<\/p>\n<p>Cada lunes y martes acude a la calle donde est\u00e1 el abortorio<strong>Guadiana-Los Arcos<\/strong>\u00a0e intenta\u00a0<strong>\u00abrescatar\u00bb<\/strong>\u00a0vidas, como se llama en el argot de las ONGs provida a lo que hacen decenas de voluntarios en toda Espa\u00f1a: informar a las mujeres que van a abortar sobre la realidad del aborto y ofrecerles alternativas.<\/p>\n<p>Margarita ha sido condenada a multas de 40 y 60 euros por faltas.<\/p>\n<p>Si no paga la \u00faltima que le ha impuesto un juzgado de Badajoz, tendr\u00e1 que cumplir diez d\u00edas de c\u00e1rcel.<\/p>\n<p>El derecho de manifestaci\u00f3n y el derecho a expresar libremente las propias opiniones y puntos de vista est\u00e1n plenamente reconocidos por nuestra constituci\u00f3n.<\/p>\n<p>Informar sobre la realidad del aborto a quien voluntariamente quiere escuchar, y hacerlo en plena calle, como hace\u00a0<strong>Margarita Cabrer<\/strong>\u00a0cada semana, no puede ser considerado delito ni falta.<\/p>\n<p>Conseguir condenas contra los rescatadores es una estrategia en la que el lobby de los centros abortistas se est\u00e1 empleando a fondo.<\/p>\n<p>Persiguen la criminalizaci\u00f3n de un movimiento de decenas de voluntarios que salvan vidas y ayudan a las mujeres a tener a sus hijos.<\/p>\n<p>Los empresarios del aborto saben perfectamente que cuantos m\u00e1s rescates prosperen a las puertas de sus siniestros centros, menos negocio tendr\u00e1n.<\/p>\n<p>Por eso, estas dos sentencias contra\u00a0<strong>Margarita Cabrer<\/strong>\u00a0son tan importantes para el lobby del aborto. Porque las usar\u00e1n para disuadir a otros voluntarios provida de seguir haciendo rescates delante de los centros abortistas de toda Espa\u00f1a.<\/p>\n<p>La Fiscal\u00eda debe intervenir de oficio para defender la libertad de manifiestaci\u00f3n y de expresi\u00f3n de Margarita Cabrer y de todos los voluntarios rescatadores.<\/p>\n<p>Est\u00e1 en manos del fiscal superior de Extremadura, don<strong>\u00a0Aurelio Pe\u00f1alver<\/strong>, apelar contra estas dos sentencias injustas ante la Audiencia Provincial.<\/p>\n","protected":false},"excerpt":{"rendered":"<p>HO. Una rescatadora provida de Badajoz,\u00a0Margarita Cabrer, acaba de conocer una segunda condena por faltas, dictada por un juzgado de la ciudad. Fue denunciada por el centro abortista\u00a0Guadiana-Los Arcos\u00a0por ir todos los lunes y los martes y hablar en la calle con las mujeres que van a abortar. Margarita es ama de casa, est\u00e1 casada [&hellip;]<\/p>\n","protected":false},"author":2,"featured_media":348,"comment_status":"open","ping_status":"open","sticky":false,"template":"","format":"standard","meta":{"spay_email":"","jetpack_publicize_message":"","jetpack_is_tweetstorm":false},"categories":[9],"tags":[],"aioseo_notices":[],"jetpack_featured_media_url":"http:\/\/catolicasmexico.com\/blog\/wp-content\/uploads\/2013\/05\/ppbebevientre03042013.jpg","jetpack_publicize_connections":[],"jetpack_shortlink":"https:\/\/wp.me\/s3B5XH-93","jetpack-related-posts":[{"id":748,"url":"http:\/\/catolicasmexico.com\/blog\/eeuu-ultrasonido-en-las-calles-ayuda-a-mujeres-a-desistir-del-aborto\/","url_meta":{"origin":93,"position":0},"title":"EEUU: Ultrasonido en las calles ayuda a mujeres a desistir del aborto","date":"6 junio 2013","format":false,"excerpt":"DENVER, 06 Jun. 13 \/ 03:35 am (ACI\/EWTN Noticias).- Una red de centros provida en Denver, Colorado (Estados Unidos), ofrece de manera gratuita ultrasonidos (ecograf\u00edas) y orienta a las mujeres que se acercan a este servicio para que acojan la vida de sus beb\u00e9s y rechacen el aborto. Esto se\u2026","rel":"","context":"En \u00abAborto\u00bb","img":{"alt_text":"","src":"","width":0,"height":0},"classes":[]},{"id":3307,"url":"http:\/\/catolicasmexico.com\/blog\/satanistas-dicen-que-las-leyes-provida-violan-sus-creencias-religiosas\/","url_meta":{"origin":93,"position":1},"title":"Satanistas, dicen que las leyes pr\u00f3vida violan sus creencias religiosas.","date":"4 agosto 2014","format":false,"excerpt":"Art\u00edculo original en www.lifenews.com traducci\u00f3n y edici\u00f3n libre Sr.Martin Pacheco Cantaron el \u201cHail Satan\u201d despu\u00e9s de que el estado de Texas restringiera las leyes de aborto y ahora, est\u00e1n llevado a cabo un nuevo esfuerzo para que se respecte \u201csus derechos religiosos\u201d: el Templo Sat\u00e1nico (Satanic Temple) ahora reivindica\u00a0 \u201cprotecci\u00f3n\u2026","rel":"","context":"En \u00abAborto\u00bb","img":{"alt_text":"","src":"","width":0,"height":0},"classes":[]},{"id":3276,"url":"http:\/\/catolicasmexico.com\/blog\/yo-estaba-completamente-a-favor-del-aborto-y-luego-todo-cambiotuve-un-aborto\/","url_meta":{"origin":93,"position":2},"title":"Yo estaba completamente a favor del aborto, y luego todo cambi\u00f3\u2026tuve un aborto","date":"24 julio 2014","format":false,"excerpt":"Art\u00edculo original en www.lifesitenews.com traduccion y edici\u00f3n libre Sr.Martin Pacheco www.catolicasmexico.com Esta es la historia de aborto de una mujer, \u201cStar Tucker\u201d. Completamente a favor del aborto, ella cambi\u00f3 su punto de vista radicalmente\u2026despu\u00e9s de haber tenido un aborto. \u201cHay una pasi\u00f3n que nos empuja, nos da el aliento para\u2026","rel":"","context":"En \u00abAborto\u00bb","img":{"alt_text":"","src":"","width":0,"height":0},"classes":[]},{"id":2662,"url":"http:\/\/catolicasmexico.com\/blog\/el-pais-publica-un-sorprendente-reportaje-sobre-la-falta-de-ayudas-a-mujeres-que-no-quieren-abortar\/","url_meta":{"origin":93,"position":3},"title":"El Pa\u00eds publica un sorprendente reportaje sobre la falta de ayudas a mujeres que no quieren abortar","date":"6 marzo 2014","format":false,"excerpt":"Carmina Garc\u00eda-Vald\u00e9s, directora general de la fundaci\u00f3n RED MADRE. Presentamos este articulo que nos pareci\u00f3 muy interesante, en primer lugar porque fue publicado en un peri\u00f3dico de izquierda y en segundo lugar porque nos parece incre\u00edble el hecho que las madres que desean abortar reciban un sobre de informaci\u00f3n en\u2026","rel":"","context":"En \u00abAborto\u00bb","img":{"alt_text":"","src":"https:\/\/i0.wp.com\/catolicasmexico.com\/blog\/wp-content\/uploads\/2014\/03\/20140306-124919.jpg?resize=350%2C200","width":350,"height":200},"classes":[]},{"id":2839,"url":"http:\/\/catolicasmexico.com\/blog\/marcha-por-la-vida-en-colombia-este-17-de-mayo\/","url_meta":{"origin":93,"position":4},"title":"Marcha por la vida en Colombia este 17 de mayo.","date":"21 abril 2014","format":false,"excerpt":"Colombia: Anuncian Marcha por la Vida a ocho a\u00f1os de despenalizaci\u00f3n del aborto BOGOT\u00c1, 21 Abr. 14 \/ 03:40 am (ACI\/EWTN Noticias).- Las organizaciones defensoras de la vida en Colombia anunciaron para el 17 de mayo la realizaci\u00f3n de la 8 Marcha por la Vida, conmemorando los 8 a\u00f1os de\u2026","rel":"","context":"En \u00abAborto\u00bb","img":{"alt_text":"","src":"https:\/\/i1.wp.com\/catolicasmexico.com\/blog\/wp-content\/uploads\/2014\/04\/20140421-120317.jpg?resize=350%2C200","width":350,"height":200},"classes":[]},{"id":3504,"url":"http:\/\/catolicasmexico.com\/blog\/pagara-10-000-euros-por-haber-dado-un-par-de-zapatitos-y-una-medalla-a-una-mujer-que-estaba-por-abortar-el-dr-dor-anuncia-que-seguira-adelante-con-la-gracia-de-dios\/","url_meta":{"origin":93,"position":5},"title":"Pagar\u00e1 10.000 euros por haber dado un par de zapatitos y una medalla a una mujer que estaba por abortar, el Dr. Dor anuncia que seguir\u00e1 adelante \u201ccon la gracia de Dios\u201d","date":"4 noviembre 2014","format":false,"excerpt":"Art\u00edculo original Nouvelles de France traducci\u00f3n y edici\u00f3n libre Mart\u00edn Pacheco para CatolicasMexico. El Dr. Xavier Dor fue condenado por el Tribunal de Apelaci\u00f3n de Paris (Cour d\u2019Appel de Paris) a pagar una multa de 10.000 euros, la mitad de esta de ejecuci\u00f3n condicional, por obstaculizar la interrupci\u00f3n voluntaria de\u2026","rel":"","context":"En \u00abAborto\u00bb","img":{"alt_text":"","src":"https:\/\/i2.wp.com\/catolicasmexico.com\/blog\/wp-content\/uploads\/2014\/11\/20141104-091624.jpg?resize=350%2C200","width":350,"height":200},"classes":[]}],"jetpack_likes_enabled":false,"jetpack_sharing_enabled":true,"_links":{"self":[{"href":"http:\/\/catolicasmexico.com\/blog\/wp-json\/wp\/v2\/posts\/93"}],"collection":[{"href":"http:\/\/catolicasmexico.com\/blog\/wp-json\/wp\/v2\/posts"}],"about":[{"href":"http:\/\/catolicasmexico.com\/blog\/wp-json\/wp\/v2\/types\/post"}],"author":[{"embeddable":true,"href":"http:\/\/catolicasmexico.com\/blog\/wp-json\/wp\/v2\/users\/2"}],"replies":[{"embeddable":true,"href":"http:\/\/catolicasmexico.com\/blog\/wp-json\/wp\/v2\/comments?post=93"}],"version-history":[{"count":4,"href":"http:\/\/catolicasmexico.com\/blog\/wp-json\/wp\/v2\/posts\/93\/revisions"}],"predecessor-version":[{"id":4729,"href":"http:\/\/catolicasmexico.com\/blog\/wp-json\/wp\/v2\/posts\/93\/revisions\/4729"}],"wp:featuredmedia":[{"embeddable":true,"href":"http:\/\/catolicasmexico.com\/blog\/wp-json\/wp\/v2\/media\/348"}],"wp:attachment":[{"href":"http:\/\/catolicasmexico.com\/blog\/wp-json\/wp\/v2\/media?parent=93"}],"wp:term":[{"taxonomy":"category","embeddable":true,"href":"http:\/\/catolicasmexico.com\/blog\/wp-json\/wp\/v2\/categories?post=93"},{"taxonomy":"post_tag","embeddable":true,"href":"http:\/\/catolicasmexico.com\/blog\/wp-json\/wp\/v2\/tags?post=93"}],"curies":[{"name":"wp","href":"https:\/\/api.w.org\/{rel}","templated":true}]}}