{"id":88,"date":"2013-04-29T21:06:18","date_gmt":"2013-04-30T02:06:18","guid":{"rendered":"http:\/\/catolicasmexico.com\/blog\/?p=88"},"modified":"2013-04-30T21:21:05","modified_gmt":"2013-05-01T02:21:05","slug":"88","status":"publish","type":"post","link":"http:\/\/catolicasmexico.com\/blog\/88\/","title":{"rendered":"Un juez federal desestimo nueve acusaciones"},"content":{"rendered":"<p><a href=\"http:\/\/catolicasmexico.com\/blog\/wp-content\/uploads\/2013\/04\/kermit-gosnell.jpg\"><img data-attachment-id=\"91\" data-permalink=\"http:\/\/catolicasmexico.com\/blog\/88\/kermit-gosnell\/\" data-orig-file=\"http:\/\/catolicasmexico.com\/blog\/wp-content\/uploads\/2013\/04\/kermit-gosnell.jpg\" data-orig-size=\"496,349\" data-comments-opened=\"1\" data-image-meta=\"{&quot;aperture&quot;:&quot;0&quot;,&quot;credit&quot;:&quot;&quot;,&quot;camera&quot;:&quot;&quot;,&quot;caption&quot;:&quot;&quot;,&quot;created_timestamp&quot;:&quot;0&quot;,&quot;copyright&quot;:&quot;&quot;,&quot;focal_length&quot;:&quot;0&quot;,&quot;iso&quot;:&quot;0&quot;,&quot;shutter_speed&quot;:&quot;0&quot;,&quot;title&quot;:&quot;&quot;,&quot;orientation&quot;:&quot;0&quot;}\" data-image-title=\"kermit-gosnell\" data-image-description=\"\" data-medium-file=\"http:\/\/catolicasmexico.com\/blog\/wp-content\/uploads\/2013\/04\/kermit-gosnell-300x211.jpg\" data-large-file=\"http:\/\/catolicasmexico.com\/blog\/wp-content\/uploads\/2013\/04\/kermit-gosnell.jpg\" class=\"alignnone size-medium wp-image-91\" title=\"kermit-gosnell\" src=\"http:\/\/catolicasmexico.com\/blog\/wp-content\/uploads\/2013\/04\/kermit-gosnell-300x211.jpg\" alt=\"\" width=\"300\" height=\"211\" srcset=\"http:\/\/catolicasmexico.com\/blog\/wp-content\/uploads\/2013\/04\/kermit-gosnell-300x211.jpg 300w, http:\/\/catolicasmexico.com\/blog\/wp-content\/uploads\/2013\/04\/kermit-gosnell-150x150.jpg 150w\" sizes=\"100vw\" \/> <\/a>POR BEN JOHNSON<\/p>\n<p>FILADELFIA, \u00a023 de abril 2014 (<a href=\"http:\/\/lifesitenews.com\/\" target=\"_blank\">LifeSiteNews.com<\/a>\u00a0(traduction CQV)) \u2014 \u00a0Un juez federal desestimo nueve acusaciones &#8211; tres acusaciones de muerte y una acusaci\u00f3n de infanticidio- contra el Dr. de Philadelphia, Kermin Gosnell, en el proceso de esta ma\u00f1ana.<\/p>\n<p>Los periodicos locales, reportaron que el juez rechazo las tres acusaciones de asesinato, una acusaci\u00f3n de infanticidio y cinco acusaciones de abuso de cad\u00e1veres, refiriendose a que el medico,cortaba y guardaba los pies de los bebes abortados , en frascos de la Cl\u00ednica.<\/p>\n<p>Gosnell esta acusado, todav\u00eda de cuatro cargos de asesinato en primer grado por la muerte de los recien nacidos, adem\u00e1s de un asesinato en tercer grado por la muerte de una de sus clientas.<\/p>\n<p>El abogado de la defensa de Gosnell, Jack McMahon, hab\u00eda pedido que las siete acusaciones de asesinato en primer grado fueran rechazadas, en raz\u00f3n de la falta de pruebas, una t\u00e1ctica muy utilizada. Mcmahon, afirma que la fiscal\u00eda no pueden probar que los bebes nacieron vivos.<\/p>\n<p>\u00abEstoy escandalizado que las acusaciones hayan sido rechazadas, declaro Cheryl Sullenger, consejero Pol\u00edtico de la operaci\u00f3n de salvaci\u00f3n .\u00bb Oi el testimonio de tres personas, indicando que los bebes fueron asesinados a sangre fr\u00eda por Gosnell, mientras los bebes gritaban y luchaban por su vida.<\/p>\n<p>En los testimonios presentados hasta ahora, varios ex-empleados de Gosnell contaron como los bebes nac\u00edan vivos y como unos de los colaboradores que no ten\u00edan la formaci\u00f3n indicada, ven\u00eda para quebrar la espina dorsal de los beb\u00e9s.<\/p>\n<p>Los testigos dijeron haber visto bebes vivos que respiraban, otros que se retorc\u00edan, gritando y un caso macabro, agit\u00e1ndose en el w.c. Y tratando \u0111e salir, antes de desaparecer en las manos de Gosnell<\/p>\n<p>El juez, no indic\u00f3 porqu\u00e9 rechaz\u00f3 las nueve acusaciones, seg\u00fan indicaron los periodistas que estaban en la sala de audiencia.<\/p>\n","protected":false},"excerpt":{"rendered":"<p>POR BEN JOHNSON FILADELFIA, \u00a023 de abril 2014 (LifeSiteNews.com\u00a0(traduction CQV)) \u2014 \u00a0Un juez federal desestimo nueve acusaciones &#8211; tres acusaciones de muerte y una acusaci\u00f3n de infanticidio- contra el Dr. de Philadelphia, Kermin Gosnell, en el proceso de esta ma\u00f1ana. Los periodicos locales, reportaron que el juez rechazo las tres acusaciones de asesinato, una acusaci\u00f3n [&hellip;]<\/p>\n","protected":false},"author":2,"featured_media":91,"comment_status":"open","ping_status":"open","sticky":false,"template":"","format":"standard","meta":{"spay_email":"","jetpack_publicize_message":"","jetpack_is_tweetstorm":false},"categories":[9,16],"tags":[],"aioseo_notices":[],"jetpack_featured_media_url":"http:\/\/catolicasmexico.com\/blog\/wp-content\/uploads\/2013\/04\/kermit-gosnell.jpg","jetpack_publicize_connections":[],"jetpack_shortlink":"https:\/\/wp.me\/s3B5XH-88","jetpack-related-posts":[{"id":325,"url":"http:\/\/catolicasmexico.com\/blog\/abortista-gosnell-declarado-culpable-por-el-homicidio-de-tres-bebes\/","url_meta":{"origin":88,"position":0},"title":"Abortista Gosnell, declarado culpable por el homicidio de tres bebes","date":"14 mayo 2013","format":false,"excerpt":"FILADELFIA, 13 May. 13 \/ 05:34 pm (ACI\/EWTN Noticias).- El m\u00e9dico abortista de Filadelfia (Estados Unidos) Kermit Gosnell fue declarado culpable de tres de las cuatro acusaciones de asesinar beb\u00e9s que nacieron vivos tras abortos fallidos. Gosnell, de 72 a\u00f1os, podr\u00eda enfrentar la pena de muerte por las acusaciones de\u2026","rel":"","context":"En \u00abAborto\u00bb","img":{"alt_text":"","src":"","width":0,"height":0},"classes":[]},{"id":353,"url":"http:\/\/catolicasmexico.com\/blog\/abortista-gosnell-es-sentenciado-a-cadena-perpetua\/","url_meta":{"origin":88,"position":1},"title":"Abortista Gosnell es sentenciado a cadena perpetua","date":"15 mayo 2013","format":false,"excerpt":"FILADELFIA, 15 May. 13 \/ 06:13 am (ACI\/EWTN Noticias).- Tras ser condenado por el asesinato de tres beb\u00e9s nacidos vivos, el abortista Kermit Gosnell fue sentenciado el 14 de mayo a dos cadenas perpetuas sin derecho a libertad condicional por dos de las tres acusaciones que enfrent\u00f3. Al no apelar\u2026","rel":"","context":"En \u00abAborto\u00bb","img":{"alt_text":"","src":"https:\/\/i2.wp.com\/catolicasmexico.com\/blog\/wp-content\/uploads\/2013\/05\/image-22.jpeg?resize=350%2C200","width":350,"height":200},"classes":[]},{"id":31,"url":"http:\/\/catolicasmexico.com\/blog\/31\/","url_meta":{"origin":88,"position":2},"title":"Juicio contra el m\u00e9dico Kermit Gosnell","date":"21 abril 2013","format":false,"excerpt":"\u00a0 Filadelfia.12 Abr. 13 \/ 06:37 pm (ACI\/EWTN Noticias).- El juicio contra el m\u00e9dico Kermit Gosnell, acusado de asesinar a beb\u00e9s que sobrevivieron a los abortos tard\u00edos que practic\u00f3 en su cl\u00ednica de Filadelfia, ha destapado el horror del negocio del\u00a0aborto\u00a0con la aparici\u00f3n de fotograf\u00edas de beb\u00e9s decapitados y cuerpos\u2026","rel":"","context":"En \u00abAborto\u00bb","img":{"alt_text":"","src":"https:\/\/i0.wp.com\/catolicasmexico.com\/blog\/wp-content\/uploads\/2013\/04\/image.jpeg?resize=350%2C200","width":350,"height":200},"classes":[]},{"id":4468,"url":"http:\/\/catolicasmexico.com\/blog\/aborto-post-nacimiento-una-juez-dejo-libre-a-una-mujer-que-ahogo-a-su-recien-nacido\/","url_meta":{"origin":88,"position":3},"title":"\u00bfAborto Post nacimiento? Una juez dej\u00f3 libre a una mujer que ahog\u00f3 a su reci\u00e9n nacido\u00a0","date":"13 diciembre 2016","format":false,"excerpt":"Por Steve Weatherbe (LifeSiteNews) - del sitio www.qcv.cq.ca traducido por CM Una mujer que ahog\u00f3 a su reci\u00e9n nacido para poder hacer un examen en la Universidad de Kamloops Thompson Rivers, obtuvo libertad condicional de dos a\u00f1os por una juez provincial, porque la acusada declar\u00f3 que este beb\u00e9 era el\u2026","rel":"","context":"En \u00abAborto\u00bb","img":{"alt_text":"","src":"https:\/\/i1.wp.com\/catolicasmexico.com\/blog\/wp-content\/uploads\/2016\/12\/IMG_1006.jpg?resize=350%2C200","width":350,"height":200},"classes":[]},{"id":41,"url":"http:\/\/catolicasmexico.com\/blog\/41\/","url_meta":{"origin":88,"position":4},"title":"Los horrores del abortorio de Gosnell","date":"23 abril 2013","format":false,"excerpt":"Sigue el juicio contra el aborto convertido en infanticidio en EEUU, los cr\u00edmenes de Kermit Gosnell cada d\u00eda que pasa se muestran m\u00e1s espeluznantes. \u00a0 REDACCI\u00d3N HO.- Una antigua trabajadora del abortorio,\u00a0Kareema Cross, declar\u00f3 en el juicio contra Gosnell, acusado de infanticidio y de provocar la muerte de mujeres, que\u2026","rel":"","context":"En \u00abAborto\u00bb","img":{"alt_text":"","src":"https:\/\/i1.wp.com\/catolicasmexico.com\/blog\/wp-content\/uploads\/2013\/04\/image-4.jpeg?resize=350%2C200","width":350,"height":200},"classes":[]},{"id":4359,"url":"http:\/\/catolicasmexico.com\/blog\/162-centros-de-aborto-en-los-eeuu-asesinan-a-bebes-de-mas-de-20-semanas-de-gestacion\/","url_meta":{"origin":88,"position":5},"title":"162 centros de aborto en los EEUU asesinan a beb\u00e9s de m\u00e1s de 20 semanas de gestaci\u00f3n.","date":"7 abril 2016","format":false,"excerpt":"Cuando el peri\u00f3dico \"Marist\" hizo una encuesta p\u00fablica sobre el aborto tard\u00edo, en noviembre del 2015, los resultados fueron sorprendentes. 81% de los americanos est\u00e1n por la prohibici\u00f3n del aborto despu\u00e9s del primer trimestre del embarazo. 66% de los pro elecci\u00f3n tambi\u00e9n se oponen al aborto en tales condiciones. Considerando\u2026","rel":"","context":"En \u00abAborto\u00bb","img":{"alt_text":"","src":"https:\/\/i0.wp.com\/catolicasmexico.com\/blog\/wp-content\/uploads\/2016\/04\/IMG_0519.jpg?resize=350%2C200","width":350,"height":200},"classes":[]}],"jetpack_likes_enabled":false,"jetpack_sharing_enabled":true,"_links":{"self":[{"href":"http:\/\/catolicasmexico.com\/blog\/wp-json\/wp\/v2\/posts\/88"}],"collection":[{"href":"http:\/\/catolicasmexico.com\/blog\/wp-json\/wp\/v2\/posts"}],"about":[{"href":"http:\/\/catolicasmexico.com\/blog\/wp-json\/wp\/v2\/types\/post"}],"author":[{"embeddable":true,"href":"http:\/\/catolicasmexico.com\/blog\/wp-json\/wp\/v2\/users\/2"}],"replies":[{"embeddable":true,"href":"http:\/\/catolicasmexico.com\/blog\/wp-json\/wp\/v2\/comments?post=88"}],"version-history":[{"count":3,"href":"http:\/\/catolicasmexico.com\/blog\/wp-json\/wp\/v2\/posts\/88\/revisions"}],"predecessor-version":[{"id":124,"href":"http:\/\/catolicasmexico.com\/blog\/wp-json\/wp\/v2\/posts\/88\/revisions\/124"}],"wp:featuredmedia":[{"embeddable":true,"href":"http:\/\/catolicasmexico.com\/blog\/wp-json\/wp\/v2\/media\/91"}],"wp:attachment":[{"href":"http:\/\/catolicasmexico.com\/blog\/wp-json\/wp\/v2\/media?parent=88"}],"wp:term":[{"taxonomy":"category","embeddable":true,"href":"http:\/\/catolicasmexico.com\/blog\/wp-json\/wp\/v2\/categories?post=88"},{"taxonomy":"post_tag","embeddable":true,"href":"http:\/\/catolicasmexico.com\/blog\/wp-json\/wp\/v2\/tags?post=88"}],"curies":[{"name":"wp","href":"https:\/\/api.w.org\/{rel}","templated":true}]}}