{"id":768,"date":"2013-07-02T13:22:37","date_gmt":"2013-07-02T18:22:37","guid":{"rendered":"http:\/\/catolicasmexico.com\/blog\/?p=768"},"modified":"2013-07-06T22:51:04","modified_gmt":"2013-07-07T03:51:04","slug":"los-hombres-y-el-aborto-que-debe-hacer-el-padre","status":"publish","type":"post","link":"http:\/\/catolicasmexico.com\/blog\/los-hombres-y-el-aborto-que-debe-hacer-el-padre\/","title":{"rendered":"Los hombres y el aborto: \u00bfqu\u00e9 debe hacer el padre?"},"content":{"rendered":"<p><a href=\"http:\/\/catolicasmexico.com\/blog\/wp-content\/uploads\/2013\/07\/20130702-142331.jpg\"><img class=\"alignnone size-full\" src=\"http:\/\/catolicasmexico.com\/blog\/wp-content\/uploads\/2013\/07\/20130702-142331.jpg\" alt=\"20130702-142331.jpg\"  \/> <\/a><\/p>\n<p>Publicado por Kristi Burton Brown para Life Action News 5 de Junio de 2013<\/p>\n<p>Resumido y traducido del ingl\u00e9s por Elizabeth de la Teja Bosch para www.catolicasmexico.com<\/p>\n<p>No es un secreto que tanto hombres como mujeres sufren con la decisi\u00f3n del aborto. Y la mayor causa de sufrimiento para los hombres es ser completamente excluidos cuando su novia o esposa decide abortar. Se les dice que eso no es asunto de ellos, pues el cuerpo no les pertenece; pero la gente olvida que el beb\u00e9 s\u00ed es de ellos.<\/p>\n<p>He estado involucrada, en m\u00e1s de una ocasi\u00f3n en situaciones en las cuales el padre del ni\u00f1o trata de impedir el aborto. Estos padres a menudo necesitan consejo, ya que no est\u00e1n seguros de qu\u00e9 hacer. \u00bfTienen alguna opci\u00f3n legal? \u00bfA d\u00f3nde pueden llevar a sus novias o esposas para que oigan otras opiniones, hablen de sus preocupaciones o tengan m\u00e1s informaci\u00f3n? \u00bfC\u00f3mo informarse sobre los detalles del aborto y el desarrollo del beb\u00e9? En todo caso, es mejor estar bien informado cuando se quiere convencer a alguien de cambiar de opini\u00f3n.<\/p>\n<p>Aqu\u00ed les presento algunas opciones para los padres, espero que sean \u00fatiles. Por supuesto, no es una lista exhaustiva, sino una compilaci\u00f3n de ideas que cada hombre debe evaluar para saber cu\u00e1l funcionar\u00eda mejor en su situaci\u00f3n particular. Aunque los padres no pueden tomar la decisi\u00f3n final respecto a si su hijo vivir\u00e1 o no, s\u00ed tienen algunas opciones.<\/p>\n<p>1) Hable del tema<\/p>\n<p>Algunos hombres creen que ser\u00e1n mejores novios o esposos si no dicen nada y dejan que la chica se ocupe de la situaci\u00f3n. Puede estar opuestos al aborto en el plano personal-incluso expresar su punto de vista-pero luego quedarse al margen. No lo haga. El beb\u00e9 es tambi\u00e9n vuestro y en ese momento usted es una de las pocas personas que puede ayudar a salvarlo.<\/p>\n<p>Abortar no salva una relaci\u00f3n, como piensan algunos. De hecho, a menudo crea un problema que no exist\u00eda antes ya que puede llevar a la depresi\u00f3n, la culpa o la ira. Por lo tanto, no se quede en silencio y no desista.<\/p>\n<p>Cuide a su esposa o novia- y ay\u00fadela a encontrar la ayuda y los recursos que necesita- pero defienda a su hijo tambi\u00e9n. No de su permiso para el aborto ni la conduzca a uno. A pesar de todo lo que diga la sociedad, usted tiene el derecho de decir lo que piensa y de defenderlo. Ah, y algo m\u00e1s, la neutralidad no ayuda a nadie. Tome partido por la vida, en una palabra, act\u00fae como un hombre.<\/p>\n<p>2) Est\u00e9 informado<\/p>\n<p>Ya que probablemente usted est\u00e1 intentando que su novia o esposa desista de abortar, es importante estar informado acerca de los fundamentos cient\u00edficos, morales, y filos\u00f3ficos de la defensa de la vida humana. Usted tambi\u00e9n puede dirigirla hacia ciertas fuentes, de modo que ella lea acerca de este tema. Existen investigaciones muy completas que cubren varios aspectos del aborto incluyendo los efectos en la salud mental y f\u00edsica de las mujeres.<\/p>\n<p>Tambi\u00e9n existen im\u00e1genes de ultrasonidos y otras, registros del ritmo card\u00edaco, informaci\u00f3n sobre el desarrollo del feto en varias etapas.<\/p>\n<p>Se puede encontrar una descripci\u00f3n precisa de lo que sucede en dos de las m\u00e1s comunes formas de aborto, la succi\u00f3n y la dilataci\u00f3n y evacuaci\u00f3n. Tambi\u00e9n existen videos en YouTube de un verdadero aborto que muestran al feto intentando alejarse de los instrumentos invasivos. Un dato acerca de este video, el doctor que realiz\u00f3 la intervenci\u00f3n dej\u00f3 de ejercer esta pr\u00e1ctica luego de ver el video pues lo que estaba haciendo le molest\u00f3 profundamente.<\/p>\n<p>3) Sepa donde obtener ayuda y apoyo<\/p>\n<p>Existen centros de ayuda a las embarazadas, los cuales tienen un papel fundamental. All\u00ed pueden orientar a su esposa o novia hacia los recursos necesarios, ya sea servicios m\u00e9dicos, vitaminas prenatales o accesorios para beb\u00e9s, tambi\u00e9n pueden informarla acerca del aborto y sobre el desarrollo fetal. Busque ayuda en centros pro-vida de su comunidad donde alguien pueda escuchar y orientar a su esposa, donde ella sienta que hay personas a las que les importa la vida de su ni\u00f1o.<\/p>\n<p>Muchas mujeres acuden al aborto cuando se sienten abrumadas y desesperadas. Es importante saber que el aborto no resuelve los problemas. No es un \u201cprocedimiento sencillo\u201d que se realiza y se olvida. Por el contrario, tiene sus propias complicaciones que en algunas oportunidades son enormes. Pida a su esposa informarse a trav\u00e9s de historias reales de mujeres que han elegido el aborto, ese paso es muy importante.<\/p>\n<p>4) Verifique sus opciones legales<\/p>\n<p>Recomiendo a cada padre que verifique la opciones a su alcance para obtener una orden de prohibici\u00f3n del aborto. Un abogado pro-vida, puede aconsejar acerca de este tema.<\/p>\n<p>Esta fue mi respuesta al \u00faltimo padre que me pidi\u00f3 consejo:<\/p>\n<p>\u201cSer\u00e9 sincera, la ley no est\u00e1 a menudo a favor de los padres en este asunto, pero creo que siempre vale la pena intentarlo- de ese modo usted hizo verdaderamente todo lo que estaba en sus manos para salvar al ni\u00f1o. Si un abogado le dice no, puede haber otro dispuesto a ayudarlo, a fin de cuentas las leyes no cambiar\u00e1n si no las desafiamos\u201d<\/p>\n<p><a href=\"http:\/\/catolicasmexico.com\/blog\/wp-content\/uploads\/2013\/07\/20130702-142354.jpg\"><img class=\"alignnone size-full\" src=\"http:\/\/catolicasmexico.com\/blog\/wp-content\/uploads\/2013\/07\/20130702-142354.jpg\" alt=\"20130702-142354.jpg\"  \/> <\/a><\/p>\n","protected":false},"excerpt":{"rendered":"<p>Publicado por Kristi Burton Brown para Life Action News 5 de Junio de 2013 Resumido y traducido del ingl\u00e9s por Elizabeth de la Teja Bosch para www.catolicasmexico.com No es un secreto que tanto hombres como mujeres sufren con la decisi\u00f3n del aborto. Y la mayor causa de sufrimiento para los hombres es ser completamente excluidos [&hellip;]<\/p>\n","protected":false},"author":4,"featured_media":3887,"comment_status":"open","ping_status":"open","sticky":false,"template":"","format":"standard","meta":{"spay_email":"","jetpack_publicize_message":"","jetpack_is_tweetstorm":false},"categories":[9],"tags":[718],"aioseo_notices":[],"jetpack_featured_media_url":"http:\/\/catolicasmexico.com\/blog\/wp-content\/uploads\/2015\/07\/20130702-142331.jpg","jetpack_publicize_connections":[],"jetpack_shortlink":"https:\/\/wp.me\/p3B5XH-co","jetpack-related-posts":[{"id":2178,"url":"http:\/\/catolicasmexico.com\/blog\/quien-dice-que-el-diablo-no-existelas-feministas-pro-aborto-agreden-sexualmente-a-los-hombres-en-oracion-que-defendian-la-catedral\/","url_meta":{"origin":768,"position":0},"title":"\u00bfQui\u00e9n dice que el diablo no existe?Las Feministas Pro-aborto agreden sexualmente a los hombres en oraci\u00f3n que defend\u00edan la catedral.","date":"5 diciembre 2013","format":false,"excerpt":"\u00a0 Del sitio www.cqv.qc.ca por Sof\u00eda V\u00e1zquez-Mellado, traducido por www.catolicasmexico.com Buenos Aires, 02 de diciembre de 2013 (LifeSiteNews.com) - extremadamente impactantes las secuencias del video filmado en la ciudad de San Juan en Argentina, que muestra una multitud de feministas, durante una reciente manifestaci\u00f3n , atacando y agrediendo sexualmente a\u2026","rel":"","context":"En \u00abAborto\u00bb","img":{"alt_text":"","src":"https:\/\/i2.wp.com\/catolicasmexico.com\/blog\/wp-content\/uploads\/2013\/12\/20131205-201311.jpg?resize=350%2C200","width":350,"height":200},"classes":[]},{"id":631,"url":"http:\/\/catolicasmexico.com\/blog\/la-legalizacion-del-aborto-esta-detras-de-la-posesion-del-hombre-que-fue-exorcizado-por-el-papa-francisco-afirma-un-exorcista\/","url_meta":{"origin":768,"position":1},"title":"La legalizaci\u00f3n del aborto est\u00e1 detr\u00e1s de la posesi\u00f3n del hombre que fue exorcizado por el Papa Francisco, afirma un exorcista","date":"31 mayo 2013","format":false,"excerpt":"Por Hilary White, corresponsal en Roma. Noticia de\u00a0LifeSiteNews.com Traducci\u00f3n y Redacci\u00f3n libre . Alejandro P. de\u00a0www.catolicasmexico.com Roma, 30 de mayo del 2013 (LifeSiteNews.com) \u2013 Un video que muestra al Papa Francisco realizando un exorcismo improvisado se ha popularizado tanto en el mundo cat\u00f3lico como al exterior y \u00e9sta semana un\u2026","rel":"","context":"En \u00abAborto\u00bb","img":{"alt_text":"","src":"https:\/\/i2.wp.com\/catolicasmexico.com\/blog\/wp-content\/uploads\/2013\/05\/image-30.jpeg?resize=350%2C200","width":350,"height":200},"classes":[]},{"id":4249,"url":"http:\/\/catolicasmexico.com\/blog\/dos-anos-despues-del-nacimiento-de-su-nino-aborto-a-su-hermano-por-nacer\/","url_meta":{"origin":768,"position":2},"title":"Dos a\u00f1os despu\u00e9s del nacimiento de su ni\u00f1o, abort\u00f3 a su hermano por nacer","date":"18 febrero 2016","format":false,"excerpt":"\u00a0 Original de lifenews.com traduccion libre para catolicasmexico.com Hoy en d\u00eda, millones de ni\u00f1os en Am\u00e9rica tienen hermanos o hermanas que nunca conocer\u00e1n a causa del aborto. \u00a0 El hijo de la promotora del aborto Liz Jones es uno de ellos. El blog de Tumblr \"Pregnant, Parenting & Pro-Choice\" (Embarazada,\u2026","rel":"","context":"En \u00abAborto\u00bb","img":{"alt_text":"","src":"https:\/\/i2.wp.com\/catolicasmexico.com\/blog\/wp-content\/uploads\/2016\/02\/lizjones.png?resize=350%2C200","width":350,"height":200},"classes":[]},{"id":1048,"url":"http:\/\/catolicasmexico.com\/blog\/sin-ninguna-duda-las-primeras-feministas-eran-provida\/","url_meta":{"origin":768,"position":3},"title":"Sin ninguna duda las primeras feministas eran provida.","date":"4 julio 2013","format":false,"excerpt":"Del blog de LifeNews. Traducci\u00f3n Monica Y.A. de wwwcatolicasmexico.com Edici\u00f3n libre Alejandro P. de www.catolicasmexico.com \"El aborto es la m\u00e1xima explotaci\u00f3n para las mujeres.\" - Alice Paul Los objetivos del feminismo fueron el derecho a votar, la educaci\u00f3n y el divorcio. Ninguno de ellos demandaba el derecho al aborto -\u2026","rel":"","context":"En \u00abAborto\u00bb","img":{"alt_text":"","src":"","width":0,"height":0},"classes":[]},{"id":3786,"url":"http:\/\/catolicasmexico.com\/blog\/su-marido-queria-un-nino-entonces-ella-aborto-18-veces-antes-de-tener-un-varon\/","url_meta":{"origin":768,"position":4},"title":"Su marido quer\u00eda un ni\u00f1o, entonces ella abort\u00f3 18 veces antes de tener un var\u00f3n","date":"4 junio 2015","format":false,"excerpt":"El aborto selectivo es un problema internacional \u2014 y el fen\u00f3meno es m\u00e1s frecuente en el sudeste asi\u00e1tico. En naciones como China e India, las ni\u00f1as son abortadas rutinariamente porque las costumbres culturales a favorecen a los varones. Vietnam, por desgracia, no es una excepci\u00f3n. \u00a0 Y es all\u00ed donde\u2026","rel":"","context":"En \u00abAborto\u00bb","img":{"alt_text":"","src":"https:\/\/i1.wp.com\/catolicasmexico.com\/blog\/wp-content\/uploads\/2015\/06\/vietnam.jpg?resize=350%2C200","width":350,"height":200},"classes":[]},{"id":4880,"url":"http:\/\/catolicasmexico.com\/blog\/video-satirico-a-favor-del-aborto-algunos-bebes-estarian-mejor-muertos\/","url_meta":{"origin":768,"position":5},"title":"Video sat\u00edrico a favor del aborto: algunos beb\u00e9s estar\u00edan \u201cmejor muertos\u201d","date":"23 septiembre 2019","format":false,"excerpt":"Por Calvin Freiburger - Traducido por Campagne Qu\u00e9bec-Vie. Al espa\u00f1ol CM 26 de agosto de 2019 (LifeSiteNews) - sali\u00f3 un nuevo video pro-vida que combate el argumento de algunos Activistas pro-aborto sobre que algunos beb\u00e9s estar\u00edan\"mejor\" si estos fueran eliminados antes de nacer. Choice For Two, el grupo pro-vida de\u2026","rel":"","context":"Entrada similar","img":{"alt_text":"","src":"https:\/\/i1.wp.com\/catolicasmexico.com\/blog\/wp-content\/uploads\/2019\/09\/76514F9D-5D06-462D-9B10-5040AC9D5B0E.jpeg?resize=350%2C200","width":350,"height":200},"classes":[]}],"jetpack_likes_enabled":false,"jetpack_sharing_enabled":true,"_links":{"self":[{"href":"http:\/\/catolicasmexico.com\/blog\/wp-json\/wp\/v2\/posts\/768"}],"collection":[{"href":"http:\/\/catolicasmexico.com\/blog\/wp-json\/wp\/v2\/posts"}],"about":[{"href":"http:\/\/catolicasmexico.com\/blog\/wp-json\/wp\/v2\/types\/post"}],"author":[{"embeddable":true,"href":"http:\/\/catolicasmexico.com\/blog\/wp-json\/wp\/v2\/users\/4"}],"replies":[{"embeddable":true,"href":"http:\/\/catolicasmexico.com\/blog\/wp-json\/wp\/v2\/comments?post=768"}],"version-history":[{"count":5,"href":"http:\/\/catolicasmexico.com\/blog\/wp-json\/wp\/v2\/posts\/768\/revisions"}],"predecessor-version":[{"id":1107,"href":"http:\/\/catolicasmexico.com\/blog\/wp-json\/wp\/v2\/posts\/768\/revisions\/1107"}],"wp:featuredmedia":[{"embeddable":true,"href":"http:\/\/catolicasmexico.com\/blog\/wp-json\/wp\/v2\/media\/3887"}],"wp:attachment":[{"href":"http:\/\/catolicasmexico.com\/blog\/wp-json\/wp\/v2\/media?parent=768"}],"wp:term":[{"taxonomy":"category","embeddable":true,"href":"http:\/\/catolicasmexico.com\/blog\/wp-json\/wp\/v2\/categories?post=768"},{"taxonomy":"post_tag","embeddable":true,"href":"http:\/\/catolicasmexico.com\/blog\/wp-json\/wp\/v2\/tags?post=768"}],"curies":[{"name":"wp","href":"https:\/\/api.w.org\/{rel}","templated":true}]}}